{"id":3406,"date":"2025-03-12T11:55:00","date_gmt":"2025-03-12T11:55:00","guid":{"rendered":"https:\/\/altisk-karcag.hu\/?p=3406"},"modified":"2025-03-14T11:58:10","modified_gmt":"2025-03-14T11:58:10","slug":"diakjaink-sikerei-az-alkotopalyazaton","status":"publish","type":"post","link":"https:\/\/altisk-karcag.hu\/?p=3406","title":{"rendered":"Di\u00e1kjaink sikerei az alkot\u00f3p\u00e1ly\u00e1zaton"},"content":{"rendered":"\n<p>A Karcagi Kov\u00e1ts Mih\u00e1ly \u00c1ltal\u00e1nos Iskola Kiskulcsosi \u00c1ltal\u00e1nos Iskola 2025.03.11-\u00e9n rendezte meg a III. Veres Henrietta Katalin alkot\u00f3p\u00e1ly\u00e1zat d\u00edjkioszt\u00f3j\u00e1t. A p\u00e1ly\u00e1zatra k\u00f6zel 100 db alkot\u00e1s \u00e9rkezett, melyen sz\u00e9khelyint\u00e9zm\u00e9ny\u00fcnkb\u0151l Nyak\u00f3 Vir\u00e1g 2. oszt\u00e1lyos tanul\u00f3 III. helyezett lett. Felk\u00e9sz\u00edt\u0151je: Szab\u00f3n\u00e9 Sebesty\u00e9n Erika tan\u00edt\u00f3<br>K\u00fcl\u00f6nd\u00edjat kapott: Moln\u00e1r Orsolya 3. oszt\u00e1lyos tanul\u00f3. Felk\u00e9sz\u00edt\u0151je: K\u00e1poszt\u00e1si N\u00f3ra tan\u00edt\u00f3<br>Gratul\u00e1lunk minden d\u00edjazottnak \u00e9s k\u00f6sz\u00f6nj\u00fck a felk\u00e9sz\u00edt\u0151 pedag\u00f3gusok munk\u00e1j\u00e1t!<\/p>\n\n\n\n<figure class=\"wp-block-image size-large is-style-default\"><a href=\"https:\/\/altisk-karcag.hu\/wp-content\/uploads\/2025\/03\/alkoto.jpg\"><img decoding=\"async\" loading=\"lazy\" width=\"899\" height=\"1024\" src=\"https:\/\/altisk-karcag.hu\/wp-content\/uploads\/2025\/03\/alkoto-899x1024.jpg\" alt=\"\" class=\"wp-image-3407\" srcset=\"https:\/\/altisk-karcag.hu\/wp-content\/uploads\/2025\/03\/alkoto-899x1024.jpg 899w, https:\/\/altisk-karcag.hu\/wp-content\/uploads\/2025\/03\/alkoto-263x300.jpg 263w, https:\/\/altisk-karcag.hu\/wp-content\/uploads\/2025\/03\/alkoto-768x875.jpg 768w, https:\/\/altisk-karcag.hu\/wp-content\/uploads\/2025\/03\/alkoto-1348x1536.jpg 1348w, https:\/\/altisk-karcag.hu\/wp-content\/uploads\/2025\/03\/alkoto-307x350.jpg 307w, https:\/\/altisk-karcag.hu\/wp-content\/uploads\/2025\/03\/alkoto.jpg 1797w\" sizes=\"(max-width: 899px) 100vw, 899px\" \/><\/a><\/figure>\n","protected":false},"excerpt":{"rendered":"<p>A Karcagi Kov\u00e1ts Mih\u00e1ly \u00c1ltal\u00e1nos Iskola Kiskulcsosi \u00c1ltal\u00e1nos Iskola 2025.03.11-\u00e9n rendezte meg a III. Veres Henrietta Katalin alkot\u00f3p\u00e1ly\u00e1zat d\u00edjkioszt\u00f3j\u00e1t. A p\u00e1ly\u00e1zatra k\u00f6zel 100 db alkot\u00e1s \u00e9rkezett, melyen sz\u00e9khelyint\u00e9zm\u00e9ny\u00fcnkb\u0151l Nyak\u00f3 Vir\u00e1g 2. oszt\u00e1lyos tanul\u00f3 III. helyezett lett. Felk\u00e9sz\u00edt\u0151je: Szab\u00f3n\u00e9 Sebesty\u00e9n Erika tan\u00edt\u00f3K\u00fcl\u00f6nd\u00edjat kapott: Moln\u00e1r Orsolya 3. oszt\u00e1lyos tanul\u00f3. Felk\u00e9sz\u00edt\u0151je: K\u00e1poszt\u00e1si N\u00f3ra &hellip;<\/p>\n","protected":false},"author":1,"featured_media":0,"comment_status":"closed","ping_status":"closed","sticky":false,"template":"","format":"standard","meta":{"footnotes":""},"categories":[9,10,11],"tags":[],"_links":{"self":[{"href":"https:\/\/altisk-karcag.hu\/index.php?rest_route=\/wp\/v2\/posts\/3406"}],"collection":[{"href":"https:\/\/altisk-karcag.hu\/index.php?rest_route=\/wp\/v2\/posts"}],"about":[{"href":"https:\/\/altisk-karcag.hu\/index.php?rest_route=\/wp\/v2\/types\/post"}],"author":[{"embeddable":true,"href":"https:\/\/altisk-karcag.hu\/index.php?rest_route=\/wp\/v2\/users\/1"}],"replies":[{"embeddable":true,"href":"https:\/\/altisk-karcag.hu\/index.php?rest_route=%2Fwp%2Fv2%2Fcomments&post=3406"}],"version-history":[{"count":1,"href":"https:\/\/altisk-karcag.hu\/index.php?rest_route=\/wp\/v2\/posts\/3406\/revisions"}],"predecessor-version":[{"id":3408,"href":"https:\/\/altisk-karcag.hu\/index.php?rest_route=\/wp\/v2\/posts\/3406\/revisions\/3408"}],"wp:attachment":[{"href":"https:\/\/altisk-karcag.hu\/index.php?rest_route=%2Fwp%2Fv2%2Fmedia&parent=3406"}],"wp:term":[{"taxonomy":"category","embeddable":true,"href":"https:\/\/altisk-karcag.hu\/index.php?rest_route=%2Fwp%2Fv2%2Fcategories&post=3406"},{"taxonomy":"post_tag","embeddable":true,"href":"https:\/\/altisk-karcag.hu\/index.php?rest_route=%2Fwp%2Fv2%2Ftags&post=3406"}],"curies":[{"name":"wp","href":"https:\/\/api.w.org\/{rel}","templated":true}]}}