{"id":3398,"date":"2025-03-06T11:44:16","date_gmt":"2025-03-06T11:44:16","guid":{"rendered":"https:\/\/altisk-karcag.hu\/?p=3398"},"modified":"2025-03-14T11:53:34","modified_gmt":"2025-03-14T11:53:34","slug":"arany-janosra-emlekezve-varosi-versmondo-verseny","status":"publish","type":"post","link":"https:\/\/altisk-karcag.hu\/?p=3398","title":{"rendered":"&#8222;Arany J\u00e1nosra eml\u00e9kezve&#8221; v\u00e1rosi versmond\u00f3 verseny"},"content":{"rendered":"\n<p>A Karcagi Kov\u00e1ts Mih\u00e1ly \u00c1ltal\u00e1nos Iskola 2025. m\u00e1rcius 4-\u00e9n rendezte &#8222;Arany J\u00e1nosra eml\u00e9kezve&#8221; v\u00e1rosi versmond\u00f3 verseny\u00e9t. Fontosnak tartjuk Arany J\u00e1nos kultur\u00e1lis \u00f6r\u00f6ks\u00e9geinek \u00e1pol\u00e1s\u00e1t int\u00e9zm\u00e9ny\u00fcnkben.<br>&#8222;Minden sz\u00e1l hozz\u00e1 vezetett, \u00e9s minden sz\u00e1l t\u0151le vezet, a magyar szellemi \u00e9let\u00e9nek \u0151 a sug\u00e1rz\u00e1si k\u00f6zpontja.&#8221; \/Szerb Antal\/<\/p>\n\n\n\n<p>Helyezettek:<\/p>\n\n\n\n<p>I. korcsoport (1-2. oszt\u00e1ly)<\/p>\n\n\n\n<ol>\n<li>helyezett: Gyarmati Kitti (Karcagi Nagykun Reform\u00e1tus \u00c1ltal\u00e1nos Iskola \u00e9s Talentum \u00d3voda)<\/li>\n\n\n\n<li>helyezett: Hajas Luca Kincs\u0151 (Karcagi Nagykun Reform\u00e1tus \u00c1ltal\u00e1nos Iskola \u00e9s Talentum \u00d3voda)<\/li>\n\n\n\n<li>helyezett: Kis L\u00e1szl\u00f3 Ferenc (Szent P\u00e1l Marista \u00c1ltal\u00e1nos Iskola)<br>K\u00fcl\u00f6nd\u00edj: Bir\u00f3 Patrik (Karcagi Nagykun Reform\u00e1tus \u00c1ltal\u00e1nos Iskola \u00e9s Talentum \u00d3voda)<\/li>\n<\/ol>\n\n\n\n<p>II. korcsoport (3-4. oszt\u00e1ly)<\/p>\n\n\n\n<ol>\n<li>helyezett: Fazekas Anna (Karcagi Nagykun Reform\u00e1tus \u00c1ltal\u00e1nos Iskola \u00e9s Talentum \u00d3voda)<\/li>\n\n\n\n<li>helyezett: Gyarmati Amira (Karcagi Nagykun Reform\u00e1tus \u00c1ltal\u00e1nos Iskola \u00e9s Talentum \u00d3voda)<\/li>\n\n\n\n<li>helyezett: Szab\u00f3 Berta (Karcagi Nagykun Reform\u00e1tus \u00c1ltal\u00e1nos Iskola \u00e9s Talentum \u00d3voda)<br>K\u00fcl\u00f6nd\u00edj: Gy\u00f6rfi G\u00e1bor Marcell (Karcagi Nagykun Reform\u00e1tus \u00c1ltal\u00e1nos Iskola \u00e9s Talentum \u00d3voda)<\/li>\n<\/ol>\n\n\n\n<p>III. korcsoport (5-6. oszt\u00e1ly)<\/p>\n\n\n\n<ol>\n<li>helyezett: Kundra Hanna (Karcagi Nagykun Reform\u00e1tus \u00c1ltal\u00e1nos Iskola \u00e9s Talentum \u00d3voda)<\/li>\n\n\n\n<li>helyezett: Kis Lia (Gy\u00f6rffy Istv\u00e1n Katolikus \u00c1ltal\u00e1nos Iskola \u00e9s Szent Erzs\u00e9bet \u00d3voda)<\/li>\n\n\n\n<li>helyezett: T\u00f3th Vikt\u00f3ria ( Karcagi Kov\u00e1ts Mih\u00e1ly \u00c1ltal\u00e1nos Iskola Kiskulcsosi \u00c1ltal\u00e1nos Iskol\u00e1ja)<br>K\u00fcl\u00f6nd\u00edj: Gyulai Vikt\u00f3ria (Karcagi Nagykun Reform\u00e1tus \u00c1ltal\u00e1nos Iskola \u00e9s Talentum \u00d3voda)<\/li>\n<\/ol>\n\n\n\n<p>Gratul\u00e1lunk minden d\u00edjazottnak \u00e9s k\u00f6sz\u00f6nj\u00fck a felk\u00e9sz\u00edt\u0151k \u00e9s zs\u0171ri munk\u00e1j\u00e1t!<\/p>\n\n\n\n<figure class=\"wp-block-gallery has-nested-images columns-default is-cropped wp-block-gallery-1 is-layout-flex wp-block-gallery-is-layout-flex\">\n<figure class=\"wp-block-image size-large is-style-default\"><a href=\"https:\/\/altisk-karcag.hu\/wp-content\/uploads\/2025\/03\/01-1.jpg\"><img decoding=\"async\" loading=\"lazy\" width=\"1024\" height=\"683\" data-id=\"3400\" src=\"https:\/\/altisk-karcag.hu\/wp-content\/uploads\/2025\/03\/01-1-1024x683.jpg\" alt=\"\" class=\"wp-image-3400\" srcset=\"https:\/\/altisk-karcag.hu\/wp-content\/uploads\/2025\/03\/01-1-1024x683.jpg 1024w, https:\/\/altisk-karcag.hu\/wp-content\/uploads\/2025\/03\/01-1-300x200.jpg 300w, https:\/\/altisk-karcag.hu\/wp-content\/uploads\/2025\/03\/01-1-768x512.jpg 768w, https:\/\/altisk-karcag.hu\/wp-content\/uploads\/2025\/03\/01-1-1536x1024.jpg 1536w, https:\/\/altisk-karcag.hu\/wp-content\/uploads\/2025\/03\/01-1-525x350.jpg 525w, https:\/\/altisk-karcag.hu\/wp-content\/uploads\/2025\/03\/01-1.jpg 2048w\" sizes=\"(max-width: 1024px) 100vw, 1024px\" \/><\/a><\/figure>\n\n\n\n<figure class=\"wp-block-image size-large is-style-default\"><a href=\"https:\/\/altisk-karcag.hu\/wp-content\/uploads\/2025\/03\/02-1.jpg\"><img decoding=\"async\" loading=\"lazy\" width=\"1024\" height=\"683\" data-id=\"3404\" src=\"https:\/\/altisk-karcag.hu\/wp-content\/uploads\/2025\/03\/02-1-1024x683.jpg\" alt=\"\" class=\"wp-image-3404\" srcset=\"https:\/\/altisk-karcag.hu\/wp-content\/uploads\/2025\/03\/02-1-1024x683.jpg 1024w, https:\/\/altisk-karcag.hu\/wp-content\/uploads\/2025\/03\/02-1-300x200.jpg 300w, https:\/\/altisk-karcag.hu\/wp-content\/uploads\/2025\/03\/02-1-768x512.jpg 768w, https:\/\/altisk-karcag.hu\/wp-content\/uploads\/2025\/03\/02-1-1536x1024.jpg 1536w, https:\/\/altisk-karcag.hu\/wp-content\/uploads\/2025\/03\/02-1-525x350.jpg 525w, https:\/\/altisk-karcag.hu\/wp-content\/uploads\/2025\/03\/02-1.jpg 2048w\" sizes=\"(max-width: 1024px) 100vw, 1024px\" \/><\/a><\/figure>\n\n\n\n<figure class=\"wp-block-image size-large is-style-default\"><a href=\"https:\/\/altisk-karcag.hu\/wp-content\/uploads\/2025\/03\/03-1.jpg\"><img decoding=\"async\" loading=\"lazy\" width=\"1024\" height=\"683\" data-id=\"3402\" src=\"https:\/\/altisk-karcag.hu\/wp-content\/uploads\/2025\/03\/03-1-1024x683.jpg\" alt=\"\" class=\"wp-image-3402\" srcset=\"https:\/\/altisk-karcag.hu\/wp-content\/uploads\/2025\/03\/03-1-1024x683.jpg 1024w, https:\/\/altisk-karcag.hu\/wp-content\/uploads\/2025\/03\/03-1-300x200.jpg 300w, https:\/\/altisk-karcag.hu\/wp-content\/uploads\/2025\/03\/03-1-768x512.jpg 768w, https:\/\/altisk-karcag.hu\/wp-content\/uploads\/2025\/03\/03-1-1536x1024.jpg 1536w, https:\/\/altisk-karcag.hu\/wp-content\/uploads\/2025\/03\/03-1-525x350.jpg 525w, https:\/\/altisk-karcag.hu\/wp-content\/uploads\/2025\/03\/03-1.jpg 2048w\" sizes=\"(max-width: 1024px) 100vw, 1024px\" \/><\/a><\/figure>\n\n\n\n<figure class=\"wp-block-image size-large is-style-default\"><a href=\"https:\/\/altisk-karcag.hu\/wp-content\/uploads\/2025\/03\/04.jpg\"><img decoding=\"async\" loading=\"lazy\" width=\"1024\" height=\"683\" data-id=\"3399\" src=\"https:\/\/altisk-karcag.hu\/wp-content\/uploads\/2025\/03\/04-1024x683.jpg\" alt=\"\" class=\"wp-image-3399\" srcset=\"https:\/\/altisk-karcag.hu\/wp-content\/uploads\/2025\/03\/04-1024x683.jpg 1024w, https:\/\/altisk-karcag.hu\/wp-content\/uploads\/2025\/03\/04-300x200.jpg 300w, https:\/\/altisk-karcag.hu\/wp-content\/uploads\/2025\/03\/04-768x512.jpg 768w, https:\/\/altisk-karcag.hu\/wp-content\/uploads\/2025\/03\/04-1536x1024.jpg 1536w, https:\/\/altisk-karcag.hu\/wp-content\/uploads\/2025\/03\/04-525x350.jpg 525w, https:\/\/altisk-karcag.hu\/wp-content\/uploads\/2025\/03\/04.jpg 2048w\" sizes=\"(max-width: 1024px) 100vw, 1024px\" \/><\/a><\/figure>\n\n\n\n<figure class=\"wp-block-image size-large is-style-default\"><a href=\"https:\/\/altisk-karcag.hu\/wp-content\/uploads\/2025\/03\/05.jpg\"><img decoding=\"async\" loading=\"lazy\" width=\"1024\" height=\"683\" data-id=\"3403\" src=\"https:\/\/altisk-karcag.hu\/wp-content\/uploads\/2025\/03\/05-1024x683.jpg\" alt=\"\" class=\"wp-image-3403\" srcset=\"https:\/\/altisk-karcag.hu\/wp-content\/uploads\/2025\/03\/05-1024x683.jpg 1024w, https:\/\/altisk-karcag.hu\/wp-content\/uploads\/2025\/03\/05-300x200.jpg 300w, https:\/\/altisk-karcag.hu\/wp-content\/uploads\/2025\/03\/05-768x512.jpg 768w, https:\/\/altisk-karcag.hu\/wp-content\/uploads\/2025\/03\/05-1536x1024.jpg 1536w, https:\/\/altisk-karcag.hu\/wp-content\/uploads\/2025\/03\/05-525x350.jpg 525w, https:\/\/altisk-karcag.hu\/wp-content\/uploads\/2025\/03\/05.jpg 2048w\" sizes=\"(max-width: 1024px) 100vw, 1024px\" \/><\/a><\/figure>\n\n\n\n<figure class=\"wp-block-image size-large is-style-default\"><a href=\"https:\/\/altisk-karcag.hu\/wp-content\/uploads\/2025\/03\/06.jpg\"><img decoding=\"async\" loading=\"lazy\" width=\"1024\" height=\"683\" data-id=\"3401\" src=\"https:\/\/altisk-karcag.hu\/wp-content\/uploads\/2025\/03\/06-1024x683.jpg\" alt=\"\" class=\"wp-image-3401\" srcset=\"https:\/\/altisk-karcag.hu\/wp-content\/uploads\/2025\/03\/06-1024x683.jpg 1024w, https:\/\/altisk-karcag.hu\/wp-content\/uploads\/2025\/03\/06-300x200.jpg 300w, https:\/\/altisk-karcag.hu\/wp-content\/uploads\/2025\/03\/06-768x512.jpg 768w, https:\/\/altisk-karcag.hu\/wp-content\/uploads\/2025\/03\/06-1536x1024.jpg 1536w, https:\/\/altisk-karcag.hu\/wp-content\/uploads\/2025\/03\/06-525x350.jpg 525w, https:\/\/altisk-karcag.hu\/wp-content\/uploads\/2025\/03\/06.jpg 2048w\" sizes=\"(max-width: 1024px) 100vw, 1024px\" \/><\/a><\/figure>\n<\/figure>\n","protected":false},"excerpt":{"rendered":"<p>A Karcagi Kov\u00e1ts Mih\u00e1ly \u00c1ltal\u00e1nos Iskola 2025. m\u00e1rcius 4-\u00e9n rendezte &#8222;Arany J\u00e1nosra eml\u00e9kezve&#8221; v\u00e1rosi versmond\u00f3 verseny\u00e9t. Fontosnak tartjuk Arany J\u00e1nos kultur\u00e1lis \u00f6r\u00f6ks\u00e9geinek \u00e1pol\u00e1s\u00e1t int\u00e9zm\u00e9ny\u00fcnkben.&#8222;Minden sz\u00e1l hozz\u00e1 vezetett, \u00e9s minden sz\u00e1l t\u0151le vezet, a magyar szellemi \u00e9let\u00e9nek \u0151 a sug\u00e1rz\u00e1si k\u00f6zpontja.&#8221; \/Szerb Antal\/ Helyezettek: I. korcsoport (1-2. oszt\u00e1ly) II. korcsoport (3-4. &hellip;<\/p>\n","protected":false},"author":1,"featured_media":0,"comment_status":"closed","ping_status":"closed","sticky":false,"template":"","format":"standard","meta":{"footnotes":""},"categories":[9,10,11],"tags":[],"_links":{"self":[{"href":"https:\/\/altisk-karcag.hu\/index.php?rest_route=\/wp\/v2\/posts\/3398"}],"collection":[{"href":"https:\/\/altisk-karcag.hu\/index.php?rest_route=\/wp\/v2\/posts"}],"about":[{"href":"https:\/\/altisk-karcag.hu\/index.php?rest_route=\/wp\/v2\/types\/post"}],"author":[{"embeddable":true,"href":"https:\/\/altisk-karcag.hu\/index.php?rest_route=\/wp\/v2\/users\/1"}],"replies":[{"embeddable":true,"href":"https:\/\/altisk-karcag.hu\/index.php?rest_route=%2Fwp%2Fv2%2Fcomments&post=3398"}],"version-history":[{"count":1,"href":"https:\/\/altisk-karcag.hu\/index.php?rest_route=\/wp\/v2\/posts\/3398\/revisions"}],"predecessor-version":[{"id":3405,"href":"https:\/\/altisk-karcag.hu\/index.php?rest_route=\/wp\/v2\/posts\/3398\/revisions\/3405"}],"wp:attachment":[{"href":"https:\/\/altisk-karcag.hu\/index.php?rest_route=%2Fwp%2Fv2%2Fmedia&parent=3398"}],"wp:term":[{"taxonomy":"category","embeddable":true,"href":"https:\/\/altisk-karcag.hu\/index.php?rest_route=%2Fwp%2Fv2%2Fcategories&post=3398"},{"taxonomy":"post_tag","embeddable":true,"href":"https:\/\/altisk-karcag.hu\/index.php?rest_route=%2Fwp%2Fv2%2Ftags&post=3398"}],"curies":[{"name":"wp","href":"https:\/\/api.w.org\/{rel}","templated":true}]}}