{"id":3394,"date":"2025-03-07T11:39:20","date_gmt":"2025-03-07T11:39:20","guid":{"rendered":"https:\/\/altisk-karcag.hu\/?p=3394"},"modified":"2025-03-14T11:43:43","modified_gmt":"2025-03-14T11:43:43","slug":"arany-janosra-emlekezve","status":"publish","type":"post","link":"https:\/\/altisk-karcag.hu\/?p=3394","title":{"rendered":"Arany J\u00e1nosra eml\u00e9kezve"},"content":{"rendered":"\n<p>Kiskulcsosi di\u00e1kjainkkal is benevezt\u00fcnk a Karcagi Kov\u00e1ts Mih\u00e1ly \u00c1ltal\u00e1nos Iskola \u00e1ltal meghirdetett Arany J\u00e1nosra eml\u00e9kezve \u2013 v\u00e1rosi versmond\u00f3 versenyre, ahol T\u00f3th Vikt\u00f3ria 5. oszt\u00e1lyos tanul\u00f3nk 3. helyez\u00e9st \u00e9rt el.<br>A zs\u0171ri Eml\u00e9klappal \u00e9rt\u00e9kelte Balogh Blanka \u00c9va, K\u00e1lm\u00e1n Zita 1.o.; Farkas Dzsesszika Vivien 2. o.; Ternov\u00e1n D\u00e1vid, \u00d6kr\u00f6s Patrick 3. o; Hars\u00e1nyi G\u00e1bor, Sipos Bence 4. o. szerepl\u00e9s\u00e9t.<br>Megk\u00f6sz\u00f6nj\u00fck di\u00e1kjainknak a lelkiismeretes felk\u00e9sz\u00fcl\u00e9s\u00fcl\u00e9s\u00e9t, sz\u00ednvonalas versmond\u00e1s\u00e1t,<br>a Kedves Sz\u00fcl\u0151k seg\u00edts\u00e9g\u00e9t, t\u00e1mogat\u00e1s\u00e1t.<\/p>\n\n\n\n<figure class=\"wp-block-image size-full is-resized is-style-default\"><a href=\"https:\/\/altisk-karcag.hu\/wp-content\/uploads\/2025\/03\/Arany1.jpg\"><img decoding=\"async\" loading=\"lazy\" width=\"1024\" height=\"768\" src=\"https:\/\/altisk-karcag.hu\/wp-content\/uploads\/2025\/03\/Arany1.jpg\" alt=\"\" class=\"wp-image-3396\" style=\"aspect-ratio:1.3333333333333333;width:1034px;height:auto\" srcset=\"https:\/\/altisk-karcag.hu\/wp-content\/uploads\/2025\/03\/Arany1.jpg 1024w, https:\/\/altisk-karcag.hu\/wp-content\/uploads\/2025\/03\/Arany1-300x225.jpg 300w, https:\/\/altisk-karcag.hu\/wp-content\/uploads\/2025\/03\/Arany1-768x576.jpg 768w, https:\/\/altisk-karcag.hu\/wp-content\/uploads\/2025\/03\/Arany1-467x350.jpg 467w\" sizes=\"(max-width: 1024px) 100vw, 1024px\" \/><\/a><\/figure>\n\n\n\n<figure class=\"wp-block-image size-large is-style-default\"><a href=\"https:\/\/altisk-karcag.hu\/wp-content\/uploads\/2025\/03\/Arany2.jpg\"><img decoding=\"async\" loading=\"lazy\" width=\"576\" height=\"1024\" src=\"https:\/\/altisk-karcag.hu\/wp-content\/uploads\/2025\/03\/Arany2-576x1024.jpg\" alt=\"\" class=\"wp-image-3395\" srcset=\"https:\/\/altisk-karcag.hu\/wp-content\/uploads\/2025\/03\/Arany2-576x1024.jpg 576w, https:\/\/altisk-karcag.hu\/wp-content\/uploads\/2025\/03\/Arany2-169x300.jpg 169w, https:\/\/altisk-karcag.hu\/wp-content\/uploads\/2025\/03\/Arany2-768x1365.jpg 768w, https:\/\/altisk-karcag.hu\/wp-content\/uploads\/2025\/03\/Arany2-864x1536.jpg 864w, https:\/\/altisk-karcag.hu\/wp-content\/uploads\/2025\/03\/Arany2-197x350.jpg 197w, https:\/\/altisk-karcag.hu\/wp-content\/uploads\/2025\/03\/Arany2.jpg 1152w\" sizes=\"(max-width: 576px) 100vw, 576px\" \/><\/a><\/figure>\n","protected":false},"excerpt":{"rendered":"<p>Kiskulcsosi di\u00e1kjainkkal is benevezt\u00fcnk a Karcagi Kov\u00e1ts Mih\u00e1ly \u00c1ltal\u00e1nos Iskola \u00e1ltal meghirdetett Arany J\u00e1nosra eml\u00e9kezve \u2013 v\u00e1rosi versmond\u00f3 versenyre, ahol T\u00f3th Vikt\u00f3ria 5. oszt\u00e1lyos tanul\u00f3nk 3. helyez\u00e9st \u00e9rt el.A zs\u0171ri Eml\u00e9klappal \u00e9rt\u00e9kelte Balogh Blanka \u00c9va, K\u00e1lm\u00e1n Zita 1.o.; Farkas Dzsesszika Vivien 2. o.; Ternov\u00e1n D\u00e1vid, \u00d6kr\u00f6s Patrick 3. o; Hars\u00e1nyi &hellip;<\/p>\n","protected":false},"author":1,"featured_media":3396,"comment_status":"closed","ping_status":"closed","sticky":false,"template":"","format":"standard","meta":{"footnotes":""},"categories":[9,10],"tags":[],"_links":{"self":[{"href":"https:\/\/altisk-karcag.hu\/index.php?rest_route=\/wp\/v2\/posts\/3394"}],"collection":[{"href":"https:\/\/altisk-karcag.hu\/index.php?rest_route=\/wp\/v2\/posts"}],"about":[{"href":"https:\/\/altisk-karcag.hu\/index.php?rest_route=\/wp\/v2\/types\/post"}],"author":[{"embeddable":true,"href":"https:\/\/altisk-karcag.hu\/index.php?rest_route=\/wp\/v2\/users\/1"}],"replies":[{"embeddable":true,"href":"https:\/\/altisk-karcag.hu\/index.php?rest_route=%2Fwp%2Fv2%2Fcomments&post=3394"}],"version-history":[{"count":1,"href":"https:\/\/altisk-karcag.hu\/index.php?rest_route=\/wp\/v2\/posts\/3394\/revisions"}],"predecessor-version":[{"id":3397,"href":"https:\/\/altisk-karcag.hu\/index.php?rest_route=\/wp\/v2\/posts\/3394\/revisions\/3397"}],"wp:featuredmedia":[{"embeddable":true,"href":"https:\/\/altisk-karcag.hu\/index.php?rest_route=\/wp\/v2\/media\/3396"}],"wp:attachment":[{"href":"https:\/\/altisk-karcag.hu\/index.php?rest_route=%2Fwp%2Fv2%2Fmedia&parent=3394"}],"wp:term":[{"taxonomy":"category","embeddable":true,"href":"https:\/\/altisk-karcag.hu\/index.php?rest_route=%2Fwp%2Fv2%2Fcategories&post=3394"},{"taxonomy":"post_tag","embeddable":true,"href":"https:\/\/altisk-karcag.hu\/index.php?rest_route=%2Fwp%2Fv2%2Ftags&post=3394"}],"curies":[{"name":"wp","href":"https:\/\/api.w.org\/{rel}","templated":true}]}}