{"id":3385,"date":"2025-03-10T11:03:35","date_gmt":"2025-03-10T11:03:35","guid":{"rendered":"https:\/\/altisk-karcag.hu\/?p=3385"},"modified":"2025-03-10T11:03:37","modified_gmt":"2025-03-10T11:03:37","slug":"sikerek-a-curie-kornyezetvedelmi-emlekverseny-teruleti-fordulojan","status":"publish","type":"post","link":"https:\/\/altisk-karcag.hu\/?p=3385","title":{"rendered":"Sikerek a Curie K\u00f6rnyezetv\u00e9delmi Eml\u00e9kverseny ter\u00fcleti fordul\u00f3j\u00e1n"},"content":{"rendered":"\n<p>Febru\u00e1r 24-\u00e9n iskol\u00e1nk 4 csapata r\u00e9szt vett a Curie K\u00f6rnyezetv\u00e9delmi Eml\u00e9kverseny ter\u00fcleti fordul\u00f3j\u00e1n, melynek a Karcagi Nagykun Reform\u00e1tus \u00c1ltal\u00e1nos Iskola \u00e9s Talentum \u00d3voda volt a helysz\u00edne.<br>A verseny c\u00e9lja, hogy a fiatalabb gener\u00e1ci\u00f3 ir\u00e1ny\u00edtottan figyelje meg, ismerje meg k\u00f6rnyezet\u00fcnket, Magyarorsz\u00e1g \u00e9rt\u00e9keit, sz\u00e9ps\u00e9g\u00e9t. Alak\u00edtsa ki k\u00f6rnyezettudatos magatart\u00e1s\u00e1t, legyen ig\u00e9nye a sz\u00e9p \u00e9s tiszta k\u00f6rnyezetre. Fedezze fel a term\u00e9szet alapvet\u0151 t\u00f6rv\u00e9nyeit, \u00e9s ezeket az ismereteket k\u00e9pes legyen a gyakorlatban is alkalmazni.<br>A ter\u00fcleti fordul\u00f3t megel\u0151z\u0151en csapataink 3 feladatlap megold\u00e1s\u00e1val is bizony\u00edtott\u00e1k r\u00e1termetts\u00e9g\u00fcket. \u00d6r\u00f6mmel fogadtuk, hogy megh\u00edv\u00e1st kaptunk a ter\u00fcleti fordul\u00f3ra, ahol egy elm\u00e9leti feladatsort \u00e9s egy k\u00eds\u00e9rletet is el kellett v\u00e9gezni a tanul\u00f3knak.<br>Nagy b\u00fcszkes\u00e9ggel t\u00f6lt el benn\u00fcnket, hogy minden korcsoportban I. helyez\u00e9st \u00e9rtek el di\u00e1kjaink \u00e9s b\u00e1r az orsz\u00e1gos versenyre val\u00f3 megh\u00edv\u00f3t m\u00e9g nem kaptuk meg, b\u00edzunk abba, hogy d\u00f6nt\u0151ben is k\u00e9pviselhetj\u00fck iskol\u00e1nkat, v\u00e1rosunkat.<br>A ter\u00fcleti d\u00f6nt\u0151 eredm\u00e9nyei, a csapat tagjai:<br>3-4. \u00e9vfolyam:<br>I. helyez\u00e9s: \u00d6kr\u00f6s Patrick, Varga Zsombor, T\u00fcd\u0151s Zolt\u00e1n<br>IV. helyez\u00e9s: T\u00f3th Dorina, Gy\u00f6rfi Bence, Nagy D\u00f3ra Anna<br>Felk\u00e9sz\u00edt\u0151 pedag\u00f3gus: Dr. Szab\u00f3n\u00e9 Andr\u00e1si Erika<br>5-6. \u00e9vfolyam:<br>I. helyez\u00e9s : \u00d6kr\u00f6s J\u00e1zmin, Patr\u00edcia, T\u00f3th Bianka Petra<br>7-8. \u00e9vfolyam:<br>I. helyez\u00e9s: S\u00e1nta R\u00e9ka Ol\u00edvia, Bartha Bence, Laczko Levente<br>Felk\u00e9sz\u00edt\u0151 pedag\u00f3gus: Kotriczn\u00e9 Dar\u00f3czi Ir\u00e9n<\/p>\n\n\n\n<figure class=\"wp-block-image size-full is-style-default\"><a href=\"https:\/\/altisk-karcag.hu\/wp-content\/uploads\/2025\/03\/CURIE.jpg\"><img decoding=\"async\" loading=\"lazy\" width=\"567\" height=\"789\" src=\"https:\/\/altisk-karcag.hu\/wp-content\/uploads\/2025\/03\/CURIE.jpg\" alt=\"\" class=\"wp-image-3386\" srcset=\"https:\/\/altisk-karcag.hu\/wp-content\/uploads\/2025\/03\/CURIE.jpg 567w, https:\/\/altisk-karcag.hu\/wp-content\/uploads\/2025\/03\/CURIE-216x300.jpg 216w, https:\/\/altisk-karcag.hu\/wp-content\/uploads\/2025\/03\/CURIE-252x350.jpg 252w\" sizes=\"(max-width: 567px) 100vw, 567px\" \/><\/a><\/figure>\n","protected":false},"excerpt":{"rendered":"<p>Febru\u00e1r 24-\u00e9n iskol\u00e1nk 4 csapata r\u00e9szt vett a Curie K\u00f6rnyezetv\u00e9delmi Eml\u00e9kverseny ter\u00fcleti fordul\u00f3j\u00e1n, melynek a Karcagi Nagykun Reform\u00e1tus \u00c1ltal\u00e1nos Iskola \u00e9s Talentum \u00d3voda volt a helysz\u00edne.A verseny c\u00e9lja, hogy a fiatalabb gener\u00e1ci\u00f3 ir\u00e1ny\u00edtottan figyelje meg, ismerje meg k\u00f6rnyezet\u00fcnket, Magyarorsz\u00e1g \u00e9rt\u00e9keit, sz\u00e9ps\u00e9g\u00e9t. Alak\u00edtsa ki k\u00f6rnyezettudatos magatart\u00e1s\u00e1t, legyen ig\u00e9nye a sz\u00e9p \u00e9s &hellip;<\/p>\n","protected":false},"author":1,"featured_media":0,"comment_status":"closed","ping_status":"closed","sticky":false,"template":"","format":"standard","meta":{"footnotes":""},"categories":[9,10],"tags":[],"_links":{"self":[{"href":"https:\/\/altisk-karcag.hu\/index.php?rest_route=\/wp\/v2\/posts\/3385"}],"collection":[{"href":"https:\/\/altisk-karcag.hu\/index.php?rest_route=\/wp\/v2\/posts"}],"about":[{"href":"https:\/\/altisk-karcag.hu\/index.php?rest_route=\/wp\/v2\/types\/post"}],"author":[{"embeddable":true,"href":"https:\/\/altisk-karcag.hu\/index.php?rest_route=\/wp\/v2\/users\/1"}],"replies":[{"embeddable":true,"href":"https:\/\/altisk-karcag.hu\/index.php?rest_route=%2Fwp%2Fv2%2Fcomments&post=3385"}],"version-history":[{"count":2,"href":"https:\/\/altisk-karcag.hu\/index.php?rest_route=\/wp\/v2\/posts\/3385\/revisions"}],"predecessor-version":[{"id":3388,"href":"https:\/\/altisk-karcag.hu\/index.php?rest_route=\/wp\/v2\/posts\/3385\/revisions\/3388"}],"wp:attachment":[{"href":"https:\/\/altisk-karcag.hu\/index.php?rest_route=%2Fwp%2Fv2%2Fmedia&parent=3385"}],"wp:term":[{"taxonomy":"category","embeddable":true,"href":"https:\/\/altisk-karcag.hu\/index.php?rest_route=%2Fwp%2Fv2%2Fcategories&post=3385"},{"taxonomy":"post_tag","embeddable":true,"href":"https:\/\/altisk-karcag.hu\/index.php?rest_route=%2Fwp%2Fv2%2Ftags&post=3385"}],"curies":[{"name":"wp","href":"https:\/\/api.w.org\/{rel}","templated":true}]}}