{"id":3366,"date":"2025-02-28T11:09:00","date_gmt":"2025-02-28T11:09:00","guid":{"rendered":"https:\/\/altisk-karcag.hu\/?p=3366"},"modified":"2025-03-05T11:14:13","modified_gmt":"2025-03-05T11:14:13","slug":"farsang-a-kovatsban-2","status":"publish","type":"post","link":"https:\/\/altisk-karcag.hu\/?p=3366","title":{"rendered":"Farsang a Kov\u00e1tsban"},"content":{"rendered":"\n<p>A farsangi id\u0151szak v\u00edzkeresztt\u0151l hamvaz\u00f3szerd\u00e1ig tart. A farsang a m\u00f3k\u00e1z\u00e1snak, a vid\u00e1ms\u00e1gnak, a t\u00e1ncos mulatoz\u00e1snak is helyet ad\u00f3 n\u00e9pszok\u00e1s.<br>Fels\u0151 tagozatosaink febru\u00e1r 14-\u00e9n, als\u00f3s di\u00e1kjaink febru\u00e1r 20-\u00e1n tartott\u00e1k Farsangi mulats\u00e1gukat a tornateremben. Mindk\u00e9t d\u00e9lut\u00e1non rengeteg \u00f6tletes, kreat\u00edv jelmezt csod\u00e1lhattunk meg. Csoportos \u00e9s \u00f6n\u00e1ll\u00f3 fell\u00e9p\u00e9ssel is k\u00e9sz\u00fcltek a gyerekek. Am\u00edg a zs\u0171ri visszavonult a d\u00f6nt\u00e9shozatalra, addig \u00e9rt\u00e9kes tombolat\u00e1rgyak tal\u00e1ltak gazd\u00e1ra.<br>Di\u00e1kok \u00e9s a pedag\u00f3gusok is nagyon j\u00f3l \u00e9rezt\u00e9k magukat. K\u00f6sz\u00f6nj\u00fck a pedag\u00f3gusok munk\u00e1j\u00e1t, valamint Hosszu Zsanett D\u00d6K kapcsolattart\u00f3nak a fels\u0151s farsang lebonyol\u00edt\u00e1s\u00e1t; Szab\u00f3n\u00e9 Sebesty\u00e9n Erika tan\u00edt\u00f3n\u0151nek pedig az als\u00f3s farsang megszervez\u00e9s\u00e9t!<\/p>\n\n\n\n<figure class=\"wp-block-gallery has-nested-images columns-default is-cropped wp-block-gallery-1 is-layout-flex wp-block-gallery-is-layout-flex\">\n<figure class=\"wp-block-image size-large is-style-default\"><a href=\"https:\/\/altisk-karcag.hu\/wp-content\/uploads\/2025\/03\/fa10.jpg\"><img decoding=\"async\" loading=\"lazy\" width=\"1024\" height=\"683\" data-id=\"3372\" src=\"https:\/\/altisk-karcag.hu\/wp-content\/uploads\/2025\/03\/fa10-1024x683.jpg\" alt=\"\" class=\"wp-image-3372\" srcset=\"https:\/\/altisk-karcag.hu\/wp-content\/uploads\/2025\/03\/fa10-1024x683.jpg 1024w, https:\/\/altisk-karcag.hu\/wp-content\/uploads\/2025\/03\/fa10-300x200.jpg 300w, https:\/\/altisk-karcag.hu\/wp-content\/uploads\/2025\/03\/fa10-768x512.jpg 768w, https:\/\/altisk-karcag.hu\/wp-content\/uploads\/2025\/03\/fa10-1536x1024.jpg 1536w, https:\/\/altisk-karcag.hu\/wp-content\/uploads\/2025\/03\/fa10-525x350.jpg 525w, https:\/\/altisk-karcag.hu\/wp-content\/uploads\/2025\/03\/fa10.jpg 2048w\" sizes=\"(max-width: 1024px) 100vw, 1024px\" \/><\/a><\/figure>\n\n\n\n<figure class=\"wp-block-image size-large is-style-default\"><a href=\"https:\/\/altisk-karcag.hu\/wp-content\/uploads\/2025\/03\/fa09.jpg\"><img decoding=\"async\" loading=\"lazy\" width=\"1024\" height=\"683\" data-id=\"3376\" src=\"https:\/\/altisk-karcag.hu\/wp-content\/uploads\/2025\/03\/fa09-1024x683.jpg\" alt=\"\" class=\"wp-image-3376\" srcset=\"https:\/\/altisk-karcag.hu\/wp-content\/uploads\/2025\/03\/fa09-1024x683.jpg 1024w, https:\/\/altisk-karcag.hu\/wp-content\/uploads\/2025\/03\/fa09-300x200.jpg 300w, https:\/\/altisk-karcag.hu\/wp-content\/uploads\/2025\/03\/fa09-768x512.jpg 768w, https:\/\/altisk-karcag.hu\/wp-content\/uploads\/2025\/03\/fa09-1536x1024.jpg 1536w, https:\/\/altisk-karcag.hu\/wp-content\/uploads\/2025\/03\/fa09-525x350.jpg 525w, https:\/\/altisk-karcag.hu\/wp-content\/uploads\/2025\/03\/fa09.jpg 2048w\" sizes=\"(max-width: 1024px) 100vw, 1024px\" \/><\/a><\/figure>\n\n\n\n<figure class=\"wp-block-image size-large is-style-default\"><a href=\"https:\/\/altisk-karcag.hu\/wp-content\/uploads\/2025\/03\/fa08.jpg\"><img decoding=\"async\" loading=\"lazy\" width=\"1024\" height=\"575\" data-id=\"3367\" src=\"https:\/\/altisk-karcag.hu\/wp-content\/uploads\/2025\/03\/fa08-1024x575.jpg\" alt=\"\" class=\"wp-image-3367\" srcset=\"https:\/\/altisk-karcag.hu\/wp-content\/uploads\/2025\/03\/fa08-1024x575.jpg 1024w, https:\/\/altisk-karcag.hu\/wp-content\/uploads\/2025\/03\/fa08-300x168.jpg 300w, https:\/\/altisk-karcag.hu\/wp-content\/uploads\/2025\/03\/fa08-768x431.jpg 768w, https:\/\/altisk-karcag.hu\/wp-content\/uploads\/2025\/03\/fa08-1536x863.jpg 1536w, https:\/\/altisk-karcag.hu\/wp-content\/uploads\/2025\/03\/fa08-623x350.jpg 623w, https:\/\/altisk-karcag.hu\/wp-content\/uploads\/2025\/03\/fa08.jpg 2048w\" sizes=\"(max-width: 1024px) 100vw, 1024px\" \/><\/a><\/figure>\n\n\n\n<figure class=\"wp-block-image size-large is-style-default\"><a href=\"https:\/\/altisk-karcag.hu\/wp-content\/uploads\/2025\/03\/fa07.jpg\"><img decoding=\"async\" loading=\"lazy\" width=\"1024\" height=\"575\" data-id=\"3369\" src=\"https:\/\/altisk-karcag.hu\/wp-content\/uploads\/2025\/03\/fa07-1024x575.jpg\" alt=\"\" class=\"wp-image-3369\" srcset=\"https:\/\/altisk-karcag.hu\/wp-content\/uploads\/2025\/03\/fa07-1024x575.jpg 1024w, https:\/\/altisk-karcag.hu\/wp-content\/uploads\/2025\/03\/fa07-300x168.jpg 300w, https:\/\/altisk-karcag.hu\/wp-content\/uploads\/2025\/03\/fa07-768x431.jpg 768w, https:\/\/altisk-karcag.hu\/wp-content\/uploads\/2025\/03\/fa07-1536x863.jpg 1536w, https:\/\/altisk-karcag.hu\/wp-content\/uploads\/2025\/03\/fa07-623x350.jpg 623w, https:\/\/altisk-karcag.hu\/wp-content\/uploads\/2025\/03\/fa07.jpg 2048w\" sizes=\"(max-width: 1024px) 100vw, 1024px\" \/><\/a><\/figure>\n\n\n\n<figure class=\"wp-block-image size-large is-style-default\"><a href=\"https:\/\/altisk-karcag.hu\/wp-content\/uploads\/2025\/03\/fa06.jpg\"><img decoding=\"async\" loading=\"lazy\" width=\"1024\" height=\"575\" data-id=\"3373\" src=\"https:\/\/altisk-karcag.hu\/wp-content\/uploads\/2025\/03\/fa06-1024x575.jpg\" alt=\"\" class=\"wp-image-3373\" srcset=\"https:\/\/altisk-karcag.hu\/wp-content\/uploads\/2025\/03\/fa06-1024x575.jpg 1024w, https:\/\/altisk-karcag.hu\/wp-content\/uploads\/2025\/03\/fa06-300x168.jpg 300w, https:\/\/altisk-karcag.hu\/wp-content\/uploads\/2025\/03\/fa06-768x431.jpg 768w, https:\/\/altisk-karcag.hu\/wp-content\/uploads\/2025\/03\/fa06-1536x863.jpg 1536w, https:\/\/altisk-karcag.hu\/wp-content\/uploads\/2025\/03\/fa06-623x350.jpg 623w, https:\/\/altisk-karcag.hu\/wp-content\/uploads\/2025\/03\/fa06.jpg 2048w\" sizes=\"(max-width: 1024px) 100vw, 1024px\" \/><\/a><\/figure>\n\n\n\n<figure class=\"wp-block-image size-large is-style-default\"><a href=\"https:\/\/altisk-karcag.hu\/wp-content\/uploads\/2025\/03\/fa05.jpg\"><img decoding=\"async\" loading=\"lazy\" width=\"1024\" height=\"575\" data-id=\"3370\" src=\"https:\/\/altisk-karcag.hu\/wp-content\/uploads\/2025\/03\/fa05-1024x575.jpg\" alt=\"\" class=\"wp-image-3370\" srcset=\"https:\/\/altisk-karcag.hu\/wp-content\/uploads\/2025\/03\/fa05-1024x575.jpg 1024w, https:\/\/altisk-karcag.hu\/wp-content\/uploads\/2025\/03\/fa05-300x168.jpg 300w, https:\/\/altisk-karcag.hu\/wp-content\/uploads\/2025\/03\/fa05-768x431.jpg 768w, https:\/\/altisk-karcag.hu\/wp-content\/uploads\/2025\/03\/fa05-1536x863.jpg 1536w, https:\/\/altisk-karcag.hu\/wp-content\/uploads\/2025\/03\/fa05-623x350.jpg 623w, https:\/\/altisk-karcag.hu\/wp-content\/uploads\/2025\/03\/fa05.jpg 2048w\" sizes=\"(max-width: 1024px) 100vw, 1024px\" \/><\/a><\/figure>\n\n\n\n<figure class=\"wp-block-image size-large is-style-default\"><a href=\"https:\/\/altisk-karcag.hu\/wp-content\/uploads\/2025\/03\/fa04.jpg\"><img decoding=\"async\" loading=\"lazy\" width=\"1024\" height=\"575\" data-id=\"3374\" src=\"https:\/\/altisk-karcag.hu\/wp-content\/uploads\/2025\/03\/fa04-1024x575.jpg\" alt=\"\" class=\"wp-image-3374\" srcset=\"https:\/\/altisk-karcag.hu\/wp-content\/uploads\/2025\/03\/fa04-1024x575.jpg 1024w, https:\/\/altisk-karcag.hu\/wp-content\/uploads\/2025\/03\/fa04-300x168.jpg 300w, https:\/\/altisk-karcag.hu\/wp-content\/uploads\/2025\/03\/fa04-768x431.jpg 768w, https:\/\/altisk-karcag.hu\/wp-content\/uploads\/2025\/03\/fa04-1536x863.jpg 1536w, https:\/\/altisk-karcag.hu\/wp-content\/uploads\/2025\/03\/fa04-623x350.jpg 623w, https:\/\/altisk-karcag.hu\/wp-content\/uploads\/2025\/03\/fa04.jpg 2048w\" sizes=\"(max-width: 1024px) 100vw, 1024px\" \/><\/a><\/figure>\n\n\n\n<figure class=\"wp-block-image size-large is-style-default\"><a href=\"https:\/\/altisk-karcag.hu\/wp-content\/uploads\/2025\/03\/fa03.jpg\"><img decoding=\"async\" loading=\"lazy\" width=\"1024\" height=\"575\" data-id=\"3371\" src=\"https:\/\/altisk-karcag.hu\/wp-content\/uploads\/2025\/03\/fa03-1024x575.jpg\" alt=\"\" class=\"wp-image-3371\" srcset=\"https:\/\/altisk-karcag.hu\/wp-content\/uploads\/2025\/03\/fa03-1024x575.jpg 1024w, https:\/\/altisk-karcag.hu\/wp-content\/uploads\/2025\/03\/fa03-300x168.jpg 300w, https:\/\/altisk-karcag.hu\/wp-content\/uploads\/2025\/03\/fa03-768x431.jpg 768w, https:\/\/altisk-karcag.hu\/wp-content\/uploads\/2025\/03\/fa03-1536x863.jpg 1536w, https:\/\/altisk-karcag.hu\/wp-content\/uploads\/2025\/03\/fa03-623x350.jpg 623w, https:\/\/altisk-karcag.hu\/wp-content\/uploads\/2025\/03\/fa03.jpg 2048w\" sizes=\"(max-width: 1024px) 100vw, 1024px\" \/><\/a><\/figure>\n\n\n\n<figure class=\"wp-block-image size-large is-style-default\"><a href=\"https:\/\/altisk-karcag.hu\/wp-content\/uploads\/2025\/03\/fa02.jpg\"><img decoding=\"async\" loading=\"lazy\" width=\"1024\" height=\"575\" data-id=\"3368\" src=\"https:\/\/altisk-karcag.hu\/wp-content\/uploads\/2025\/03\/fa02-1024x575.jpg\" alt=\"\" class=\"wp-image-3368\" srcset=\"https:\/\/altisk-karcag.hu\/wp-content\/uploads\/2025\/03\/fa02-1024x575.jpg 1024w, https:\/\/altisk-karcag.hu\/wp-content\/uploads\/2025\/03\/fa02-300x168.jpg 300w, https:\/\/altisk-karcag.hu\/wp-content\/uploads\/2025\/03\/fa02-768x431.jpg 768w, https:\/\/altisk-karcag.hu\/wp-content\/uploads\/2025\/03\/fa02-1536x863.jpg 1536w, https:\/\/altisk-karcag.hu\/wp-content\/uploads\/2025\/03\/fa02-623x350.jpg 623w, https:\/\/altisk-karcag.hu\/wp-content\/uploads\/2025\/03\/fa02.jpg 2048w\" sizes=\"(max-width: 1024px) 100vw, 1024px\" \/><\/a><\/figure>\n\n\n\n<figure class=\"wp-block-image size-large is-style-default\"><a href=\"https:\/\/altisk-karcag.hu\/wp-content\/uploads\/2025\/03\/fa01.jpg\"><img decoding=\"async\" loading=\"lazy\" width=\"1024\" height=\"575\" data-id=\"3375\" src=\"https:\/\/altisk-karcag.hu\/wp-content\/uploads\/2025\/03\/fa01-1024x575.jpg\" alt=\"\" class=\"wp-image-3375\" srcset=\"https:\/\/altisk-karcag.hu\/wp-content\/uploads\/2025\/03\/fa01-1024x575.jpg 1024w, https:\/\/altisk-karcag.hu\/wp-content\/uploads\/2025\/03\/fa01-300x168.jpg 300w, https:\/\/altisk-karcag.hu\/wp-content\/uploads\/2025\/03\/fa01-768x431.jpg 768w, https:\/\/altisk-karcag.hu\/wp-content\/uploads\/2025\/03\/fa01-1536x863.jpg 1536w, https:\/\/altisk-karcag.hu\/wp-content\/uploads\/2025\/03\/fa01-623x350.jpg 623w, https:\/\/altisk-karcag.hu\/wp-content\/uploads\/2025\/03\/fa01.jpg 2048w\" sizes=\"(max-width: 1024px) 100vw, 1024px\" \/><\/a><\/figure>\n<\/figure>\n","protected":false},"excerpt":{"rendered":"<p>A farsangi id\u0151szak v\u00edzkeresztt\u0151l hamvaz\u00f3szerd\u00e1ig tart. A farsang a m\u00f3k\u00e1z\u00e1snak, a vid\u00e1ms\u00e1gnak, a t\u00e1ncos mulatoz\u00e1snak is helyet ad\u00f3 n\u00e9pszok\u00e1s.Fels\u0151 tagozatosaink febru\u00e1r 14-\u00e9n, als\u00f3s di\u00e1kjaink febru\u00e1r 20-\u00e1n tartott\u00e1k Farsangi mulats\u00e1gukat a tornateremben. Mindk\u00e9t d\u00e9lut\u00e1non rengeteg \u00f6tletes, kreat\u00edv jelmezt csod\u00e1lhattunk meg. Csoportos \u00e9s \u00f6n\u00e1ll\u00f3 fell\u00e9p\u00e9ssel is k\u00e9sz\u00fcltek a gyerekek. Am\u00edg a zs\u0171ri &hellip;<\/p>\n","protected":false},"author":1,"featured_media":3375,"comment_status":"closed","ping_status":"closed","sticky":false,"template":"","format":"standard","meta":{"footnotes":""},"categories":[9,11],"tags":[],"_links":{"self":[{"href":"https:\/\/altisk-karcag.hu\/index.php?rest_route=\/wp\/v2\/posts\/3366"}],"collection":[{"href":"https:\/\/altisk-karcag.hu\/index.php?rest_route=\/wp\/v2\/posts"}],"about":[{"href":"https:\/\/altisk-karcag.hu\/index.php?rest_route=\/wp\/v2\/types\/post"}],"author":[{"embeddable":true,"href":"https:\/\/altisk-karcag.hu\/index.php?rest_route=\/wp\/v2\/users\/1"}],"replies":[{"embeddable":true,"href":"https:\/\/altisk-karcag.hu\/index.php?rest_route=%2Fwp%2Fv2%2Fcomments&post=3366"}],"version-history":[{"count":1,"href":"https:\/\/altisk-karcag.hu\/index.php?rest_route=\/wp\/v2\/posts\/3366\/revisions"}],"predecessor-version":[{"id":3377,"href":"https:\/\/altisk-karcag.hu\/index.php?rest_route=\/wp\/v2\/posts\/3366\/revisions\/3377"}],"wp:featuredmedia":[{"embeddable":true,"href":"https:\/\/altisk-karcag.hu\/index.php?rest_route=\/wp\/v2\/media\/3375"}],"wp:attachment":[{"href":"https:\/\/altisk-karcag.hu\/index.php?rest_route=%2Fwp%2Fv2%2Fmedia&parent=3366"}],"wp:term":[{"taxonomy":"category","embeddable":true,"href":"https:\/\/altisk-karcag.hu\/index.php?rest_route=%2Fwp%2Fv2%2Fcategories&post=3366"},{"taxonomy":"post_tag","embeddable":true,"href":"https:\/\/altisk-karcag.hu\/index.php?rest_route=%2Fwp%2Fv2%2Ftags&post=3366"}],"curies":[{"name":"wp","href":"https:\/\/api.w.org\/{rel}","templated":true}]}}