{"id":3357,"date":"2025-02-27T13:08:00","date_gmt":"2025-02-27T13:08:00","guid":{"rendered":"https:\/\/altisk-karcag.hu\/?p=3357"},"modified":"2025-02-27T13:08:01","modified_gmt":"2025-02-27T13:08:01","slug":"farsang-a-kiskulcsosi-gyerekekkel","status":"publish","type":"post","link":"https:\/\/altisk-karcag.hu\/?p=3357","title":{"rendered":"Farsang a Kiskulcsosi gyerekekkel"},"content":{"rendered":"\n<p>\u201eFarsang fark\u00e1hoz\u201d k\u00f6zeledve mi is igyekezt\u00fcnk hangos sz\u00f3val, zen\u00e9vel, t\u00e1nccal el\u00fcld\u00f6zni a telet.<br>A V\u00edzkereszt ut\u00e1ni id\u0151szakban farsangi d\u00edszbe \u00f6lt\u00f6ztek a folyos\u00f3k, tantermek a Di\u00e1k\u00f6nkorm\u00e1nyzat kezdem\u00e9nyez\u00e9s\u00e9re.<br>Febru\u00e1r 20-\u00e1n reggel vid\u00e1m zene, r\u00e1di\u00f3s kv\u00edz v\u00e1rta a di\u00e1kokat.<br>D\u00e9lel\u0151tt a SZIM \u00f3vod\u00e1sokkal egy\u00fctt jelmezes felvonul\u00e1ssal \u201ehangoskodtak\u201d az als\u00f3 tagozatosaink, egy-egy tan\u00f3r\u00e1n quizizz feladatokat oldottak meg a tanul\u00f3ink.<br>D\u00e9lut\u00e1n kezdet\u00e9t vette a mulats\u00e1g, ahol t\u00f6bb mint 120 jelmezes vonult fel a feld\u00edsz\u00edtett tornateremben.<br>Tort\u00e1t, \u00e9dess\u00e9get kaptak a teremd\u00edsz\u00edt\u0151 verseny r\u00e9sztvev\u0151i, csoki-, cukorkaes\u0151, tombolah\u00faz\u00e1s, jelmezek \u00e9rt\u00e9kel\u00e9se, fantasztikus zene, sok-sok m\u00f3ka sz\u00ednes\u00edtette a programunkat.<br>K\u00f6sz\u00f6n\u00f6m a seg\u00edt\u0151 nevel\u0151knek, a Di\u00e1k\u00f6nkorm\u00e1nyzat k\u00e9pvisel\u0151inek a lelkes munk\u00e1j\u00e1t.<br>Horv\u00e1thn\u00e9 Pandur T\u00fcnde-D\u00d6K seg\u00edt\u0151<\/p>\n\n\n\n<figure class=\"wp-block-gallery has-nested-images columns-default is-cropped wp-block-gallery-1 is-layout-flex wp-block-gallery-is-layout-flex\">\n<figure class=\"wp-block-image size-large is-style-default\"><a href=\"https:\/\/altisk-karcag.hu\/wp-content\/uploads\/2025\/02\/01-5.jpg\"><img decoding=\"async\" loading=\"lazy\" width=\"576\" height=\"1024\" data-id=\"3358\" src=\"https:\/\/altisk-karcag.hu\/wp-content\/uploads\/2025\/02\/01-5.jpg\" alt=\"\" class=\"wp-image-3358\" srcset=\"https:\/\/altisk-karcag.hu\/wp-content\/uploads\/2025\/02\/01-5.jpg 576w, https:\/\/altisk-karcag.hu\/wp-content\/uploads\/2025\/02\/01-5-169x300.jpg 169w, https:\/\/altisk-karcag.hu\/wp-content\/uploads\/2025\/02\/01-5-197x350.jpg 197w\" sizes=\"(max-width: 576px) 100vw, 576px\" \/><\/a><\/figure>\n\n\n\n<figure class=\"wp-block-image size-large is-style-default\"><a href=\"https:\/\/altisk-karcag.hu\/wp-content\/uploads\/2025\/02\/02-5.jpg\"><img decoding=\"async\" loading=\"lazy\" width=\"1024\" height=\"768\" data-id=\"3363\" src=\"https:\/\/altisk-karcag.hu\/wp-content\/uploads\/2025\/02\/02-5-1024x768.jpg\" alt=\"\" class=\"wp-image-3363\" srcset=\"https:\/\/altisk-karcag.hu\/wp-content\/uploads\/2025\/02\/02-5-1024x768.jpg 1024w, https:\/\/altisk-karcag.hu\/wp-content\/uploads\/2025\/02\/02-5-300x225.jpg 300w, https:\/\/altisk-karcag.hu\/wp-content\/uploads\/2025\/02\/02-5-768x576.jpg 768w, https:\/\/altisk-karcag.hu\/wp-content\/uploads\/2025\/02\/02-5-1536x1152.jpg 1536w, https:\/\/altisk-karcag.hu\/wp-content\/uploads\/2025\/02\/02-5-467x350.jpg 467w, https:\/\/altisk-karcag.hu\/wp-content\/uploads\/2025\/02\/02-5.jpg 2048w\" sizes=\"(max-width: 1024px) 100vw, 1024px\" \/><\/a><\/figure>\n\n\n\n<figure class=\"wp-block-image size-large is-style-default\"><a href=\"https:\/\/altisk-karcag.hu\/wp-content\/uploads\/2025\/02\/03-3.jpg\"><img decoding=\"async\" loading=\"lazy\" width=\"1024\" height=\"768\" data-id=\"3362\" src=\"https:\/\/altisk-karcag.hu\/wp-content\/uploads\/2025\/02\/03-3-1024x768.jpg\" alt=\"\" class=\"wp-image-3362\" srcset=\"https:\/\/altisk-karcag.hu\/wp-content\/uploads\/2025\/02\/03-3-1024x768.jpg 1024w, https:\/\/altisk-karcag.hu\/wp-content\/uploads\/2025\/02\/03-3-300x225.jpg 300w, https:\/\/altisk-karcag.hu\/wp-content\/uploads\/2025\/02\/03-3-768x576.jpg 768w, https:\/\/altisk-karcag.hu\/wp-content\/uploads\/2025\/02\/03-3-1536x1152.jpg 1536w, https:\/\/altisk-karcag.hu\/wp-content\/uploads\/2025\/02\/03-3-467x350.jpg 467w, https:\/\/altisk-karcag.hu\/wp-content\/uploads\/2025\/02\/03-3.jpg 2048w\" sizes=\"(max-width: 1024px) 100vw, 1024px\" \/><\/a><\/figure>\n\n\n\n<figure class=\"wp-block-image size-large is-style-default\"><a href=\"https:\/\/altisk-karcag.hu\/wp-content\/uploads\/2025\/02\/04-3.jpg\"><img decoding=\"async\" loading=\"lazy\" width=\"736\" height=\"1000\" data-id=\"3361\" src=\"https:\/\/altisk-karcag.hu\/wp-content\/uploads\/2025\/02\/04-3.jpg\" alt=\"\" class=\"wp-image-3361\" srcset=\"https:\/\/altisk-karcag.hu\/wp-content\/uploads\/2025\/02\/04-3.jpg 736w, https:\/\/altisk-karcag.hu\/wp-content\/uploads\/2025\/02\/04-3-221x300.jpg 221w, https:\/\/altisk-karcag.hu\/wp-content\/uploads\/2025\/02\/04-3-258x350.jpg 258w\" sizes=\"(max-width: 736px) 100vw, 736px\" \/><\/a><\/figure>\n\n\n\n<figure class=\"wp-block-image size-large is-style-default\"><a href=\"https:\/\/altisk-karcag.hu\/wp-content\/uploads\/2025\/02\/05-2.jpg\"><img decoding=\"async\" loading=\"lazy\" width=\"736\" height=\"1000\" data-id=\"3360\" src=\"https:\/\/altisk-karcag.hu\/wp-content\/uploads\/2025\/02\/05-2.jpg\" alt=\"\" class=\"wp-image-3360\" srcset=\"https:\/\/altisk-karcag.hu\/wp-content\/uploads\/2025\/02\/05-2.jpg 736w, https:\/\/altisk-karcag.hu\/wp-content\/uploads\/2025\/02\/05-2-221x300.jpg 221w, https:\/\/altisk-karcag.hu\/wp-content\/uploads\/2025\/02\/05-2-258x350.jpg 258w\" sizes=\"(max-width: 736px) 100vw, 736px\" \/><\/a><\/figure>\n\n\n\n<figure class=\"wp-block-image size-large is-style-default\"><a href=\"https:\/\/altisk-karcag.hu\/wp-content\/uploads\/2025\/02\/06-2.jpg\"><img decoding=\"async\" loading=\"lazy\" width=\"736\" height=\"1000\" data-id=\"3359\" src=\"https:\/\/altisk-karcag.hu\/wp-content\/uploads\/2025\/02\/06-2.jpg\" alt=\"\" class=\"wp-image-3359\" srcset=\"https:\/\/altisk-karcag.hu\/wp-content\/uploads\/2025\/02\/06-2.jpg 736w, https:\/\/altisk-karcag.hu\/wp-content\/uploads\/2025\/02\/06-2-221x300.jpg 221w, https:\/\/altisk-karcag.hu\/wp-content\/uploads\/2025\/02\/06-2-258x350.jpg 258w\" sizes=\"(max-width: 736px) 100vw, 736px\" \/><\/a><\/figure>\n<\/figure>\n","protected":false},"excerpt":{"rendered":"<p>\u201eFarsang fark\u00e1hoz\u201d k\u00f6zeledve mi is igyekezt\u00fcnk hangos sz\u00f3val, zen\u00e9vel, t\u00e1nccal el\u00fcld\u00f6zni a telet.A V\u00edzkereszt ut\u00e1ni id\u0151szakban farsangi d\u00edszbe \u00f6lt\u00f6ztek a folyos\u00f3k, tantermek a Di\u00e1k\u00f6nkorm\u00e1nyzat kezdem\u00e9nyez\u00e9s\u00e9re.Febru\u00e1r 20-\u00e1n reggel vid\u00e1m zene, r\u00e1di\u00f3s kv\u00edz v\u00e1rta a di\u00e1kokat.D\u00e9lel\u0151tt a SZIM \u00f3vod\u00e1sokkal egy\u00fctt jelmezes felvonul\u00e1ssal \u201ehangoskodtak\u201d az als\u00f3 tagozatosaink, egy-egy tan\u00f3r\u00e1n quizizz feladatokat oldottak meg &hellip;<\/p>\n","protected":false},"author":1,"featured_media":3363,"comment_status":"closed","ping_status":"closed","sticky":false,"template":"","format":"standard","meta":{"footnotes":""},"categories":[9,10],"tags":[],"_links":{"self":[{"href":"https:\/\/altisk-karcag.hu\/index.php?rest_route=\/wp\/v2\/posts\/3357"}],"collection":[{"href":"https:\/\/altisk-karcag.hu\/index.php?rest_route=\/wp\/v2\/posts"}],"about":[{"href":"https:\/\/altisk-karcag.hu\/index.php?rest_route=\/wp\/v2\/types\/post"}],"author":[{"embeddable":true,"href":"https:\/\/altisk-karcag.hu\/index.php?rest_route=\/wp\/v2\/users\/1"}],"replies":[{"embeddable":true,"href":"https:\/\/altisk-karcag.hu\/index.php?rest_route=%2Fwp%2Fv2%2Fcomments&post=3357"}],"version-history":[{"count":1,"href":"https:\/\/altisk-karcag.hu\/index.php?rest_route=\/wp\/v2\/posts\/3357\/revisions"}],"predecessor-version":[{"id":3364,"href":"https:\/\/altisk-karcag.hu\/index.php?rest_route=\/wp\/v2\/posts\/3357\/revisions\/3364"}],"wp:featuredmedia":[{"embeddable":true,"href":"https:\/\/altisk-karcag.hu\/index.php?rest_route=\/wp\/v2\/media\/3363"}],"wp:attachment":[{"href":"https:\/\/altisk-karcag.hu\/index.php?rest_route=%2Fwp%2Fv2%2Fmedia&parent=3357"}],"wp:term":[{"taxonomy":"category","embeddable":true,"href":"https:\/\/altisk-karcag.hu\/index.php?rest_route=%2Fwp%2Fv2%2Fcategories&post=3357"},{"taxonomy":"post_tag","embeddable":true,"href":"https:\/\/altisk-karcag.hu\/index.php?rest_route=%2Fwp%2Fv2%2Ftags&post=3357"}],"curies":[{"name":"wp","href":"https:\/\/api.w.org\/{rel}","templated":true}]}}