{"id":3339,"date":"2025-02-18T08:26:00","date_gmt":"2025-02-18T08:26:00","guid":{"rendered":"https:\/\/altisk-karcag.hu\/?p=3339"},"modified":"2025-02-21T08:32:40","modified_gmt":"2025-02-21T08:32:40","slug":"sudoku-hazi-verseny","status":"publish","type":"post","link":"https:\/\/altisk-karcag.hu\/?p=3339","title":{"rendered":"Sudoku h\u00e1zi verseny"},"content":{"rendered":"\n<p>2025.02.18-\u00e1n ker\u00fclt megrendez\u00e9sre int\u00e9zm\u00e9ny\u00fcnkben a Kov\u00e1ts- Tehets\u00e9gpont \u00e1ltal szervezett Sudoku h\u00e1zi verseny, a fels\u0151 tagozatos di\u00e1kok sz\u00e1m\u00e1ra.<br>Helyezettek:<br>             5-6. \u00e9vfolyamon:<\/p>\n\n\n\n<ol>\n<li>helyezett: Tasi K\u00e1lm\u00e1n 6. oszt\u00e1ly<\/li>\n\n\n\n<li>helyezett: Baga B\u00e9la 5.b. oszt\u00e1ly<\/li>\n\n\n\n<li>helyezett: Lakatos \u00c1d\u00e1m 6. oszt\u00e1ly<br>7-8. \u00e9vfolyamon:<\/li>\n\n\n\n<li>helyezett: Galg\u00f3czi Szebaszti\u00e1n 7. oszt\u00e1ly<\/li>\n\n\n\n<li>helyezett: Karlovics Oliv\u00e9r Bence 8. oszt\u00e1ly<\/li>\n\n\n\n<li>helyezett: Kinczel Mariann 7. oszt\u00e1ly<br>Gratul\u00e1lunk minden r\u00e9sztvev\u0151 tanul\u00f3nak!<br>K\u00f6sz\u00f6nj\u00fck sz\u00e9pen Karas Elvira igazgat\u00f3helyettesnek a a program megszervez\u00e9s\u00e9t, J\u00e1vorkai Attila matematika szakos koll\u00e9ga , valamint Bacs\u00f3 Andrea R\u00f3zsa tan\u00e1rn\u0151 seg\u00edt\u0151 munk\u00e1j\u00e1t!<br>Kov\u00e1ts-Tehets\u00e9gpont<\/li>\n<\/ol>\n\n\n\n<figure class=\"wp-block-gallery has-nested-images columns-default is-cropped wp-block-gallery-1 is-layout-flex wp-block-gallery-is-layout-flex\">\n<figure class=\"wp-block-image size-large is-style-default\"><a href=\"https:\/\/altisk-karcag.hu\/wp-content\/uploads\/2025\/02\/01-4.jpg\"><img decoding=\"async\" loading=\"lazy\" width=\"638\" height=\"1024\" data-id=\"3340\" src=\"https:\/\/altisk-karcag.hu\/wp-content\/uploads\/2025\/02\/01-4-638x1024.jpg\" alt=\"\" class=\"wp-image-3340\" srcset=\"https:\/\/altisk-karcag.hu\/wp-content\/uploads\/2025\/02\/01-4-638x1024.jpg 638w, https:\/\/altisk-karcag.hu\/wp-content\/uploads\/2025\/02\/01-4-187x300.jpg 187w, https:\/\/altisk-karcag.hu\/wp-content\/uploads\/2025\/02\/01-4-768x1233.jpg 768w, https:\/\/altisk-karcag.hu\/wp-content\/uploads\/2025\/02\/01-4-957x1536.jpg 957w, https:\/\/altisk-karcag.hu\/wp-content\/uploads\/2025\/02\/01-4-218x350.jpg 218w, https:\/\/altisk-karcag.hu\/wp-content\/uploads\/2025\/02\/01-4.jpg 1276w\" sizes=\"(max-width: 638px) 100vw, 638px\" \/><\/a><\/figure>\n\n\n\n<figure class=\"wp-block-image size-large is-style-default\"><a href=\"https:\/\/altisk-karcag.hu\/wp-content\/uploads\/2025\/02\/02-4.jpg\"><img decoding=\"async\" loading=\"lazy\" width=\"461\" height=\"1024\" data-id=\"3341\" src=\"https:\/\/altisk-karcag.hu\/wp-content\/uploads\/2025\/02\/02-4-461x1024.jpg\" alt=\"\" class=\"wp-image-3341\" srcset=\"https:\/\/altisk-karcag.hu\/wp-content\/uploads\/2025\/02\/02-4-461x1024.jpg 461w, https:\/\/altisk-karcag.hu\/wp-content\/uploads\/2025\/02\/02-4-135x300.jpg 135w, https:\/\/altisk-karcag.hu\/wp-content\/uploads\/2025\/02\/02-4-768x1708.jpg 768w, https:\/\/altisk-karcag.hu\/wp-content\/uploads\/2025\/02\/02-4-691x1536.jpg 691w, https:\/\/altisk-karcag.hu\/wp-content\/uploads\/2025\/02\/02-4-157x350.jpg 157w, https:\/\/altisk-karcag.hu\/wp-content\/uploads\/2025\/02\/02-4.jpg 921w\" sizes=\"(max-width: 461px) 100vw, 461px\" \/><\/a><\/figure>\n\n\n\n<figure class=\"wp-block-image size-large is-style-default\"><a href=\"https:\/\/altisk-karcag.hu\/wp-content\/uploads\/2025\/02\/03-2.jpg\"><img decoding=\"async\" loading=\"lazy\" width=\"461\" height=\"1024\" data-id=\"3343\" src=\"https:\/\/altisk-karcag.hu\/wp-content\/uploads\/2025\/02\/03-2-461x1024.jpg\" alt=\"\" class=\"wp-image-3343\" srcset=\"https:\/\/altisk-karcag.hu\/wp-content\/uploads\/2025\/02\/03-2-461x1024.jpg 461w, https:\/\/altisk-karcag.hu\/wp-content\/uploads\/2025\/02\/03-2-135x300.jpg 135w, https:\/\/altisk-karcag.hu\/wp-content\/uploads\/2025\/02\/03-2-768x1708.jpg 768w, https:\/\/altisk-karcag.hu\/wp-content\/uploads\/2025\/02\/03-2-691x1536.jpg 691w, https:\/\/altisk-karcag.hu\/wp-content\/uploads\/2025\/02\/03-2-157x350.jpg 157w, https:\/\/altisk-karcag.hu\/wp-content\/uploads\/2025\/02\/03-2.jpg 921w\" sizes=\"(max-width: 461px) 100vw, 461px\" \/><\/a><\/figure>\n\n\n\n<figure class=\"wp-block-image size-large is-style-default\"><a href=\"https:\/\/altisk-karcag.hu\/wp-content\/uploads\/2025\/02\/04-2.jpg\"><img decoding=\"async\" loading=\"lazy\" width=\"1024\" height=\"461\" data-id=\"3342\" src=\"https:\/\/altisk-karcag.hu\/wp-content\/uploads\/2025\/02\/04-2-1024x461.jpg\" alt=\"\" class=\"wp-image-3342\" srcset=\"https:\/\/altisk-karcag.hu\/wp-content\/uploads\/2025\/02\/04-2-1024x461.jpg 1024w, https:\/\/altisk-karcag.hu\/wp-content\/uploads\/2025\/02\/04-2-300x135.jpg 300w, https:\/\/altisk-karcag.hu\/wp-content\/uploads\/2025\/02\/04-2-768x345.jpg 768w, https:\/\/altisk-karcag.hu\/wp-content\/uploads\/2025\/02\/04-2-1536x691.jpg 1536w, https:\/\/altisk-karcag.hu\/wp-content\/uploads\/2025\/02\/04-2-778x350.jpg 778w, https:\/\/altisk-karcag.hu\/wp-content\/uploads\/2025\/02\/04-2.jpg 2048w\" sizes=\"(max-width: 1024px) 100vw, 1024px\" \/><\/a><\/figure>\n<\/figure>\n","protected":false},"excerpt":{"rendered":"<p>2025.02.18-\u00e1n ker\u00fclt megrendez\u00e9sre int\u00e9zm\u00e9ny\u00fcnkben a Kov\u00e1ts- Tehets\u00e9gpont \u00e1ltal szervezett Sudoku h\u00e1zi verseny, a fels\u0151 tagozatos di\u00e1kok sz\u00e1m\u00e1ra.Helyezettek: 5-6. \u00e9vfolyamon:<\/p>\n","protected":false},"author":1,"featured_media":3342,"comment_status":"closed","ping_status":"closed","sticky":false,"template":"","format":"standard","meta":{"footnotes":""},"categories":[9,11,1],"tags":[],"_links":{"self":[{"href":"https:\/\/altisk-karcag.hu\/index.php?rest_route=\/wp\/v2\/posts\/3339"}],"collection":[{"href":"https:\/\/altisk-karcag.hu\/index.php?rest_route=\/wp\/v2\/posts"}],"about":[{"href":"https:\/\/altisk-karcag.hu\/index.php?rest_route=\/wp\/v2\/types\/post"}],"author":[{"embeddable":true,"href":"https:\/\/altisk-karcag.hu\/index.php?rest_route=\/wp\/v2\/users\/1"}],"replies":[{"embeddable":true,"href":"https:\/\/altisk-karcag.hu\/index.php?rest_route=%2Fwp%2Fv2%2Fcomments&post=3339"}],"version-history":[{"count":1,"href":"https:\/\/altisk-karcag.hu\/index.php?rest_route=\/wp\/v2\/posts\/3339\/revisions"}],"predecessor-version":[{"id":3344,"href":"https:\/\/altisk-karcag.hu\/index.php?rest_route=\/wp\/v2\/posts\/3339\/revisions\/3344"}],"wp:featuredmedia":[{"embeddable":true,"href":"https:\/\/altisk-karcag.hu\/index.php?rest_route=\/wp\/v2\/media\/3342"}],"wp:attachment":[{"href":"https:\/\/altisk-karcag.hu\/index.php?rest_route=%2Fwp%2Fv2%2Fmedia&parent=3339"}],"wp:term":[{"taxonomy":"category","embeddable":true,"href":"https:\/\/altisk-karcag.hu\/index.php?rest_route=%2Fwp%2Fv2%2Fcategories&post=3339"},{"taxonomy":"post_tag","embeddable":true,"href":"https:\/\/altisk-karcag.hu\/index.php?rest_route=%2Fwp%2Fv2%2Ftags&post=3339"}],"curies":[{"name":"wp","href":"https:\/\/api.w.org\/{rel}","templated":true}]}}