{"id":3335,"date":"2025-02-21T08:25:17","date_gmt":"2025-02-21T08:25:17","guid":{"rendered":"https:\/\/altisk-karcag.hu\/?p=3335"},"modified":"2025-02-21T08:25:18","modified_gmt":"2025-02-21T08:25:18","slug":"english-is-fun","status":"publish","type":"post","link":"https:\/\/altisk-karcag.hu\/?p=3335","title":{"rendered":"English is fun"},"content":{"rendered":"\n<p>English is fun &#8211; kist\u00e9rs\u00e9gi angol nyelvi verseny zajlott 2025.02.13-\u00e1n a Gy\u00f6rffy Istv\u00e1n Katolikus \u00c1ltal\u00e1nos Iskola \u00e9s Szent Erzs\u00e9bet \u00d3vod\u00e1ban. A Gy\u00f6rffy Napok keret\u00e9ben megrendezett versenyen, iskol\u00e1nk fels\u0151s di\u00e1kjai k\u00e9pviseltett\u00e9k magukat.<br>Di\u00e1kjaink mindent megtettek a tisztes helyt\u00e1ll\u00e1s\u00e9rt ezen a sz\u00ednvonalas versenyen.<br>Gratul\u00e1lunk Balogh Rich\u00e1rd Ferenc 5.a, Ramos Dorina \u00e9s Tassi Istv\u00e1n 6.a, Sipos Bal\u00e1zs 7.oszt\u00e1ly, Romsits Zsolt 8.oszt\u00e1lyos tanul\u00f3knak.<br>K\u00f6sz\u00f6nj\u00fck a felk\u00e9sz\u00edt\u0151 pedag\u00f3gus Laz\u00e1nyin\u00e9 B\u00edr\u00f3 Margit tan\u00e1rn\u0151 munk\u00e1j\u00e1t!<\/p>\n\n\n\n<figure class=\"wp-block-gallery has-nested-images columns-default is-cropped wp-block-gallery-1 is-layout-flex wp-block-gallery-is-layout-flex\">\n<figure class=\"wp-block-image size-large is-style-default\"><a href=\"https:\/\/altisk-karcag.hu\/wp-content\/uploads\/2025\/02\/02-3.jpg\"><img decoding=\"async\" loading=\"lazy\" width=\"1024\" height=\"768\" data-id=\"3336\" src=\"https:\/\/altisk-karcag.hu\/wp-content\/uploads\/2025\/02\/02-3-1024x768.jpg\" alt=\"\" class=\"wp-image-3336\" srcset=\"https:\/\/altisk-karcag.hu\/wp-content\/uploads\/2025\/02\/02-3-1024x768.jpg 1024w, https:\/\/altisk-karcag.hu\/wp-content\/uploads\/2025\/02\/02-3-300x225.jpg 300w, https:\/\/altisk-karcag.hu\/wp-content\/uploads\/2025\/02\/02-3-768x576.jpg 768w, https:\/\/altisk-karcag.hu\/wp-content\/uploads\/2025\/02\/02-3-1536x1152.jpg 1536w, https:\/\/altisk-karcag.hu\/wp-content\/uploads\/2025\/02\/02-3-467x350.jpg 467w, https:\/\/altisk-karcag.hu\/wp-content\/uploads\/2025\/02\/02-3.jpg 2048w\" sizes=\"(max-width: 1024px) 100vw, 1024px\" \/><\/a><figcaption class=\"wp-element-caption\">rbt<\/figcaption><\/figure>\n\n\n\n<figure class=\"wp-block-image size-large is-style-default\"><a href=\"https:\/\/altisk-karcag.hu\/wp-content\/uploads\/2025\/02\/01-3.jpg\"><img decoding=\"async\" loading=\"lazy\" width=\"1024\" height=\"768\" data-id=\"3337\" src=\"https:\/\/altisk-karcag.hu\/wp-content\/uploads\/2025\/02\/01-3-1024x768.jpg\" alt=\"\" class=\"wp-image-3337\" srcset=\"https:\/\/altisk-karcag.hu\/wp-content\/uploads\/2025\/02\/01-3-1024x768.jpg 1024w, https:\/\/altisk-karcag.hu\/wp-content\/uploads\/2025\/02\/01-3-300x225.jpg 300w, https:\/\/altisk-karcag.hu\/wp-content\/uploads\/2025\/02\/01-3-768x576.jpg 768w, https:\/\/altisk-karcag.hu\/wp-content\/uploads\/2025\/02\/01-3-1536x1152.jpg 1536w, https:\/\/altisk-karcag.hu\/wp-content\/uploads\/2025\/02\/01-3-467x350.jpg 467w, https:\/\/altisk-karcag.hu\/wp-content\/uploads\/2025\/02\/01-3.jpg 2048w\" sizes=\"(max-width: 1024px) 100vw, 1024px\" \/><\/a><figcaption class=\"wp-element-caption\">rbt<\/figcaption><\/figure>\n<\/figure>\n","protected":false},"excerpt":{"rendered":"<p>English is fun &#8211; kist\u00e9rs\u00e9gi angol nyelvi verseny zajlott 2025.02.13-\u00e1n a Gy\u00f6rffy Istv\u00e1n Katolikus \u00c1ltal\u00e1nos Iskola \u00e9s Szent Erzs\u00e9bet \u00d3vod\u00e1ban. A Gy\u00f6rffy Napok keret\u00e9ben megrendezett versenyen, iskol\u00e1nk fels\u0151s di\u00e1kjai k\u00e9pviseltett\u00e9k magukat.Di\u00e1kjaink mindent megtettek a tisztes helyt\u00e1ll\u00e1s\u00e9rt ezen a sz\u00ednvonalas versenyen.Gratul\u00e1lunk Balogh Rich\u00e1rd Ferenc 5.a, Ramos Dorina \u00e9s Tassi Istv\u00e1n 6.a, &hellip;<\/p>\n","protected":false},"author":1,"featured_media":0,"comment_status":"closed","ping_status":"closed","sticky":false,"template":"","format":"standard","meta":{"footnotes":""},"categories":[9],"tags":[],"_links":{"self":[{"href":"https:\/\/altisk-karcag.hu\/index.php?rest_route=\/wp\/v2\/posts\/3335"}],"collection":[{"href":"https:\/\/altisk-karcag.hu\/index.php?rest_route=\/wp\/v2\/posts"}],"about":[{"href":"https:\/\/altisk-karcag.hu\/index.php?rest_route=\/wp\/v2\/types\/post"}],"author":[{"embeddable":true,"href":"https:\/\/altisk-karcag.hu\/index.php?rest_route=\/wp\/v2\/users\/1"}],"replies":[{"embeddable":true,"href":"https:\/\/altisk-karcag.hu\/index.php?rest_route=%2Fwp%2Fv2%2Fcomments&post=3335"}],"version-history":[{"count":1,"href":"https:\/\/altisk-karcag.hu\/index.php?rest_route=\/wp\/v2\/posts\/3335\/revisions"}],"predecessor-version":[{"id":3338,"href":"https:\/\/altisk-karcag.hu\/index.php?rest_route=\/wp\/v2\/posts\/3335\/revisions\/3338"}],"wp:attachment":[{"href":"https:\/\/altisk-karcag.hu\/index.php?rest_route=%2Fwp%2Fv2%2Fmedia&parent=3335"}],"wp:term":[{"taxonomy":"category","embeddable":true,"href":"https:\/\/altisk-karcag.hu\/index.php?rest_route=%2Fwp%2Fv2%2Fcategories&post=3335"},{"taxonomy":"post_tag","embeddable":true,"href":"https:\/\/altisk-karcag.hu\/index.php?rest_route=%2Fwp%2Fv2%2Ftags&post=3335"}],"curies":[{"name":"wp","href":"https:\/\/api.w.org\/{rel}","templated":true}]}}