{"id":3322,"date":"2025-02-19T14:59:18","date_gmt":"2025-02-19T14:59:18","guid":{"rendered":"https:\/\/altisk-karcag.hu\/?p=3322"},"modified":"2025-02-19T14:59:19","modified_gmt":"2025-02-19T14:59:19","slug":"ovodasok-latogatasa-iskolankban","status":"publish","type":"post","link":"https:\/\/altisk-karcag.hu\/?p=3322","title":{"rendered":"\u00d3vod\u00e1sok l\u00e1togat\u00e1sa iskol\u00e1nkban"},"content":{"rendered":"\n<p>2025. febru\u00e1r 19-\u00e9n iskol\u00e1nkba meg\u00e9rkeztek a Sz\u00e9khely \u00d3voda, a T\u00e1ncsics 19. sz\u00e1m\u00fa \u00f3voda, valamint a Csokonai \u00dati \u00d3voda leend\u0151 els\u0151 oszt\u00e1lyos gyermekei, illetve az \u0151ket k\u00eds\u00e9r\u0151 \u00f3v\u00f3 n\u00e9nik. A gyermekeket h\u00e1rom helysz\u00ednen fogadt\u00e1k a tan\u00edt\u00f3 n\u00e9nik. Ujv\u00e1rosin\u00e9 Hanuszka Katalin tan\u00edt\u00f3n\u0151 az interakt\u00edv t\u00e1bl\u00e1n j\u00e1t\u00e9kos feladatokat mutatott meg a kicsiknek, Szab\u00f3n\u00e9 Sebesty\u00e9n Erika tan\u00edt\u00f3 n\u00e9ni k\u00e9zm\u0171veskedett az \u00f3vod\u00e1sokkal, Urb\u00e1n S\u00e1ndorn\u00e9 Erzsike n\u00e9ni pedig iskolael\u0151k\u00e9sz\u00edt\u0151 feladatokat tartott a leend\u0151 els\u0151 oszt\u00e1lyosoknak. A gyerekek \u00e9s az \u00f3v\u00f3n\u00e9nik is egy vid\u00e1m, kellemes \u00f3r\u00e1t t\u00f6lt\u00f6ttek iskol\u00e1nkban, \u00e9s sz\u00e9p alkot\u00e1sokkal indultak vissza az \u00f3vod\u00e1kba. A program szervez\u0151je, T\u00f3thn\u00e9 Sz\u0171cs Judit megk\u00f6sz\u00f6ni a lebonyol\u00edt\u00e1sban r\u00e9sztvev\u0151k seg\u00edts\u00e9g\u00e9t.<\/p>\n\n\n\n<p><\/p>\n\n\n\n<figure class=\"wp-block-gallery has-nested-images columns-default is-cropped wp-block-gallery-1 is-layout-flex wp-block-gallery-is-layout-flex\">\n<figure class=\"wp-block-image size-large is-style-default\"><a href=\"https:\/\/altisk-karcag.hu\/wp-content\/uploads\/2025\/02\/IMG_7450-scaled.jpg\"><img decoding=\"async\" loading=\"lazy\" width=\"1024\" height=\"683\" data-id=\"3328\" src=\"https:\/\/altisk-karcag.hu\/wp-content\/uploads\/2025\/02\/IMG_7450-1024x683.jpg\" alt=\"\" class=\"wp-image-3328\" srcset=\"https:\/\/altisk-karcag.hu\/wp-content\/uploads\/2025\/02\/IMG_7450-1024x683.jpg 1024w, https:\/\/altisk-karcag.hu\/wp-content\/uploads\/2025\/02\/IMG_7450-300x200.jpg 300w, https:\/\/altisk-karcag.hu\/wp-content\/uploads\/2025\/02\/IMG_7450-768x512.jpg 768w, https:\/\/altisk-karcag.hu\/wp-content\/uploads\/2025\/02\/IMG_7450-1536x1024.jpg 1536w, https:\/\/altisk-karcag.hu\/wp-content\/uploads\/2025\/02\/IMG_7450-2048x1365.jpg 2048w, https:\/\/altisk-karcag.hu\/wp-content\/uploads\/2025\/02\/IMG_7450-525x350.jpg 525w\" sizes=\"(max-width: 1024px) 100vw, 1024px\" \/><\/a><\/figure>\n\n\n\n<figure class=\"wp-block-image size-large is-style-default\"><a href=\"https:\/\/altisk-karcag.hu\/wp-content\/uploads\/2025\/02\/IMG_7453-scaled.jpg\"><img decoding=\"async\" loading=\"lazy\" width=\"1024\" height=\"683\" data-id=\"3323\" src=\"https:\/\/altisk-karcag.hu\/wp-content\/uploads\/2025\/02\/IMG_7453-1024x683.jpg\" alt=\"\" class=\"wp-image-3323\" srcset=\"https:\/\/altisk-karcag.hu\/wp-content\/uploads\/2025\/02\/IMG_7453-1024x683.jpg 1024w, https:\/\/altisk-karcag.hu\/wp-content\/uploads\/2025\/02\/IMG_7453-300x200.jpg 300w, https:\/\/altisk-karcag.hu\/wp-content\/uploads\/2025\/02\/IMG_7453-768x512.jpg 768w, https:\/\/altisk-karcag.hu\/wp-content\/uploads\/2025\/02\/IMG_7453-1536x1024.jpg 1536w, https:\/\/altisk-karcag.hu\/wp-content\/uploads\/2025\/02\/IMG_7453-2048x1365.jpg 2048w, https:\/\/altisk-karcag.hu\/wp-content\/uploads\/2025\/02\/IMG_7453-525x350.jpg 525w\" sizes=\"(max-width: 1024px) 100vw, 1024px\" \/><\/a><\/figure>\n\n\n\n<figure class=\"wp-block-image size-large is-style-default\"><a href=\"https:\/\/altisk-karcag.hu\/wp-content\/uploads\/2025\/02\/IMG_7458-scaled.jpg\"><img decoding=\"async\" loading=\"lazy\" width=\"1024\" height=\"683\" data-id=\"3330\" src=\"https:\/\/altisk-karcag.hu\/wp-content\/uploads\/2025\/02\/IMG_7458-1024x683.jpg\" alt=\"\" class=\"wp-image-3330\" srcset=\"https:\/\/altisk-karcag.hu\/wp-content\/uploads\/2025\/02\/IMG_7458-1024x683.jpg 1024w, https:\/\/altisk-karcag.hu\/wp-content\/uploads\/2025\/02\/IMG_7458-300x200.jpg 300w, https:\/\/altisk-karcag.hu\/wp-content\/uploads\/2025\/02\/IMG_7458-768x512.jpg 768w, https:\/\/altisk-karcag.hu\/wp-content\/uploads\/2025\/02\/IMG_7458-1536x1024.jpg 1536w, https:\/\/altisk-karcag.hu\/wp-content\/uploads\/2025\/02\/IMG_7458-2048x1365.jpg 2048w, https:\/\/altisk-karcag.hu\/wp-content\/uploads\/2025\/02\/IMG_7458-525x350.jpg 525w\" sizes=\"(max-width: 1024px) 100vw, 1024px\" \/><\/a><\/figure>\n\n\n\n<figure class=\"wp-block-image size-large is-style-default\"><a href=\"https:\/\/altisk-karcag.hu\/wp-content\/uploads\/2025\/02\/IMG_7463-scaled.jpg\"><img decoding=\"async\" loading=\"lazy\" width=\"1024\" height=\"683\" data-id=\"3325\" src=\"https:\/\/altisk-karcag.hu\/wp-content\/uploads\/2025\/02\/IMG_7463-1024x683.jpg\" alt=\"\" class=\"wp-image-3325\" srcset=\"https:\/\/altisk-karcag.hu\/wp-content\/uploads\/2025\/02\/IMG_7463-1024x683.jpg 1024w, https:\/\/altisk-karcag.hu\/wp-content\/uploads\/2025\/02\/IMG_7463-300x200.jpg 300w, https:\/\/altisk-karcag.hu\/wp-content\/uploads\/2025\/02\/IMG_7463-768x512.jpg 768w, https:\/\/altisk-karcag.hu\/wp-content\/uploads\/2025\/02\/IMG_7463-1536x1024.jpg 1536w, https:\/\/altisk-karcag.hu\/wp-content\/uploads\/2025\/02\/IMG_7463-2048x1365.jpg 2048w, https:\/\/altisk-karcag.hu\/wp-content\/uploads\/2025\/02\/IMG_7463-525x350.jpg 525w\" sizes=\"(max-width: 1024px) 100vw, 1024px\" \/><\/a><\/figure>\n\n\n\n<figure class=\"wp-block-image size-large is-style-default\"><a href=\"https:\/\/altisk-karcag.hu\/wp-content\/uploads\/2025\/02\/IMG_7466-scaled.jpg\"><img decoding=\"async\" loading=\"lazy\" width=\"1024\" height=\"683\" data-id=\"3327\" src=\"https:\/\/altisk-karcag.hu\/wp-content\/uploads\/2025\/02\/IMG_7466-1024x683.jpg\" alt=\"\" class=\"wp-image-3327\" srcset=\"https:\/\/altisk-karcag.hu\/wp-content\/uploads\/2025\/02\/IMG_7466-1024x683.jpg 1024w, https:\/\/altisk-karcag.hu\/wp-content\/uploads\/2025\/02\/IMG_7466-300x200.jpg 300w, https:\/\/altisk-karcag.hu\/wp-content\/uploads\/2025\/02\/IMG_7466-768x512.jpg 768w, https:\/\/altisk-karcag.hu\/wp-content\/uploads\/2025\/02\/IMG_7466-1536x1024.jpg 1536w, https:\/\/altisk-karcag.hu\/wp-content\/uploads\/2025\/02\/IMG_7466-2048x1365.jpg 2048w, https:\/\/altisk-karcag.hu\/wp-content\/uploads\/2025\/02\/IMG_7466-525x350.jpg 525w\" sizes=\"(max-width: 1024px) 100vw, 1024px\" \/><\/a><\/figure>\n\n\n\n<figure class=\"wp-block-image size-large is-style-default\"><a href=\"https:\/\/altisk-karcag.hu\/wp-content\/uploads\/2025\/02\/IMG_7469-scaled.jpg\"><img decoding=\"async\" loading=\"lazy\" width=\"1024\" height=\"683\" data-id=\"3329\" src=\"https:\/\/altisk-karcag.hu\/wp-content\/uploads\/2025\/02\/IMG_7469-1024x683.jpg\" alt=\"\" class=\"wp-image-3329\" srcset=\"https:\/\/altisk-karcag.hu\/wp-content\/uploads\/2025\/02\/IMG_7469-1024x683.jpg 1024w, https:\/\/altisk-karcag.hu\/wp-content\/uploads\/2025\/02\/IMG_7469-300x200.jpg 300w, https:\/\/altisk-karcag.hu\/wp-content\/uploads\/2025\/02\/IMG_7469-768x512.jpg 768w, https:\/\/altisk-karcag.hu\/wp-content\/uploads\/2025\/02\/IMG_7469-1536x1024.jpg 1536w, https:\/\/altisk-karcag.hu\/wp-content\/uploads\/2025\/02\/IMG_7469-2048x1365.jpg 2048w, https:\/\/altisk-karcag.hu\/wp-content\/uploads\/2025\/02\/IMG_7469-525x350.jpg 525w\" sizes=\"(max-width: 1024px) 100vw, 1024px\" \/><\/a><\/figure>\n\n\n\n<figure class=\"wp-block-image size-large is-style-default\"><a href=\"https:\/\/altisk-karcag.hu\/wp-content\/uploads\/2025\/02\/IMG_7473-scaled.jpg\"><img decoding=\"async\" loading=\"lazy\" width=\"1024\" height=\"683\" data-id=\"3324\" src=\"https:\/\/altisk-karcag.hu\/wp-content\/uploads\/2025\/02\/IMG_7473-1024x683.jpg\" alt=\"\" class=\"wp-image-3324\" srcset=\"https:\/\/altisk-karcag.hu\/wp-content\/uploads\/2025\/02\/IMG_7473-1024x683.jpg 1024w, https:\/\/altisk-karcag.hu\/wp-content\/uploads\/2025\/02\/IMG_7473-300x200.jpg 300w, https:\/\/altisk-karcag.hu\/wp-content\/uploads\/2025\/02\/IMG_7473-768x512.jpg 768w, https:\/\/altisk-karcag.hu\/wp-content\/uploads\/2025\/02\/IMG_7473-1536x1024.jpg 1536w, https:\/\/altisk-karcag.hu\/wp-content\/uploads\/2025\/02\/IMG_7473-2048x1365.jpg 2048w, https:\/\/altisk-karcag.hu\/wp-content\/uploads\/2025\/02\/IMG_7473-525x350.jpg 525w\" sizes=\"(max-width: 1024px) 100vw, 1024px\" \/><\/a><\/figure>\n\n\n\n<figure class=\"wp-block-image size-large is-style-default\"><a href=\"https:\/\/altisk-karcag.hu\/wp-content\/uploads\/2025\/02\/IMG_7477-scaled.jpg\"><img decoding=\"async\" loading=\"lazy\" width=\"1024\" height=\"683\" data-id=\"3331\" src=\"https:\/\/altisk-karcag.hu\/wp-content\/uploads\/2025\/02\/IMG_7477-1024x683.jpg\" alt=\"\" class=\"wp-image-3331\" srcset=\"https:\/\/altisk-karcag.hu\/wp-content\/uploads\/2025\/02\/IMG_7477-1024x683.jpg 1024w, https:\/\/altisk-karcag.hu\/wp-content\/uploads\/2025\/02\/IMG_7477-300x200.jpg 300w, https:\/\/altisk-karcag.hu\/wp-content\/uploads\/2025\/02\/IMG_7477-768x512.jpg 768w, https:\/\/altisk-karcag.hu\/wp-content\/uploads\/2025\/02\/IMG_7477-1536x1024.jpg 1536w, https:\/\/altisk-karcag.hu\/wp-content\/uploads\/2025\/02\/IMG_7477-2048x1365.jpg 2048w, https:\/\/altisk-karcag.hu\/wp-content\/uploads\/2025\/02\/IMG_7477-525x350.jpg 525w\" sizes=\"(max-width: 1024px) 100vw, 1024px\" \/><\/a><\/figure>\n\n\n\n<figure class=\"wp-block-image size-large is-style-default\"><a href=\"https:\/\/altisk-karcag.hu\/wp-content\/uploads\/2025\/02\/IMG_7485-scaled.jpg\"><img decoding=\"async\" loading=\"lazy\" width=\"1024\" height=\"683\" data-id=\"3332\" src=\"https:\/\/altisk-karcag.hu\/wp-content\/uploads\/2025\/02\/IMG_7485-1024x683.jpg\" alt=\"\" class=\"wp-image-3332\" srcset=\"https:\/\/altisk-karcag.hu\/wp-content\/uploads\/2025\/02\/IMG_7485-1024x683.jpg 1024w, https:\/\/altisk-karcag.hu\/wp-content\/uploads\/2025\/02\/IMG_7485-300x200.jpg 300w, https:\/\/altisk-karcag.hu\/wp-content\/uploads\/2025\/02\/IMG_7485-768x512.jpg 768w, https:\/\/altisk-karcag.hu\/wp-content\/uploads\/2025\/02\/IMG_7485-1536x1024.jpg 1536w, https:\/\/altisk-karcag.hu\/wp-content\/uploads\/2025\/02\/IMG_7485-2048x1365.jpg 2048w, https:\/\/altisk-karcag.hu\/wp-content\/uploads\/2025\/02\/IMG_7485-525x350.jpg 525w\" sizes=\"(max-width: 1024px) 100vw, 1024px\" \/><\/a><\/figure>\n\n\n\n<figure class=\"wp-block-image size-large is-style-default\"><a href=\"https:\/\/altisk-karcag.hu\/wp-content\/uploads\/2025\/02\/IMG_7452-scaled.jpg\"><img decoding=\"async\" loading=\"lazy\" width=\"1024\" height=\"683\" data-id=\"3326\" src=\"https:\/\/altisk-karcag.hu\/wp-content\/uploads\/2025\/02\/IMG_7452-1024x683.jpg\" alt=\"\" class=\"wp-image-3326\" srcset=\"https:\/\/altisk-karcag.hu\/wp-content\/uploads\/2025\/02\/IMG_7452-1024x683.jpg 1024w, https:\/\/altisk-karcag.hu\/wp-content\/uploads\/2025\/02\/IMG_7452-300x200.jpg 300w, https:\/\/altisk-karcag.hu\/wp-content\/uploads\/2025\/02\/IMG_7452-768x512.jpg 768w, https:\/\/altisk-karcag.hu\/wp-content\/uploads\/2025\/02\/IMG_7452-1536x1024.jpg 1536w, https:\/\/altisk-karcag.hu\/wp-content\/uploads\/2025\/02\/IMG_7452-2048x1365.jpg 2048w, https:\/\/altisk-karcag.hu\/wp-content\/uploads\/2025\/02\/IMG_7452-525x350.jpg 525w\" sizes=\"(max-width: 1024px) 100vw, 1024px\" \/><\/a><\/figure>\n<\/figure>\n","protected":false},"excerpt":{"rendered":"<p>2025. febru\u00e1r 19-\u00e9n iskol\u00e1nkba meg\u00e9rkeztek a Sz\u00e9khely \u00d3voda, a T\u00e1ncsics 19. sz\u00e1m\u00fa \u00f3voda, valamint a Csokonai \u00dati \u00d3voda leend\u0151 els\u0151 oszt\u00e1lyos gyermekei, illetve az \u0151ket k\u00eds\u00e9r\u0151 \u00f3v\u00f3 n\u00e9nik. A gyermekeket h\u00e1rom helysz\u00ednen fogadt\u00e1k a tan\u00edt\u00f3 n\u00e9nik. Ujv\u00e1rosin\u00e9 Hanuszka Katalin tan\u00edt\u00f3n\u0151 az interakt\u00edv t\u00e1bl\u00e1n j\u00e1t\u00e9kos feladatokat mutatott meg a kicsiknek, Szab\u00f3n\u00e9 &hellip;<\/p>\n","protected":false},"author":1,"featured_media":0,"comment_status":"closed","ping_status":"closed","sticky":false,"template":"","format":"standard","meta":{"footnotes":""},"categories":[9,11],"tags":[],"_links":{"self":[{"href":"https:\/\/altisk-karcag.hu\/index.php?rest_route=\/wp\/v2\/posts\/3322"}],"collection":[{"href":"https:\/\/altisk-karcag.hu\/index.php?rest_route=\/wp\/v2\/posts"}],"about":[{"href":"https:\/\/altisk-karcag.hu\/index.php?rest_route=\/wp\/v2\/types\/post"}],"author":[{"embeddable":true,"href":"https:\/\/altisk-karcag.hu\/index.php?rest_route=\/wp\/v2\/users\/1"}],"replies":[{"embeddable":true,"href":"https:\/\/altisk-karcag.hu\/index.php?rest_route=%2Fwp%2Fv2%2Fcomments&post=3322"}],"version-history":[{"count":2,"href":"https:\/\/altisk-karcag.hu\/index.php?rest_route=\/wp\/v2\/posts\/3322\/revisions"}],"predecessor-version":[{"id":3334,"href":"https:\/\/altisk-karcag.hu\/index.php?rest_route=\/wp\/v2\/posts\/3322\/revisions\/3334"}],"wp:attachment":[{"href":"https:\/\/altisk-karcag.hu\/index.php?rest_route=%2Fwp%2Fv2%2Fmedia&parent=3322"}],"wp:term":[{"taxonomy":"category","embeddable":true,"href":"https:\/\/altisk-karcag.hu\/index.php?rest_route=%2Fwp%2Fv2%2Fcategories&post=3322"},{"taxonomy":"post_tag","embeddable":true,"href":"https:\/\/altisk-karcag.hu\/index.php?rest_route=%2Fwp%2Fv2%2Ftags&post=3322"}],"curies":[{"name":"wp","href":"https:\/\/api.w.org\/{rel}","templated":true}]}}