{"id":3294,"date":"2025-02-04T10:18:51","date_gmt":"2025-02-04T10:18:51","guid":{"rendered":"https:\/\/altisk-karcag.hu\/?p=3294"},"modified":"2025-02-11T10:23:47","modified_gmt":"2025-02-11T10:23:47","slug":"kozepkori-dallamok-varazsa-filharmonia-koncertelmeny","status":"publish","type":"post","link":"https:\/\/altisk-karcag.hu\/?p=3294","title":{"rendered":"K\u00f6z\u00e9pkori dallamok var\u00e1zsa \u2013 Filharm\u00f3nia koncert\u00e9lm\u00e9ny"},"content":{"rendered":"\n<ol start=\"2025\">\n<li>01.31- \u00e9n p\u00e9nteken ker\u00fclt sor a Filharm\u00f3nia Koncertsorozat 2. el\u0151ad\u00e1s\u00e1ra a D\u00e9ryn\u00e9 M\u0171vel\u0151d\u00e9si K\u00f6zpontban. Iskol\u00e1nkb\u00f3l 14 tanul\u00f3, 7 als\u00f3s \u00e9s 7 fels\u0151s \u00e9nekkaros kapott lehet\u0151s\u00e9get a r\u00e9szv\u00e9telre. A Bord\u00f3 S\u00e1rk\u00e1ny zenekar el\u0151ad\u00e1s\u00e1t n\u00e9zhett\u00fck meg. Az egy\u00fcttes k\u00f6z\u00e9pkori vil\u00e1gzen\u00e9t j\u00e1tszik, gyakorta \u00f6tv\u00f6zi autentikus magyar, k\u00f6z\u00e9pkori eur\u00f3pai, saj\u00e1t alkot\u00f3i elk\u00e9pzel\u00e9seivel. Kiv\u00e1l\u00f3 zen\u00e9szek, \u00f6t fiatalember mutatta be nek\u00fcnk k\u00fcl\u00f6nleges hangszereit (koboz, duda, heged\u0171, furulya, citera, dob\u2026) \u00e9s virtu\u00f3z, lend\u00fcletes hangszertud\u00e1s\u00e1t. Remek hangulatot teremtettek, a gyerekeket is bevonva. K\u00edv\u00e1ncsian v\u00e1rjuk a k\u00f6vetkez\u0151, 3. koncertet! K\u00f6sz\u00f6nj\u00fck a lehet\u0151s\u00e9get az Iskolavezet\u00e9snek!<br>K\u00eds\u00e9r\u0151tan\u00e1rok: Patk\u00f3n\u00e9 Erdei Judit, K\u00e1poszt\u00e1si N\u00f3ra pedag\u00f3gusok<\/li>\n<\/ol>\n\n\n\n<figure class=\"wp-block-gallery has-nested-images columns-default is-cropped wp-block-gallery-1 is-layout-flex wp-block-gallery-is-layout-flex\">\n<figure class=\"wp-block-image size-large is-style-default\"><a href=\"https:\/\/altisk-karcag.hu\/wp-content\/uploads\/2025\/02\/02-1.jpg\"><img decoding=\"async\" loading=\"lazy\" width=\"1024\" height=\"766\" data-id=\"3295\" src=\"https:\/\/altisk-karcag.hu\/wp-content\/uploads\/2025\/02\/02-1-1024x766.jpg\" alt=\"\" class=\"wp-image-3295\" srcset=\"https:\/\/altisk-karcag.hu\/wp-content\/uploads\/2025\/02\/02-1-1024x766.jpg 1024w, https:\/\/altisk-karcag.hu\/wp-content\/uploads\/2025\/02\/02-1-300x224.jpg 300w, https:\/\/altisk-karcag.hu\/wp-content\/uploads\/2025\/02\/02-1-768x574.jpg 768w, https:\/\/altisk-karcag.hu\/wp-content\/uploads\/2025\/02\/02-1-1536x1148.jpg 1536w, https:\/\/altisk-karcag.hu\/wp-content\/uploads\/2025\/02\/02-1-468x350.jpg 468w, https:\/\/altisk-karcag.hu\/wp-content\/uploads\/2025\/02\/02-1.jpg 2048w\" sizes=\"(max-width: 1024px) 100vw, 1024px\" \/><\/a><\/figure>\n\n\n\n<figure class=\"wp-block-image size-large is-style-default\"><a href=\"https:\/\/altisk-karcag.hu\/wp-content\/uploads\/2025\/02\/01-1.jpg\"><img decoding=\"async\" loading=\"lazy\" width=\"1024\" height=\"766\" data-id=\"3296\" src=\"https:\/\/altisk-karcag.hu\/wp-content\/uploads\/2025\/02\/01-1-1024x766.jpg\" alt=\"\" class=\"wp-image-3296\" srcset=\"https:\/\/altisk-karcag.hu\/wp-content\/uploads\/2025\/02\/01-1-1024x766.jpg 1024w, https:\/\/altisk-karcag.hu\/wp-content\/uploads\/2025\/02\/01-1-300x224.jpg 300w, https:\/\/altisk-karcag.hu\/wp-content\/uploads\/2025\/02\/01-1-768x574.jpg 768w, https:\/\/altisk-karcag.hu\/wp-content\/uploads\/2025\/02\/01-1-1536x1148.jpg 1536w, https:\/\/altisk-karcag.hu\/wp-content\/uploads\/2025\/02\/01-1-468x350.jpg 468w, https:\/\/altisk-karcag.hu\/wp-content\/uploads\/2025\/02\/01-1.jpg 2048w\" sizes=\"(max-width: 1024px) 100vw, 1024px\" \/><\/a><\/figure>\n<\/figure>\n","protected":false},"excerpt":{"rendered":"","protected":false},"author":1,"featured_media":0,"comment_status":"closed","ping_status":"closed","sticky":false,"template":"","format":"standard","meta":{"footnotes":""},"categories":[9,11],"tags":[],"_links":{"self":[{"href":"https:\/\/altisk-karcag.hu\/index.php?rest_route=\/wp\/v2\/posts\/3294"}],"collection":[{"href":"https:\/\/altisk-karcag.hu\/index.php?rest_route=\/wp\/v2\/posts"}],"about":[{"href":"https:\/\/altisk-karcag.hu\/index.php?rest_route=\/wp\/v2\/types\/post"}],"author":[{"embeddable":true,"href":"https:\/\/altisk-karcag.hu\/index.php?rest_route=\/wp\/v2\/users\/1"}],"replies":[{"embeddable":true,"href":"https:\/\/altisk-karcag.hu\/index.php?rest_route=%2Fwp%2Fv2%2Fcomments&post=3294"}],"version-history":[{"count":1,"href":"https:\/\/altisk-karcag.hu\/index.php?rest_route=\/wp\/v2\/posts\/3294\/revisions"}],"predecessor-version":[{"id":3297,"href":"https:\/\/altisk-karcag.hu\/index.php?rest_route=\/wp\/v2\/posts\/3294\/revisions\/3297"}],"wp:attachment":[{"href":"https:\/\/altisk-karcag.hu\/index.php?rest_route=%2Fwp%2Fv2%2Fmedia&parent=3294"}],"wp:term":[{"taxonomy":"category","embeddable":true,"href":"https:\/\/altisk-karcag.hu\/index.php?rest_route=%2Fwp%2Fv2%2Fcategories&post=3294"},{"taxonomy":"post_tag","embeddable":true,"href":"https:\/\/altisk-karcag.hu\/index.php?rest_route=%2Fwp%2Fv2%2Ftags&post=3294"}],"curies":[{"name":"wp","href":"https:\/\/api.w.org\/{rel}","templated":true}]}}