{"id":3289,"date":"2025-02-07T05:54:55","date_gmt":"2025-02-07T05:54:55","guid":{"rendered":"https:\/\/altisk-karcag.hu\/?p=3289"},"modified":"2025-02-07T05:54:56","modified_gmt":"2025-02-07T05:54:56","slug":"szepen-magyarul-szepen-emberul","status":"publish","type":"post","link":"https:\/\/altisk-karcag.hu\/?p=3289","title":{"rendered":"\u201eSz\u00e9pen magyarul \u2013 sz\u00e9pen ember\u00fcl\u201d"},"content":{"rendered":"\n<p>Ter\u00fcleti Kazinczy \u201eSz\u00e9p magyar besz\u00e9d\u201d versenyen vett\u00fcnk r\u00e9szt iskol\u00e1nk fels\u0151 tagozatos di\u00e1kjaival.<br>T\u00f3th Vikt\u00f3ria 5. oszt\u00e1lyos, Balogh Enik\u0151 Judit \u00e9s Szancsik Anna Csilla 8. oszt\u00e1lyos tanul\u00f3ink<br>Eml\u00e9klapot kaptak. Szeretettel gratul\u00e1lunk tanul\u00f3inknak!<\/p>\n\n\n\n<figure class=\"wp-block-gallery has-nested-images columns-default is-cropped wp-block-gallery-1 is-layout-flex wp-block-gallery-is-layout-flex\">\n<figure class=\"wp-block-image size-large is-style-default\"><a href=\"https:\/\/altisk-karcag.hu\/wp-content\/uploads\/2025\/02\/1.jpg\"><img decoding=\"async\" loading=\"lazy\" width=\"750\" height=\"1000\" data-id=\"3290\" src=\"https:\/\/altisk-karcag.hu\/wp-content\/uploads\/2025\/02\/1.jpg\" alt=\"\" class=\"wp-image-3290\" srcset=\"https:\/\/altisk-karcag.hu\/wp-content\/uploads\/2025\/02\/1.jpg 750w, https:\/\/altisk-karcag.hu\/wp-content\/uploads\/2025\/02\/1-225x300.jpg 225w, https:\/\/altisk-karcag.hu\/wp-content\/uploads\/2025\/02\/1-263x350.jpg 263w\" sizes=\"(max-width: 750px) 100vw, 750px\" \/><\/a><\/figure>\n\n\n\n<figure class=\"wp-block-image size-large is-style-default\"><a href=\"https:\/\/altisk-karcag.hu\/wp-content\/uploads\/2025\/02\/2.jpg\"><img decoding=\"async\" loading=\"lazy\" width=\"644\" height=\"858\" data-id=\"3291\" src=\"https:\/\/altisk-karcag.hu\/wp-content\/uploads\/2025\/02\/2.jpg\" alt=\"\" class=\"wp-image-3291\" srcset=\"https:\/\/altisk-karcag.hu\/wp-content\/uploads\/2025\/02\/2.jpg 644w, https:\/\/altisk-karcag.hu\/wp-content\/uploads\/2025\/02\/2-225x300.jpg 225w, https:\/\/altisk-karcag.hu\/wp-content\/uploads\/2025\/02\/2-263x350.jpg 263w\" sizes=\"(max-width: 644px) 100vw, 644px\" \/><\/a><\/figure>\n<\/figure>\n","protected":false},"excerpt":{"rendered":"<p>Ter\u00fcleti Kazinczy \u201eSz\u00e9p magyar besz\u00e9d\u201d versenyen vett\u00fcnk r\u00e9szt iskol\u00e1nk fels\u0151 tagozatos di\u00e1kjaival.T\u00f3th Vikt\u00f3ria 5. oszt\u00e1lyos, Balogh Enik\u0151 Judit \u00e9s Szancsik Anna Csilla 8. oszt\u00e1lyos tanul\u00f3inkEml\u00e9klapot kaptak. Szeretettel gratul\u00e1lunk tanul\u00f3inknak!<\/p>\n","protected":false},"author":1,"featured_media":0,"comment_status":"closed","ping_status":"closed","sticky":false,"template":"","format":"standard","meta":{"footnotes":""},"categories":[9,10],"tags":[],"_links":{"self":[{"href":"https:\/\/altisk-karcag.hu\/index.php?rest_route=\/wp\/v2\/posts\/3289"}],"collection":[{"href":"https:\/\/altisk-karcag.hu\/index.php?rest_route=\/wp\/v2\/posts"}],"about":[{"href":"https:\/\/altisk-karcag.hu\/index.php?rest_route=\/wp\/v2\/types\/post"}],"author":[{"embeddable":true,"href":"https:\/\/altisk-karcag.hu\/index.php?rest_route=\/wp\/v2\/users\/1"}],"replies":[{"embeddable":true,"href":"https:\/\/altisk-karcag.hu\/index.php?rest_route=%2Fwp%2Fv2%2Fcomments&post=3289"}],"version-history":[{"count":1,"href":"https:\/\/altisk-karcag.hu\/index.php?rest_route=\/wp\/v2\/posts\/3289\/revisions"}],"predecessor-version":[{"id":3292,"href":"https:\/\/altisk-karcag.hu\/index.php?rest_route=\/wp\/v2\/posts\/3289\/revisions\/3292"}],"wp:attachment":[{"href":"https:\/\/altisk-karcag.hu\/index.php?rest_route=%2Fwp%2Fv2%2Fmedia&parent=3289"}],"wp:term":[{"taxonomy":"category","embeddable":true,"href":"https:\/\/altisk-karcag.hu\/index.php?rest_route=%2Fwp%2Fv2%2Fcategories&post=3289"},{"taxonomy":"post_tag","embeddable":true,"href":"https:\/\/altisk-karcag.hu\/index.php?rest_route=%2Fwp%2Fv2%2Ftags&post=3289"}],"curies":[{"name":"wp","href":"https:\/\/api.w.org\/{rel}","templated":true}]}}