{"id":3268,"date":"2025-01-24T13:46:00","date_gmt":"2025-01-24T13:46:00","guid":{"rendered":"https:\/\/altisk-karcag.hu\/?p=3268"},"modified":"2025-01-27T05:48:45","modified_gmt":"2025-01-27T05:48:45","slug":"magyar-kultura-napja-a-kovatsban","status":"publish","type":"post","link":"https:\/\/altisk-karcag.hu\/?p=3268","title":{"rendered":"Magyar kult\u00fara napja a Kov\u00e1tsban"},"content":{"rendered":"\n<p>A magyar kult\u00fara napj\u00e1t \u00fcnnepelt\u00fck janu\u00e1r 22-\u00e9n annak eml\u00e9k\u00e9re, hogy a k\u00e9zirat tan\u00fas\u00e1ga szerint K\u00f6lcsey Ferenc 1823-ban ezen a napon fejezte be a Himnuszt.<br>Ezen a napon az eg\u00e9sz orsz\u00e1g a magyar kult\u00fara kincseire figyel, \u00e9s m\u00e9lt\u00f3n b\u00fcszke lehet azokra a kult\u00fara b\u00e1rmely ter\u00fclet\u00e9n.<br>Int\u00e9zm\u00e9nyi szinten r\u00e1di\u00f3s m\u0171sort hallgathattak meg a di\u00e1kok, t\u00edz\u00f3rai sz\u00fcnetben. Kov\u00e1csn\u00e9 Ecsedi Csilla tan\u00e1rn\u0151 bevezet\u0151je ut\u00e1n, Feh\u00e9r Klaudia Zsaklin 4.a oszt\u00e1lyos tanul\u00f3 mondott mes\u00e9t.<br>Int\u00e9zm\u00e9ny\u00fcnk als\u00f3 tagozatosai k\u00e9t fordul\u00f3ban m\u00e9rhett\u00fck \u00f6ssze helyes\u00edr\u00e1si tud\u00e1sukat. Eredm\u00e9nyhirdet\u00e9sre ezen a napon ker\u00fclt sor.<br>A fels\u0151 tagozatosoknak interakt\u00edv feladatokkal, tot\u00f3val sz\u00ednes\u00edtett\u00fck ezt a napot.<\/p>\n\n\n\n<figure class=\"wp-block-gallery has-nested-images columns-default is-cropped wp-block-gallery-1 is-layout-flex wp-block-gallery-is-layout-flex\">\n<figure class=\"wp-block-image size-large is-style-default\"><a href=\"https:\/\/altisk-karcag.hu\/wp-content\/uploads\/2025\/01\/003.jpg\"><img decoding=\"async\" loading=\"lazy\" width=\"1024\" height=\"575\" data-id=\"3271\" src=\"https:\/\/altisk-karcag.hu\/wp-content\/uploads\/2025\/01\/003-1024x575.jpg\" alt=\"\" class=\"wp-image-3271\" srcset=\"https:\/\/altisk-karcag.hu\/wp-content\/uploads\/2025\/01\/003-1024x575.jpg 1024w, https:\/\/altisk-karcag.hu\/wp-content\/uploads\/2025\/01\/003-300x168.jpg 300w, https:\/\/altisk-karcag.hu\/wp-content\/uploads\/2025\/01\/003-768x431.jpg 768w, https:\/\/altisk-karcag.hu\/wp-content\/uploads\/2025\/01\/003-1536x863.jpg 1536w, https:\/\/altisk-karcag.hu\/wp-content\/uploads\/2025\/01\/003-623x350.jpg 623w, https:\/\/altisk-karcag.hu\/wp-content\/uploads\/2025\/01\/003.jpg 2048w\" sizes=\"(max-width: 1024px) 100vw, 1024px\" \/><\/a><\/figure>\n\n\n\n<figure class=\"wp-block-image size-large is-style-default\"><a href=\"https:\/\/altisk-karcag.hu\/wp-content\/uploads\/2025\/01\/004.jpg\"><img decoding=\"async\" loading=\"lazy\" width=\"1024\" height=\"575\" data-id=\"3272\" src=\"https:\/\/altisk-karcag.hu\/wp-content\/uploads\/2025\/01\/004-1024x575.jpg\" alt=\"\" class=\"wp-image-3272\" srcset=\"https:\/\/altisk-karcag.hu\/wp-content\/uploads\/2025\/01\/004-1024x575.jpg 1024w, https:\/\/altisk-karcag.hu\/wp-content\/uploads\/2025\/01\/004-300x168.jpg 300w, https:\/\/altisk-karcag.hu\/wp-content\/uploads\/2025\/01\/004-768x431.jpg 768w, https:\/\/altisk-karcag.hu\/wp-content\/uploads\/2025\/01\/004-1536x863.jpg 1536w, https:\/\/altisk-karcag.hu\/wp-content\/uploads\/2025\/01\/004-623x350.jpg 623w, https:\/\/altisk-karcag.hu\/wp-content\/uploads\/2025\/01\/004.jpg 2048w\" sizes=\"(max-width: 1024px) 100vw, 1024px\" \/><\/a><\/figure>\n\n\n\n<figure class=\"wp-block-image size-large is-style-default\"><a href=\"https:\/\/altisk-karcag.hu\/wp-content\/uploads\/2025\/01\/006.jpg\"><img decoding=\"async\" loading=\"lazy\" width=\"768\" height=\"1024\" data-id=\"3270\" src=\"https:\/\/altisk-karcag.hu\/wp-content\/uploads\/2025\/01\/006-768x1024.jpg\" alt=\"\" class=\"wp-image-3270\" srcset=\"https:\/\/altisk-karcag.hu\/wp-content\/uploads\/2025\/01\/006-768x1024.jpg 768w, https:\/\/altisk-karcag.hu\/wp-content\/uploads\/2025\/01\/006-225x300.jpg 225w, https:\/\/altisk-karcag.hu\/wp-content\/uploads\/2025\/01\/006-1152x1536.jpg 1152w, https:\/\/altisk-karcag.hu\/wp-content\/uploads\/2025\/01\/006-263x350.jpg 263w, https:\/\/altisk-karcag.hu\/wp-content\/uploads\/2025\/01\/006.jpg 1536w\" sizes=\"(max-width: 768px) 100vw, 768px\" \/><\/a><\/figure>\n\n\n\n<figure class=\"wp-block-image size-large is-style-default\"><a href=\"https:\/\/altisk-karcag.hu\/wp-content\/uploads\/2025\/01\/005.jpg\"><img decoding=\"async\" loading=\"lazy\" width=\"1024\" height=\"768\" data-id=\"3269\" src=\"https:\/\/altisk-karcag.hu\/wp-content\/uploads\/2025\/01\/005-1024x768.jpg\" alt=\"\" class=\"wp-image-3269\" srcset=\"https:\/\/altisk-karcag.hu\/wp-content\/uploads\/2025\/01\/005-1024x768.jpg 1024w, https:\/\/altisk-karcag.hu\/wp-content\/uploads\/2025\/01\/005-300x225.jpg 300w, https:\/\/altisk-karcag.hu\/wp-content\/uploads\/2025\/01\/005-768x576.jpg 768w, https:\/\/altisk-karcag.hu\/wp-content\/uploads\/2025\/01\/005-1536x1152.jpg 1536w, https:\/\/altisk-karcag.hu\/wp-content\/uploads\/2025\/01\/005-467x350.jpg 467w, https:\/\/altisk-karcag.hu\/wp-content\/uploads\/2025\/01\/005.jpg 2048w\" sizes=\"(max-width: 1024px) 100vw, 1024px\" \/><\/a><\/figure>\n<\/figure>\n","protected":false},"excerpt":{"rendered":"<p>A magyar kult\u00fara napj\u00e1t \u00fcnnepelt\u00fck janu\u00e1r 22-\u00e9n annak eml\u00e9k\u00e9re, hogy a k\u00e9zirat tan\u00fas\u00e1ga szerint K\u00f6lcsey Ferenc 1823-ban ezen a napon fejezte be a Himnuszt.Ezen a napon az eg\u00e9sz orsz\u00e1g a magyar kult\u00fara kincseire figyel, \u00e9s m\u00e9lt\u00f3n b\u00fcszke lehet azokra a kult\u00fara b\u00e1rmely ter\u00fclet\u00e9n.Int\u00e9zm\u00e9nyi szinten r\u00e1di\u00f3s m\u0171sort hallgathattak meg a di\u00e1kok, &hellip;<\/p>\n","protected":false},"author":1,"featured_media":0,"comment_status":"closed","ping_status":"closed","sticky":false,"template":"","format":"standard","meta":{"footnotes":""},"categories":[9,11],"tags":[],"_links":{"self":[{"href":"https:\/\/altisk-karcag.hu\/index.php?rest_route=\/wp\/v2\/posts\/3268"}],"collection":[{"href":"https:\/\/altisk-karcag.hu\/index.php?rest_route=\/wp\/v2\/posts"}],"about":[{"href":"https:\/\/altisk-karcag.hu\/index.php?rest_route=\/wp\/v2\/types\/post"}],"author":[{"embeddable":true,"href":"https:\/\/altisk-karcag.hu\/index.php?rest_route=\/wp\/v2\/users\/1"}],"replies":[{"embeddable":true,"href":"https:\/\/altisk-karcag.hu\/index.php?rest_route=%2Fwp%2Fv2%2Fcomments&post=3268"}],"version-history":[{"count":1,"href":"https:\/\/altisk-karcag.hu\/index.php?rest_route=\/wp\/v2\/posts\/3268\/revisions"}],"predecessor-version":[{"id":3273,"href":"https:\/\/altisk-karcag.hu\/index.php?rest_route=\/wp\/v2\/posts\/3268\/revisions\/3273"}],"wp:attachment":[{"href":"https:\/\/altisk-karcag.hu\/index.php?rest_route=%2Fwp%2Fv2%2Fmedia&parent=3268"}],"wp:term":[{"taxonomy":"category","embeddable":true,"href":"https:\/\/altisk-karcag.hu\/index.php?rest_route=%2Fwp%2Fv2%2Fcategories&post=3268"},{"taxonomy":"post_tag","embeddable":true,"href":"https:\/\/altisk-karcag.hu\/index.php?rest_route=%2Fwp%2Fv2%2Ftags&post=3268"}],"curies":[{"name":"wp","href":"https:\/\/api.w.org\/{rel}","templated":true}]}}