{"id":3264,"date":"2025-01-24T05:43:00","date_gmt":"2025-01-24T05:43:00","guid":{"rendered":"https:\/\/altisk-karcag.hu\/?p=3264"},"modified":"2025-01-27T05:46:16","modified_gmt":"2025-01-27T05:46:16","slug":"megyei-mesemondo-verseny","status":"publish","type":"post","link":"https:\/\/altisk-karcag.hu\/?p=3264","title":{"rendered":"Megyei mesemond\u00f3 verseny"},"content":{"rendered":"\n<p>2025. janu\u00e1r 22-\u00e9n, a Magyar Kult\u00fara Napja alkalm\u00e1b\u00f3l megyei mesemond\u00f3 versenyt rendezett a Kov\u00e1cs Mih\u00e1ly \u00c1ltal\u00e1nos Iskola Ab\u00e1dszal\u00f3kon. Iskol\u00e1nkat Feh\u00e9r Klaudia Zsaklin 4.a oszt\u00e1lyos tanul\u00f3 k\u00e9pviselte. Zsaklin gy\u00f6ny\u00f6r\u0171en elmondta a mes\u00e9t. El\u0151ad\u00e1sa a zs\u0171ri tagjainak is elnyerte a tetsz\u00e9s\u00e9t, hiszen 3. helyez\u00e9st \u00e9rt el. Gratul\u00e1lunk Zsaklin! <br>K\u00f6sz\u00f6nj\u00fck a sz\u00fcl\u0151k t\u00e1mogat\u00f3 seg\u00edts\u00e9g\u00e9t, \u00e9s a felk\u00e9sz\u00edt\u0151 tan\u00edt\u00f3n\u0151, T\u00f3thn\u00e9 Sz\u0171cs Juditnak a munk\u00e1j\u00e1t.<\/p>\n\n\n\n<figure class=\"wp-block-gallery has-nested-images columns-default is-cropped wp-block-gallery-1 is-layout-flex wp-block-gallery-is-layout-flex\">\n<figure class=\"wp-block-image size-large is-style-default\"><a href=\"https:\/\/altisk-karcag.hu\/wp-content\/uploads\/2025\/01\/001.jpg\"><img decoding=\"async\" loading=\"lazy\" width=\"1024\" height=\"576\" data-id=\"3266\" src=\"https:\/\/altisk-karcag.hu\/wp-content\/uploads\/2025\/01\/001-1024x576.jpg\" alt=\"\" class=\"wp-image-3266\" srcset=\"https:\/\/altisk-karcag.hu\/wp-content\/uploads\/2025\/01\/001-1024x576.jpg 1024w, https:\/\/altisk-karcag.hu\/wp-content\/uploads\/2025\/01\/001-300x169.jpg 300w, https:\/\/altisk-karcag.hu\/wp-content\/uploads\/2025\/01\/001-768x432.jpg 768w, https:\/\/altisk-karcag.hu\/wp-content\/uploads\/2025\/01\/001-1536x864.jpg 1536w, https:\/\/altisk-karcag.hu\/wp-content\/uploads\/2025\/01\/001-622x350.jpg 622w, https:\/\/altisk-karcag.hu\/wp-content\/uploads\/2025\/01\/001.jpg 2048w\" sizes=\"(max-width: 1024px) 100vw, 1024px\" \/><\/a><\/figure>\n\n\n\n<figure class=\"wp-block-image size-large is-style-default\"><a href=\"https:\/\/altisk-karcag.hu\/wp-content\/uploads\/2025\/01\/002.jpg\"><img decoding=\"async\" loading=\"lazy\" width=\"576\" height=\"1024\" data-id=\"3265\" src=\"https:\/\/altisk-karcag.hu\/wp-content\/uploads\/2025\/01\/002-576x1024.jpg\" alt=\"\" class=\"wp-image-3265\" srcset=\"https:\/\/altisk-karcag.hu\/wp-content\/uploads\/2025\/01\/002-576x1024.jpg 576w, https:\/\/altisk-karcag.hu\/wp-content\/uploads\/2025\/01\/002-169x300.jpg 169w, https:\/\/altisk-karcag.hu\/wp-content\/uploads\/2025\/01\/002-768x1365.jpg 768w, https:\/\/altisk-karcag.hu\/wp-content\/uploads\/2025\/01\/002-864x1536.jpg 864w, https:\/\/altisk-karcag.hu\/wp-content\/uploads\/2025\/01\/002-197x350.jpg 197w, https:\/\/altisk-karcag.hu\/wp-content\/uploads\/2025\/01\/002.jpg 1152w\" sizes=\"(max-width: 576px) 100vw, 576px\" \/><\/a><\/figure>\n<\/figure>\n","protected":false},"excerpt":{"rendered":"<p>2025. janu\u00e1r 22-\u00e9n, a Magyar Kult\u00fara Napja alkalm\u00e1b\u00f3l megyei mesemond\u00f3 versenyt rendezett a Kov\u00e1cs Mih\u00e1ly \u00c1ltal\u00e1nos Iskola Ab\u00e1dszal\u00f3kon. Iskol\u00e1nkat Feh\u00e9r Klaudia Zsaklin 4.a oszt\u00e1lyos tanul\u00f3 k\u00e9pviselte. Zsaklin gy\u00f6ny\u00f6r\u0171en elmondta a mes\u00e9t. El\u0151ad\u00e1sa a zs\u0171ri tagjainak is elnyerte a tetsz\u00e9s\u00e9t, hiszen 3. helyez\u00e9st \u00e9rt el. Gratul\u00e1lunk Zsaklin! K\u00f6sz\u00f6nj\u00fck a sz\u00fcl\u0151k t\u00e1mogat\u00f3 &hellip;<\/p>\n","protected":false},"author":1,"featured_media":0,"comment_status":"closed","ping_status":"closed","sticky":false,"template":"","format":"standard","meta":{"footnotes":""},"categories":[9,11],"tags":[],"_links":{"self":[{"href":"https:\/\/altisk-karcag.hu\/index.php?rest_route=\/wp\/v2\/posts\/3264"}],"collection":[{"href":"https:\/\/altisk-karcag.hu\/index.php?rest_route=\/wp\/v2\/posts"}],"about":[{"href":"https:\/\/altisk-karcag.hu\/index.php?rest_route=\/wp\/v2\/types\/post"}],"author":[{"embeddable":true,"href":"https:\/\/altisk-karcag.hu\/index.php?rest_route=\/wp\/v2\/users\/1"}],"replies":[{"embeddable":true,"href":"https:\/\/altisk-karcag.hu\/index.php?rest_route=%2Fwp%2Fv2%2Fcomments&post=3264"}],"version-history":[{"count":1,"href":"https:\/\/altisk-karcag.hu\/index.php?rest_route=\/wp\/v2\/posts\/3264\/revisions"}],"predecessor-version":[{"id":3267,"href":"https:\/\/altisk-karcag.hu\/index.php?rest_route=\/wp\/v2\/posts\/3264\/revisions\/3267"}],"wp:attachment":[{"href":"https:\/\/altisk-karcag.hu\/index.php?rest_route=%2Fwp%2Fv2%2Fmedia&parent=3264"}],"wp:term":[{"taxonomy":"category","embeddable":true,"href":"https:\/\/altisk-karcag.hu\/index.php?rest_route=%2Fwp%2Fv2%2Fcategories&post=3264"},{"taxonomy":"post_tag","embeddable":true,"href":"https:\/\/altisk-karcag.hu\/index.php?rest_route=%2Fwp%2Fv2%2Ftags&post=3264"}],"curies":[{"name":"wp","href":"https:\/\/api.w.org\/{rel}","templated":true}]}}