{"id":3239,"date":"2024-12-21T08:38:00","date_gmt":"2024-12-21T08:38:00","guid":{"rendered":"https:\/\/altisk-karcag.hu\/?p=3239"},"modified":"2025-01-17T08:42:01","modified_gmt":"2025-01-17T08:42:01","slug":"kiskulcsosiak-karacsonyi-unnepsege","status":"publish","type":"post","link":"https:\/\/altisk-karcag.hu\/?p=3239","title":{"rendered":"Kiskulcsosiak kar\u00e1csonyi \u00fcnneps\u00e9ge"},"content":{"rendered":"\n<p>December 20-\u00e1n, az \u00e9v utols\u00f3 tan\u00edt\u00e1si napj\u00e1n egy igazi kar\u00e1csonyi var\u00e1zslatnak lehett\u00fcnk r\u00e9szesei. Iskol\u00e1nk tanul\u00f3i olyan el\u0151ad\u00e1sokkal k\u00e9sz\u00fcltek, amelyek a kar\u00e1csony szellemis\u00e9g\u00e9t \u00e9s \u00fczenet\u00e9t hirdett\u00e9k.<br>Az \u00fcnneps\u00e9get a gyermekek el\u0151ad\u00e1saival kezdt\u00fck. Az als\u00f3s \u00e9nekkar m\u0171sora, \u00d6kr\u00f6s Patrik 3.b oszt\u00e1lyos tanul\u00f3 \u201eJ\u00f6n a Mikul\u00e1s\u201d c\u00edm\u0171 mes\u00e9je, a 6. oszt\u00e1ly kar\u00e1csonyi t\u00e1nca, Balogh Enik\u0151 8. oszt\u00e1lyos tanul\u00f3 \u00e9s L\u00f3r-Kerekes Viola Kincs\u0151 6. oszt\u00e1lyos tanul\u00f3 el\u0151ad\u00e1sa \u00e9s a 3.a oszt\u00e1ly k\u00f6z\u00f6s kar\u00e1csonyi t\u00e1nca a pedag\u00f3gusokkal mindenkit elvar\u00e1zsolt \u00e9s m\u00e9g ink\u00e1bb meghitt\u00e9 var\u00e1zsolta ezt az \u00fcnnepi pillanatot.<br>A sz\u00ednvonalas m\u0171sor ut\u00e1n a D\u00d6K \u00e1ltal meghirdetett versenyek eredm\u00e9nyhirdet\u00e9s\u00e9re ker\u00fclt sor. A kar\u00e1csonyi man\u00f3- \u00e9s kopogtat\u00f3k\u00e9sz\u00edt\u0151 verseny helyezettjei oklevelet \u00e9s t\u00e1rgyjutalmat vehettek \u00e1t. A teremd\u00edsz\u00edt\u0151 versenyben az \u00f6sszes oszt\u00e1ly lelkesen r\u00e9szt vett. Az als\u00f3sok k\u00f6z\u00fcl a 3.a \u00e9s 3.b, a fels\u0151s\u00f6k k\u00f6z\u00fcl a 7. oszt\u00e1ly lett az els\u0151 helyezett, akik jutalmul tort\u00e1t kaptak. Nagyon b\u00fcszk\u00e9k vagyunk minden egyes alkot\u00e1sra, hiszen mindegyik munk\u00e1t sok szeretettel \u00e9s odafigyel\u00e9ssel k\u00e9sz\u00edtettek a gyerekek.<br>Ezen a d\u00e9lel\u0151tt\u00f6n ker\u00fclt sor a Ment\u0151alap\u00edtv\u00e1ny sz\u00e1m\u00e1ra gy\u0171jt\u00f6tt adom\u00e1nyok \u00e1tad\u00e1s\u00e1ra is. Rengeteg pl\u00fcss\u00e1llatot, \u00e1gynem\u0171t \u00e9s takar\u00f3t gy\u0171jt\u00f6ttek a gyerekek \u00e9s a sz\u00fcl\u0151k, melyet ez\u00faton is k\u00f6sz\u00f6n\u00fcnk.<br>Az \u00fcnneps\u00e9g v\u00e9g\u00e9n iskol\u00e1nk 3 szerencs\u00e9s tanul\u00f3ja hazavihetett egy-egy gy\u00f6ny\u00f6r\u0171 feny\u0151f\u00e1t. K\u00f6sz\u00f6nj\u00fck a felaj\u00e1nl\u00e1st Lengyeln\u00e9 Abuczki Adrienn sz\u00fcl\u0151nek.<br>A tanul\u00f3k el\u0151ad\u00e1sai, az egy\u00fctt t\u00f6lt\u00f6tt id\u0151 \u00e9s az \u00fcnnepi hangulat mindannyiunk sz\u00edv\u00e9t megmelengett\u00e9k.<br>K\u00edv\u00e1nunk b\u00e9k\u00e9s, szeretetteljes kar\u00e1csonyt \u00e9s boldog \u00faj\u00e9vet!<br>Nagy \u00c9va &#8211; D\u00d6K seg\u00edt\u0151 pedag\u00f3gus<\/p>\n\n\n\n<figure class=\"wp-block-gallery has-nested-images columns-default is-cropped wp-block-gallery-1 is-layout-flex wp-block-gallery-is-layout-flex\">\n<figure class=\"wp-block-image size-large is-style-default\"><a href=\"https:\/\/altisk-karcag.hu\/wp-content\/uploads\/2025\/01\/01-4.jpg\"><img decoding=\"async\" loading=\"lazy\" width=\"1024\" height=\"768\" data-id=\"3247\" src=\"https:\/\/altisk-karcag.hu\/wp-content\/uploads\/2025\/01\/01-4-1024x768.jpg\" alt=\"\" class=\"wp-image-3247\" srcset=\"https:\/\/altisk-karcag.hu\/wp-content\/uploads\/2025\/01\/01-4-1024x768.jpg 1024w, https:\/\/altisk-karcag.hu\/wp-content\/uploads\/2025\/01\/01-4-300x225.jpg 300w, https:\/\/altisk-karcag.hu\/wp-content\/uploads\/2025\/01\/01-4-768x576.jpg 768w, https:\/\/altisk-karcag.hu\/wp-content\/uploads\/2025\/01\/01-4-1536x1152.jpg 1536w, https:\/\/altisk-karcag.hu\/wp-content\/uploads\/2025\/01\/01-4-467x350.jpg 467w, https:\/\/altisk-karcag.hu\/wp-content\/uploads\/2025\/01\/01-4.jpg 2048w\" sizes=\"(max-width: 1024px) 100vw, 1024px\" \/><\/a><\/figure>\n\n\n\n<figure class=\"wp-block-image size-large is-style-default\"><a href=\"https:\/\/altisk-karcag.hu\/wp-content\/uploads\/2025\/01\/02-4.jpg\"><img decoding=\"async\" loading=\"lazy\" width=\"1024\" height=\"768\" data-id=\"3246\" src=\"https:\/\/altisk-karcag.hu\/wp-content\/uploads\/2025\/01\/02-4-1024x768.jpg\" alt=\"\" class=\"wp-image-3246\" srcset=\"https:\/\/altisk-karcag.hu\/wp-content\/uploads\/2025\/01\/02-4-1024x768.jpg 1024w, https:\/\/altisk-karcag.hu\/wp-content\/uploads\/2025\/01\/02-4-300x225.jpg 300w, https:\/\/altisk-karcag.hu\/wp-content\/uploads\/2025\/01\/02-4-768x576.jpg 768w, https:\/\/altisk-karcag.hu\/wp-content\/uploads\/2025\/01\/02-4-1536x1152.jpg 1536w, https:\/\/altisk-karcag.hu\/wp-content\/uploads\/2025\/01\/02-4-467x350.jpg 467w, https:\/\/altisk-karcag.hu\/wp-content\/uploads\/2025\/01\/02-4.jpg 2048w\" sizes=\"(max-width: 1024px) 100vw, 1024px\" \/><\/a><\/figure>\n\n\n\n<figure class=\"wp-block-image size-large is-style-default\"><a href=\"https:\/\/altisk-karcag.hu\/wp-content\/uploads\/2025\/01\/03-3.jpg\"><img decoding=\"async\" loading=\"lazy\" width=\"1024\" height=\"768\" data-id=\"3248\" src=\"https:\/\/altisk-karcag.hu\/wp-content\/uploads\/2025\/01\/03-3-1024x768.jpg\" alt=\"\" class=\"wp-image-3248\" srcset=\"https:\/\/altisk-karcag.hu\/wp-content\/uploads\/2025\/01\/03-3-1024x768.jpg 1024w, https:\/\/altisk-karcag.hu\/wp-content\/uploads\/2025\/01\/03-3-300x225.jpg 300w, https:\/\/altisk-karcag.hu\/wp-content\/uploads\/2025\/01\/03-3-768x576.jpg 768w, https:\/\/altisk-karcag.hu\/wp-content\/uploads\/2025\/01\/03-3-1536x1152.jpg 1536w, https:\/\/altisk-karcag.hu\/wp-content\/uploads\/2025\/01\/03-3-467x350.jpg 467w, https:\/\/altisk-karcag.hu\/wp-content\/uploads\/2025\/01\/03-3.jpg 2048w\" sizes=\"(max-width: 1024px) 100vw, 1024px\" \/><\/a><\/figure>\n\n\n\n<figure class=\"wp-block-image size-large is-style-default\"><a href=\"https:\/\/altisk-karcag.hu\/wp-content\/uploads\/2025\/01\/04-3.jpg\"><img decoding=\"async\" loading=\"lazy\" width=\"1024\" height=\"683\" data-id=\"3243\" src=\"https:\/\/altisk-karcag.hu\/wp-content\/uploads\/2025\/01\/04-3-1024x683.jpg\" alt=\"\" class=\"wp-image-3243\" srcset=\"https:\/\/altisk-karcag.hu\/wp-content\/uploads\/2025\/01\/04-3-1024x683.jpg 1024w, https:\/\/altisk-karcag.hu\/wp-content\/uploads\/2025\/01\/04-3-300x200.jpg 300w, https:\/\/altisk-karcag.hu\/wp-content\/uploads\/2025\/01\/04-3-768x512.jpg 768w, https:\/\/altisk-karcag.hu\/wp-content\/uploads\/2025\/01\/04-3-1536x1024.jpg 1536w, https:\/\/altisk-karcag.hu\/wp-content\/uploads\/2025\/01\/04-3-525x350.jpg 525w, https:\/\/altisk-karcag.hu\/wp-content\/uploads\/2025\/01\/04-3.jpg 2048w\" sizes=\"(max-width: 1024px) 100vw, 1024px\" \/><\/a><\/figure>\n\n\n\n<figure class=\"wp-block-image size-large is-style-default\"><a href=\"https:\/\/altisk-karcag.hu\/wp-content\/uploads\/2025\/01\/05.jpg\"><img decoding=\"async\" loading=\"lazy\" width=\"1024\" height=\"683\" data-id=\"3251\" src=\"https:\/\/altisk-karcag.hu\/wp-content\/uploads\/2025\/01\/05-1024x683.jpg\" alt=\"\" class=\"wp-image-3251\" srcset=\"https:\/\/altisk-karcag.hu\/wp-content\/uploads\/2025\/01\/05-1024x683.jpg 1024w, https:\/\/altisk-karcag.hu\/wp-content\/uploads\/2025\/01\/05-300x200.jpg 300w, https:\/\/altisk-karcag.hu\/wp-content\/uploads\/2025\/01\/05-768x512.jpg 768w, https:\/\/altisk-karcag.hu\/wp-content\/uploads\/2025\/01\/05-1536x1024.jpg 1536w, https:\/\/altisk-karcag.hu\/wp-content\/uploads\/2025\/01\/05-525x350.jpg 525w, https:\/\/altisk-karcag.hu\/wp-content\/uploads\/2025\/01\/05.jpg 2048w\" sizes=\"(max-width: 1024px) 100vw, 1024px\" \/><\/a><\/figure>\n\n\n\n<figure class=\"wp-block-image size-large is-style-default\"><a href=\"https:\/\/altisk-karcag.hu\/wp-content\/uploads\/2025\/01\/06.jpg\"><img decoding=\"async\" loading=\"lazy\" width=\"1024\" height=\"683\" data-id=\"3245\" src=\"https:\/\/altisk-karcag.hu\/wp-content\/uploads\/2025\/01\/06-1024x683.jpg\" alt=\"\" class=\"wp-image-3245\" srcset=\"https:\/\/altisk-karcag.hu\/wp-content\/uploads\/2025\/01\/06-1024x683.jpg 1024w, https:\/\/altisk-karcag.hu\/wp-content\/uploads\/2025\/01\/06-300x200.jpg 300w, https:\/\/altisk-karcag.hu\/wp-content\/uploads\/2025\/01\/06-768x512.jpg 768w, https:\/\/altisk-karcag.hu\/wp-content\/uploads\/2025\/01\/06-1536x1024.jpg 1536w, https:\/\/altisk-karcag.hu\/wp-content\/uploads\/2025\/01\/06-525x350.jpg 525w, https:\/\/altisk-karcag.hu\/wp-content\/uploads\/2025\/01\/06.jpg 2048w\" sizes=\"(max-width: 1024px) 100vw, 1024px\" \/><\/a><\/figure>\n\n\n\n<figure class=\"wp-block-image size-large is-style-default\"><a href=\"https:\/\/altisk-karcag.hu\/wp-content\/uploads\/2025\/01\/07.jpg\"><img decoding=\"async\" loading=\"lazy\" width=\"683\" height=\"1024\" data-id=\"3241\" src=\"https:\/\/altisk-karcag.hu\/wp-content\/uploads\/2025\/01\/07-683x1024.jpg\" alt=\"\" class=\"wp-image-3241\" srcset=\"https:\/\/altisk-karcag.hu\/wp-content\/uploads\/2025\/01\/07-683x1024.jpg 683w, https:\/\/altisk-karcag.hu\/wp-content\/uploads\/2025\/01\/07-200x300.jpg 200w, https:\/\/altisk-karcag.hu\/wp-content\/uploads\/2025\/01\/07-768x1152.jpg 768w, https:\/\/altisk-karcag.hu\/wp-content\/uploads\/2025\/01\/07-1024x1536.jpg 1024w, https:\/\/altisk-karcag.hu\/wp-content\/uploads\/2025\/01\/07-233x350.jpg 233w, https:\/\/altisk-karcag.hu\/wp-content\/uploads\/2025\/01\/07.jpg 1365w\" sizes=\"(max-width: 683px) 100vw, 683px\" \/><\/a><\/figure>\n\n\n\n<figure class=\"wp-block-image size-large is-style-default\"><a href=\"https:\/\/altisk-karcag.hu\/wp-content\/uploads\/2025\/01\/08.jpg\"><img decoding=\"async\" loading=\"lazy\" width=\"1024\" height=\"683\" data-id=\"3244\" src=\"https:\/\/altisk-karcag.hu\/wp-content\/uploads\/2025\/01\/08-1024x683.jpg\" alt=\"\" class=\"wp-image-3244\" srcset=\"https:\/\/altisk-karcag.hu\/wp-content\/uploads\/2025\/01\/08-1024x683.jpg 1024w, https:\/\/altisk-karcag.hu\/wp-content\/uploads\/2025\/01\/08-300x200.jpg 300w, https:\/\/altisk-karcag.hu\/wp-content\/uploads\/2025\/01\/08-768x512.jpg 768w, https:\/\/altisk-karcag.hu\/wp-content\/uploads\/2025\/01\/08-1536x1024.jpg 1536w, https:\/\/altisk-karcag.hu\/wp-content\/uploads\/2025\/01\/08-525x350.jpg 525w, https:\/\/altisk-karcag.hu\/wp-content\/uploads\/2025\/01\/08.jpg 2048w\" sizes=\"(max-width: 1024px) 100vw, 1024px\" \/><\/a><\/figure>\n\n\n\n<figure class=\"wp-block-image size-large is-style-default\"><a href=\"https:\/\/altisk-karcag.hu\/wp-content\/uploads\/2025\/01\/09.jpg\"><img decoding=\"async\" loading=\"lazy\" width=\"1024\" height=\"683\" data-id=\"3240\" src=\"https:\/\/altisk-karcag.hu\/wp-content\/uploads\/2025\/01\/09-1024x683.jpg\" alt=\"\" class=\"wp-image-3240\" srcset=\"https:\/\/altisk-karcag.hu\/wp-content\/uploads\/2025\/01\/09-1024x683.jpg 1024w, https:\/\/altisk-karcag.hu\/wp-content\/uploads\/2025\/01\/09-300x200.jpg 300w, https:\/\/altisk-karcag.hu\/wp-content\/uploads\/2025\/01\/09-768x512.jpg 768w, https:\/\/altisk-karcag.hu\/wp-content\/uploads\/2025\/01\/09-1536x1024.jpg 1536w, https:\/\/altisk-karcag.hu\/wp-content\/uploads\/2025\/01\/09-525x350.jpg 525w, https:\/\/altisk-karcag.hu\/wp-content\/uploads\/2025\/01\/09.jpg 2048w\" sizes=\"(max-width: 1024px) 100vw, 1024px\" \/><\/a><\/figure>\n\n\n\n<figure class=\"wp-block-image size-large is-style-default\"><a href=\"https:\/\/altisk-karcag.hu\/wp-content\/uploads\/2025\/01\/10.jpg\"><img decoding=\"async\" loading=\"lazy\" width=\"1024\" height=\"683\" data-id=\"3242\" src=\"https:\/\/altisk-karcag.hu\/wp-content\/uploads\/2025\/01\/10-1024x683.jpg\" alt=\"\" class=\"wp-image-3242\" srcset=\"https:\/\/altisk-karcag.hu\/wp-content\/uploads\/2025\/01\/10-1024x683.jpg 1024w, https:\/\/altisk-karcag.hu\/wp-content\/uploads\/2025\/01\/10-300x200.jpg 300w, https:\/\/altisk-karcag.hu\/wp-content\/uploads\/2025\/01\/10-768x512.jpg 768w, https:\/\/altisk-karcag.hu\/wp-content\/uploads\/2025\/01\/10-1536x1024.jpg 1536w, https:\/\/altisk-karcag.hu\/wp-content\/uploads\/2025\/01\/10-525x350.jpg 525w, https:\/\/altisk-karcag.hu\/wp-content\/uploads\/2025\/01\/10.jpg 2048w\" sizes=\"(max-width: 1024px) 100vw, 1024px\" \/><\/a><\/figure>\n\n\n\n<figure class=\"wp-block-image size-large is-style-default\"><a href=\"https:\/\/altisk-karcag.hu\/wp-content\/uploads\/2025\/01\/11.jpg\"><img decoding=\"async\" loading=\"lazy\" width=\"1024\" height=\"683\" data-id=\"3249\" src=\"https:\/\/altisk-karcag.hu\/wp-content\/uploads\/2025\/01\/11-1024x683.jpg\" alt=\"\" class=\"wp-image-3249\" srcset=\"https:\/\/altisk-karcag.hu\/wp-content\/uploads\/2025\/01\/11-1024x683.jpg 1024w, https:\/\/altisk-karcag.hu\/wp-content\/uploads\/2025\/01\/11-300x200.jpg 300w, https:\/\/altisk-karcag.hu\/wp-content\/uploads\/2025\/01\/11-768x512.jpg 768w, https:\/\/altisk-karcag.hu\/wp-content\/uploads\/2025\/01\/11-1536x1024.jpg 1536w, https:\/\/altisk-karcag.hu\/wp-content\/uploads\/2025\/01\/11-525x350.jpg 525w, https:\/\/altisk-karcag.hu\/wp-content\/uploads\/2025\/01\/11.jpg 2048w\" sizes=\"(max-width: 1024px) 100vw, 1024px\" \/><\/a><\/figure>\n\n\n\n<figure class=\"wp-block-image size-large is-style-default\"><a href=\"https:\/\/altisk-karcag.hu\/wp-content\/uploads\/2025\/01\/12.jpg\"><img decoding=\"async\" loading=\"lazy\" width=\"683\" height=\"1024\" data-id=\"3250\" src=\"https:\/\/altisk-karcag.hu\/wp-content\/uploads\/2025\/01\/12-683x1024.jpg\" alt=\"\" class=\"wp-image-3250\" srcset=\"https:\/\/altisk-karcag.hu\/wp-content\/uploads\/2025\/01\/12-683x1024.jpg 683w, https:\/\/altisk-karcag.hu\/wp-content\/uploads\/2025\/01\/12-200x300.jpg 200w, https:\/\/altisk-karcag.hu\/wp-content\/uploads\/2025\/01\/12-768x1152.jpg 768w, https:\/\/altisk-karcag.hu\/wp-content\/uploads\/2025\/01\/12-1024x1536.jpg 1024w, https:\/\/altisk-karcag.hu\/wp-content\/uploads\/2025\/01\/12-233x350.jpg 233w, https:\/\/altisk-karcag.hu\/wp-content\/uploads\/2025\/01\/12.jpg 1365w\" sizes=\"(max-width: 683px) 100vw, 683px\" \/><\/a><\/figure>\n<\/figure>\n","protected":false},"excerpt":{"rendered":"<p>December 20-\u00e1n, az \u00e9v utols\u00f3 tan\u00edt\u00e1si napj\u00e1n egy igazi kar\u00e1csonyi var\u00e1zslatnak lehett\u00fcnk r\u00e9szesei. Iskol\u00e1nk tanul\u00f3i olyan el\u0151ad\u00e1sokkal k\u00e9sz\u00fcltek, amelyek a kar\u00e1csony szellemis\u00e9g\u00e9t \u00e9s \u00fczenet\u00e9t hirdett\u00e9k.Az \u00fcnneps\u00e9get a gyermekek el\u0151ad\u00e1saival kezdt\u00fck. Az als\u00f3s \u00e9nekkar m\u0171sora, \u00d6kr\u00f6s Patrik 3.b oszt\u00e1lyos tanul\u00f3 \u201eJ\u00f6n a Mikul\u00e1s\u201d c\u00edm\u0171 mes\u00e9je, a 6. oszt\u00e1ly kar\u00e1csonyi t\u00e1nca, Balogh &hellip;<\/p>\n","protected":false},"author":1,"featured_media":3245,"comment_status":"closed","ping_status":"closed","sticky":false,"template":"","format":"standard","meta":{"footnotes":""},"categories":[9,10],"tags":[],"_links":{"self":[{"href":"https:\/\/altisk-karcag.hu\/index.php?rest_route=\/wp\/v2\/posts\/3239"}],"collection":[{"href":"https:\/\/altisk-karcag.hu\/index.php?rest_route=\/wp\/v2\/posts"}],"about":[{"href":"https:\/\/altisk-karcag.hu\/index.php?rest_route=\/wp\/v2\/types\/post"}],"author":[{"embeddable":true,"href":"https:\/\/altisk-karcag.hu\/index.php?rest_route=\/wp\/v2\/users\/1"}],"replies":[{"embeddable":true,"href":"https:\/\/altisk-karcag.hu\/index.php?rest_route=%2Fwp%2Fv2%2Fcomments&post=3239"}],"version-history":[{"count":1,"href":"https:\/\/altisk-karcag.hu\/index.php?rest_route=\/wp\/v2\/posts\/3239\/revisions"}],"predecessor-version":[{"id":3252,"href":"https:\/\/altisk-karcag.hu\/index.php?rest_route=\/wp\/v2\/posts\/3239\/revisions\/3252"}],"wp:featuredmedia":[{"embeddable":true,"href":"https:\/\/altisk-karcag.hu\/index.php?rest_route=\/wp\/v2\/media\/3245"}],"wp:attachment":[{"href":"https:\/\/altisk-karcag.hu\/index.php?rest_route=%2Fwp%2Fv2%2Fmedia&parent=3239"}],"wp:term":[{"taxonomy":"category","embeddable":true,"href":"https:\/\/altisk-karcag.hu\/index.php?rest_route=%2Fwp%2Fv2%2Fcategories&post=3239"},{"taxonomy":"post_tag","embeddable":true,"href":"https:\/\/altisk-karcag.hu\/index.php?rest_route=%2Fwp%2Fv2%2Ftags&post=3239"}],"curies":[{"name":"wp","href":"https:\/\/api.w.org\/{rel}","templated":true}]}}