{"id":3233,"date":"2024-12-20T18:33:00","date_gmt":"2024-12-20T18:33:00","guid":{"rendered":"https:\/\/altisk-karcag.hu\/?p=3233"},"modified":"2025-01-17T08:42:39","modified_gmt":"2025-01-17T08:42:39","slug":"adni-jobb-mint-kapni","status":"publish","type":"post","link":"https:\/\/altisk-karcag.hu\/?p=3233","title":{"rendered":"Adni jobb, mint kapni!"},"content":{"rendered":"\n<p>Az idei Kar\u00e1csonyi \u00fcnneps\u00e9g\u00fcnkre t\u00f6bb vend\u00e9g is \u00e9rkezett. Ekkor adtuk \u00e1t a Karcagi Ment\u0151alap\u00edtv\u00e1ny sz\u00e1m\u00e1ra az \u00f6sszegy\u0171jt\u00f6tt adom\u00e1nyainkat, mellyel a ment\u0151s\u00f6k munk\u00e1j\u00e1t igyeksz\u00fcnk t\u00e1mogatni. Ezzel is k\u00f6sz\u00f6nj\u00fck \u00e1ldozatos \u00e9s lelkiismeretes munk\u00e1jukat!<br>Valamint \u00fcnneps\u00e9g\u00fcnk elej\u00e9n az iskol\u00e1nk \u00e1ltal meghirdetett v\u00e1rosi Kar\u00e1csonyi K\u00e9peslapk\u00e9sz\u00edt\u0151 p\u00e1ly\u00e1zat eredm\u00e9nyhirdet\u00e9se is megt\u00f6rt\u00e9nt. Minden nyertes elfogadta megh\u00edv\u00e1sunkat, \u00edgy szem\u00e9lyesen tudtunk nekik gratul\u00e1lni \u00e9s \u00e1tadni csek\u00e9lyke aj\u00e1nd\u00e9kunkat!<br>K\u00f6sz\u00f6net a felk\u00e9sz\u00edt\u0151knek \u00e9s gratul\u00e1lunk a p\u00e1ly\u00e1zat nyerteseinek!<br>A p\u00e1ly\u00e1zat helyezettjei a k\u00f6vetkez\u0151k lettek:<br>1-2.\u00e9vfolyam:<br>1.helyezett: Pet\u0151 Linda Szilvia &#8211; 2.oszt\u00e1ly (Karcagi Kov\u00e1ts Mih\u00e1ly \u00c1ltal\u00e1nos Iskola)<br>2.helyezett: Utasi Levente &#8211; 2.oszt\u00e1ly (Karcagi Kov\u00e1ts Mih\u00e1ly \u00c1ltal\u00e1nos Iskola Kiskulcsosi \u00c1ltal\u00e1nos Iskol\u00e1ja)<br>3.helyezett: K.Nagy G\u00e1bor J\u00f3zsua \u2013 2.oszt\u00e1ly (Szent P\u00e1l Marista \u00c1ltal\u00e1nos Iskola)<br>Balogh Kriszti\u00e1n \u2013 2.oszt\u00e1ly ( Karcagi Kov\u00e1ts Mih\u00e1ly \u00c1ltal\u00e1nos Iskola)<br>K\u00fcl\u00f6nd\u00edj: Mogyor\u00f3si Lilla\u2013 2.oszt\u00e1ly (Karcagi Nagykun Reform\u00e1tus \u00c1ltal\u00e1nos Iskola \u00e9s Talentum \u00d3voda)<br>3-4.\u00e9vfolyam:<br>1.helyezett: Gy\u00f6rfi G\u00e1bor Marcell -3.oszt\u00e1ly (Karcagi Nagykun Reform\u00e1tus \u00c1ltal\u00e1nos Iskola \u00e9s Talentum \u00d3voda)<br>2.helyezett: Buzalka Emma \u2013 3.oszt\u00e1ly (Gy\u00f6rffy Istv\u00e1n Katolikus \u00c1ltal\u00e1nos Iskola \u00e9s Szent Erzs\u00e9bet \u00d3voda)<br>3.helyezett: Furka Krist\u00f3f &#8211; 4.oszt\u00e1ly (Karcagi Kov\u00e1ts Mih\u00e1ly \u00c1ltal\u00e1nos Iskola Kiskulcsosi \u00c1ltal\u00e1nos Iskol\u00e1ja) \u00e9s<br>Kis R\u00e9ka \u2013 3.oszt\u00e1ly (Gy\u00f6rffy Istv\u00e1n Katolikus \u00c1ltal\u00e1nos Iskola \u00e9s Szent Erzs\u00e9bet \u00d3voda)<br>K\u00fcl\u00f6nd\u00edj: \u00c1cs Zsombor \u2013 4.oszt\u00e1ly (Karcagi Nagykun Reform\u00e1tus \u00c1ltal\u00e1nos Iskola \u00e9s Talentum \u00d3voda)<br>5-6.\u00e9vfolyam:<br>1.helyezett: T\u00f3th \u00c9va \u2013 5.oszt\u00e1ly (Karcagi Kov\u00e1ts Mih\u00e1ly \u00c1ltal\u00e1nos Iskola)<br>2.helyezett: Nagy Gerg\u0151 \u2013 6.oszt\u00e1ly \u2013 (Gy\u00f6rffy Istv\u00e1n Katolikus \u00c1ltal\u00e1nos Iskola \u00e9s Szent Erzs\u00e9bet \u00d3voda)\u00e9s<br>Gyenes Korina \u2013 5.oszt\u00e1ly (Karcagi Kov\u00e1ts Mih\u00e1ly \u00c1ltal\u00e1nos Iskola)<br>3.helyezett: Nagy-Ferenczi Mirella \u2013 6.oszt\u00e1ly (Gy\u00f6rffy Istv\u00e1n Katolikus \u00c1ltal\u00e1nos Iskola \u00e9s Szent Erzs\u00e9bet \u00d3voda) \u00e9s<br>Herceg Anna \u2013 5.oszt\u00e1ly (Karcagi Nagykun Reform\u00e1tus \u00c1ltal\u00e1nos Iskola \u00e9s Talentum \u00d3voda)<br>K\u00fcl\u00f6nd\u00edj: T\u00f3th Gr\u00e9ta -6.oszt\u00e1ly (Karcagi Nagykun Reform\u00e1tus \u00c1ltal\u00e1nos Iskola \u00e9s Talentum \u00d3voda)<br>7-8.\u00e9vfolyam:<br>1.helyezett: Nagy Bence\u2013 8.oszt\u00e1ly (Gy\u00f6rffy Istv\u00e1n Katolikus \u00c1ltal\u00e1nos Iskola \u00e9s Szent Erzs\u00e9bet \u00d3voda)<br>2.helyezett: Farkas Alex 8.oszt\u00e1ly (Karcagi Kov\u00e1ts Mih\u00e1ly \u00c1ltal\u00e1nos Iskola)<br>3.helyezett: Radv\u00e1nyi Bogl\u00e1rka &#8211; 7.oszt\u00e1ly (Karcagi Kov\u00e1ts Mih\u00e1ly \u00c1ltal\u00e1nos Iskola Kiskulcsosi \u00c1ltal\u00e1nos Iskol\u00e1ja)<br>K\u00fcl\u00f6nd\u00edj: Horv\u00e1th M\u00f3nika Gabriella -8.oszt\u00e1ly (K\u00e1das Gy\u00f6rgy Egys\u00e9ges Gy\u00f3gypedag\u00f3giai M\u00f3dszertani Int\u00e9zm\u00e9ny, \u00d3voda, \u00c1ltal\u00e1nos Iskola, Szakiskola, K\u00e9szs\u00e9gfejleszt\u0151 Iskola \u00e9s Koll\u00e9gium Karcagi Tagint\u00e9zm\u00e9nye)<br>B\u00e9k\u00e9s, Boldog Kar\u00e1csonyi \u00dcnnepeket k\u00edv\u00e1n mindenkinek a Karcagi Kov\u00e1ts Mih\u00e1ly \u00c1ltal\u00e1nos Iskola!<\/p>\n\n\n\n<figure class=\"wp-block-gallery has-nested-images columns-default is-cropped wp-block-gallery-1 is-layout-flex wp-block-gallery-is-layout-flex\">\n<figure class=\"wp-block-image size-large is-style-default\"><a href=\"https:\/\/altisk-karcag.hu\/wp-content\/uploads\/2025\/01\/01-3.jpg\"><img decoding=\"async\" loading=\"lazy\" width=\"1024\" height=\"575\" data-id=\"3236\" src=\"https:\/\/altisk-karcag.hu\/wp-content\/uploads\/2025\/01\/01-3-1024x575.jpg\" alt=\"\" class=\"wp-image-3236\" srcset=\"https:\/\/altisk-karcag.hu\/wp-content\/uploads\/2025\/01\/01-3-1024x575.jpg 1024w, https:\/\/altisk-karcag.hu\/wp-content\/uploads\/2025\/01\/01-3-300x168.jpg 300w, https:\/\/altisk-karcag.hu\/wp-content\/uploads\/2025\/01\/01-3-768x431.jpg 768w, https:\/\/altisk-karcag.hu\/wp-content\/uploads\/2025\/01\/01-3-1536x863.jpg 1536w, https:\/\/altisk-karcag.hu\/wp-content\/uploads\/2025\/01\/01-3-623x350.jpg 623w, https:\/\/altisk-karcag.hu\/wp-content\/uploads\/2025\/01\/01-3.jpg 2048w\" sizes=\"(max-width: 1024px) 100vw, 1024px\" \/><\/a><\/figure>\n\n\n\n<figure class=\"wp-block-image size-large is-style-default\"><a href=\"https:\/\/altisk-karcag.hu\/wp-content\/uploads\/2025\/01\/02-3.jpg\"><img decoding=\"async\" loading=\"lazy\" width=\"1024\" height=\"575\" data-id=\"3237\" src=\"https:\/\/altisk-karcag.hu\/wp-content\/uploads\/2025\/01\/02-3-1024x575.jpg\" alt=\"\" class=\"wp-image-3237\" srcset=\"https:\/\/altisk-karcag.hu\/wp-content\/uploads\/2025\/01\/02-3-1024x575.jpg 1024w, https:\/\/altisk-karcag.hu\/wp-content\/uploads\/2025\/01\/02-3-300x168.jpg 300w, https:\/\/altisk-karcag.hu\/wp-content\/uploads\/2025\/01\/02-3-768x431.jpg 768w, https:\/\/altisk-karcag.hu\/wp-content\/uploads\/2025\/01\/02-3-1536x863.jpg 1536w, https:\/\/altisk-karcag.hu\/wp-content\/uploads\/2025\/01\/02-3-623x350.jpg 623w, https:\/\/altisk-karcag.hu\/wp-content\/uploads\/2025\/01\/02-3.jpg 2048w\" sizes=\"(max-width: 1024px) 100vw, 1024px\" \/><\/a><\/figure>\n\n\n\n<figure class=\"wp-block-image size-large is-style-default\"><a href=\"https:\/\/altisk-karcag.hu\/wp-content\/uploads\/2025\/01\/03-2.jpg\"><img decoding=\"async\" loading=\"lazy\" width=\"1024\" height=\"768\" data-id=\"3235\" src=\"https:\/\/altisk-karcag.hu\/wp-content\/uploads\/2025\/01\/03-2-1024x768.jpg\" alt=\"\" class=\"wp-image-3235\" srcset=\"https:\/\/altisk-karcag.hu\/wp-content\/uploads\/2025\/01\/03-2-1024x768.jpg 1024w, https:\/\/altisk-karcag.hu\/wp-content\/uploads\/2025\/01\/03-2-300x225.jpg 300w, https:\/\/altisk-karcag.hu\/wp-content\/uploads\/2025\/01\/03-2-768x576.jpg 768w, https:\/\/altisk-karcag.hu\/wp-content\/uploads\/2025\/01\/03-2-1536x1152.jpg 1536w, https:\/\/altisk-karcag.hu\/wp-content\/uploads\/2025\/01\/03-2-467x350.jpg 467w, https:\/\/altisk-karcag.hu\/wp-content\/uploads\/2025\/01\/03-2.jpg 2048w\" sizes=\"(max-width: 1024px) 100vw, 1024px\" \/><\/a><\/figure>\n\n\n\n<figure class=\"wp-block-image size-large is-style-default\"><a href=\"https:\/\/altisk-karcag.hu\/wp-content\/uploads\/2025\/01\/04-2.jpg\"><img decoding=\"async\" loading=\"lazy\" width=\"1024\" height=\"768\" data-id=\"3234\" src=\"https:\/\/altisk-karcag.hu\/wp-content\/uploads\/2025\/01\/04-2-1024x768.jpg\" alt=\"\" class=\"wp-image-3234\" srcset=\"https:\/\/altisk-karcag.hu\/wp-content\/uploads\/2025\/01\/04-2-1024x768.jpg 1024w, https:\/\/altisk-karcag.hu\/wp-content\/uploads\/2025\/01\/04-2-300x225.jpg 300w, https:\/\/altisk-karcag.hu\/wp-content\/uploads\/2025\/01\/04-2-768x576.jpg 768w, https:\/\/altisk-karcag.hu\/wp-content\/uploads\/2025\/01\/04-2-1536x1152.jpg 1536w, https:\/\/altisk-karcag.hu\/wp-content\/uploads\/2025\/01\/04-2-467x350.jpg 467w, https:\/\/altisk-karcag.hu\/wp-content\/uploads\/2025\/01\/04-2.jpg 2048w\" sizes=\"(max-width: 1024px) 100vw, 1024px\" \/><\/a><\/figure>\n<\/figure>\n","protected":false},"excerpt":{"rendered":"<p>Az idei Kar\u00e1csonyi \u00fcnneps\u00e9g\u00fcnkre t\u00f6bb vend\u00e9g is \u00e9rkezett. Ekkor adtuk \u00e1t a Karcagi Ment\u0151alap\u00edtv\u00e1ny sz\u00e1m\u00e1ra az \u00f6sszegy\u0171jt\u00f6tt adom\u00e1nyainkat, mellyel a ment\u0151s\u00f6k munk\u00e1j\u00e1t igyeksz\u00fcnk t\u00e1mogatni. Ezzel is k\u00f6sz\u00f6nj\u00fck \u00e1ldozatos \u00e9s lelkiismeretes munk\u00e1jukat!Valamint \u00fcnneps\u00e9g\u00fcnk elej\u00e9n az iskol\u00e1nk \u00e1ltal meghirdetett v\u00e1rosi Kar\u00e1csonyi K\u00e9peslapk\u00e9sz\u00edt\u0151 p\u00e1ly\u00e1zat eredm\u00e9nyhirdet\u00e9se is megt\u00f6rt\u00e9nt. Minden nyertes elfogadta megh\u00edv\u00e1sunkat, \u00edgy szem\u00e9lyesen &hellip;<\/p>\n","protected":false},"author":1,"featured_media":3234,"comment_status":"closed","ping_status":"closed","sticky":false,"template":"","format":"standard","meta":{"footnotes":""},"categories":[9,11],"tags":[],"_links":{"self":[{"href":"https:\/\/altisk-karcag.hu\/index.php?rest_route=\/wp\/v2\/posts\/3233"}],"collection":[{"href":"https:\/\/altisk-karcag.hu\/index.php?rest_route=\/wp\/v2\/posts"}],"about":[{"href":"https:\/\/altisk-karcag.hu\/index.php?rest_route=\/wp\/v2\/types\/post"}],"author":[{"embeddable":true,"href":"https:\/\/altisk-karcag.hu\/index.php?rest_route=\/wp\/v2\/users\/1"}],"replies":[{"embeddable":true,"href":"https:\/\/altisk-karcag.hu\/index.php?rest_route=%2Fwp%2Fv2%2Fcomments&post=3233"}],"version-history":[{"count":1,"href":"https:\/\/altisk-karcag.hu\/index.php?rest_route=\/wp\/v2\/posts\/3233\/revisions"}],"predecessor-version":[{"id":3238,"href":"https:\/\/altisk-karcag.hu\/index.php?rest_route=\/wp\/v2\/posts\/3233\/revisions\/3238"}],"wp:featuredmedia":[{"embeddable":true,"href":"https:\/\/altisk-karcag.hu\/index.php?rest_route=\/wp\/v2\/media\/3234"}],"wp:attachment":[{"href":"https:\/\/altisk-karcag.hu\/index.php?rest_route=%2Fwp%2Fv2%2Fmedia&parent=3233"}],"wp:term":[{"taxonomy":"category","embeddable":true,"href":"https:\/\/altisk-karcag.hu\/index.php?rest_route=%2Fwp%2Fv2%2Fcategories&post=3233"},{"taxonomy":"post_tag","embeddable":true,"href":"https:\/\/altisk-karcag.hu\/index.php?rest_route=%2Fwp%2Fv2%2Ftags&post=3233"}],"curies":[{"name":"wp","href":"https:\/\/api.w.org\/{rel}","templated":true}]}}