{"id":3227,"date":"2024-12-20T08:27:00","date_gmt":"2024-12-20T08:27:00","guid":{"rendered":"https:\/\/altisk-karcag.hu\/?p=3227"},"modified":"2025-01-17T08:30:30","modified_gmt":"2025-01-17T08:30:30","slug":"karacsonyi-musor-a-kovatsban","status":"publish","type":"post","link":"https:\/\/altisk-karcag.hu\/?p=3227","title":{"rendered":"Kar\u00e1csonyi m\u0171sor a Kov\u00e1tsban"},"content":{"rendered":"\n<p>Int\u00e9zm\u00e9ny\u00fcnkben 2024. december 19-\u00e9n tartottuk Kar\u00e1csonyi \u00dcnneps\u00e9g\u00fcnket, melyen Szentesin\u00e9 N\u00e1n\u00e1si T\u00fcnde igazgat\u00f3 asszony meggy\u00fajtotta az Adventi gyertya negyedik l\u00e1ngj\u00e1t! A Kar\u00e1csonyi m\u0171sort a 3.oszt\u00e1ly \u00e9s a 4.a oszt\u00e1ly adta el\u0151. Felk\u00e9sz\u00edt\u0151 pedag\u00f3gusok: Pardi Anik\u00f3, T\u00f3thn\u00e9 Sz\u0171cs Judit \u00e9s K\u00e1poszt\u00e1si N\u00f3ra tan\u00edt\u00f3n\u0151k.<br>A sz\u00ednvonalas el\u0151ad\u00e1s minden egyes pillanata var\u00e1zslatos volt, \u00e9s \u00e9rezni lehetett, hogy mindenki sz\u00edvvel-l\u00e9lekkel k\u00e9sz\u00fclt r\u00e1. Mindannyiunk nev\u00e9ben elmondhatom, hogy nagyon h\u00e1l\u00e1sak vagyunk, ez\u00e9rt az \u00e9lm\u00e9ny\u00e9rt.<\/p>\n\n\n\n<figure class=\"wp-block-gallery has-nested-images columns-default is-cropped wp-block-gallery-1 is-layout-flex wp-block-gallery-is-layout-flex\">\n<figure class=\"wp-block-image size-large is-style-default\"><a href=\"https:\/\/altisk-karcag.hu\/wp-content\/uploads\/2025\/01\/02-2.jpg\"><img decoding=\"async\" loading=\"lazy\" width=\"1024\" height=\"575\" data-id=\"3229\" src=\"https:\/\/altisk-karcag.hu\/wp-content\/uploads\/2025\/01\/02-2-1024x575.jpg\" alt=\"\" class=\"wp-image-3229\" srcset=\"https:\/\/altisk-karcag.hu\/wp-content\/uploads\/2025\/01\/02-2-1024x575.jpg 1024w, https:\/\/altisk-karcag.hu\/wp-content\/uploads\/2025\/01\/02-2-300x168.jpg 300w, https:\/\/altisk-karcag.hu\/wp-content\/uploads\/2025\/01\/02-2-768x431.jpg 768w, https:\/\/altisk-karcag.hu\/wp-content\/uploads\/2025\/01\/02-2-1536x863.jpg 1536w, https:\/\/altisk-karcag.hu\/wp-content\/uploads\/2025\/01\/02-2-623x350.jpg 623w, https:\/\/altisk-karcag.hu\/wp-content\/uploads\/2025\/01\/02-2.jpg 2048w\" sizes=\"(max-width: 1024px) 100vw, 1024px\" \/><\/a><\/figure>\n\n\n\n<figure class=\"wp-block-image size-large is-style-default\"><a href=\"https:\/\/altisk-karcag.hu\/wp-content\/uploads\/2025\/01\/03-1.jpg\"><img decoding=\"async\" loading=\"lazy\" width=\"1024\" height=\"575\" data-id=\"3231\" src=\"https:\/\/altisk-karcag.hu\/wp-content\/uploads\/2025\/01\/03-1-1024x575.jpg\" alt=\"\" class=\"wp-image-3231\" srcset=\"https:\/\/altisk-karcag.hu\/wp-content\/uploads\/2025\/01\/03-1-1024x575.jpg 1024w, https:\/\/altisk-karcag.hu\/wp-content\/uploads\/2025\/01\/03-1-300x168.jpg 300w, https:\/\/altisk-karcag.hu\/wp-content\/uploads\/2025\/01\/03-1-768x431.jpg 768w, https:\/\/altisk-karcag.hu\/wp-content\/uploads\/2025\/01\/03-1-1536x863.jpg 1536w, https:\/\/altisk-karcag.hu\/wp-content\/uploads\/2025\/01\/03-1-623x350.jpg 623w, https:\/\/altisk-karcag.hu\/wp-content\/uploads\/2025\/01\/03-1.jpg 2048w\" sizes=\"(max-width: 1024px) 100vw, 1024px\" \/><\/a><\/figure>\n\n\n\n<figure class=\"wp-block-image size-large is-style-default\"><a href=\"https:\/\/altisk-karcag.hu\/wp-content\/uploads\/2025\/01\/04-1.jpg\"><img decoding=\"async\" loading=\"lazy\" width=\"1024\" height=\"575\" data-id=\"3230\" src=\"https:\/\/altisk-karcag.hu\/wp-content\/uploads\/2025\/01\/04-1-1024x575.jpg\" alt=\"\" class=\"wp-image-3230\" srcset=\"https:\/\/altisk-karcag.hu\/wp-content\/uploads\/2025\/01\/04-1-1024x575.jpg 1024w, https:\/\/altisk-karcag.hu\/wp-content\/uploads\/2025\/01\/04-1-300x168.jpg 300w, https:\/\/altisk-karcag.hu\/wp-content\/uploads\/2025\/01\/04-1-768x431.jpg 768w, https:\/\/altisk-karcag.hu\/wp-content\/uploads\/2025\/01\/04-1-1536x863.jpg 1536w, https:\/\/altisk-karcag.hu\/wp-content\/uploads\/2025\/01\/04-1-623x350.jpg 623w, https:\/\/altisk-karcag.hu\/wp-content\/uploads\/2025\/01\/04-1.jpg 2048w\" sizes=\"(max-width: 1024px) 100vw, 1024px\" \/><\/a><\/figure>\n\n\n\n<figure class=\"wp-block-image size-large is-style-default\"><a href=\"https:\/\/altisk-karcag.hu\/wp-content\/uploads\/2025\/01\/01-2.jpg\"><img decoding=\"async\" loading=\"lazy\" width=\"1024\" height=\"768\" data-id=\"3228\" src=\"https:\/\/altisk-karcag.hu\/wp-content\/uploads\/2025\/01\/01-2-1024x768.jpg\" alt=\"\" class=\"wp-image-3228\" srcset=\"https:\/\/altisk-karcag.hu\/wp-content\/uploads\/2025\/01\/01-2-1024x768.jpg 1024w, https:\/\/altisk-karcag.hu\/wp-content\/uploads\/2025\/01\/01-2-300x225.jpg 300w, https:\/\/altisk-karcag.hu\/wp-content\/uploads\/2025\/01\/01-2-768x576.jpg 768w, https:\/\/altisk-karcag.hu\/wp-content\/uploads\/2025\/01\/01-2-1536x1152.jpg 1536w, https:\/\/altisk-karcag.hu\/wp-content\/uploads\/2025\/01\/01-2-467x350.jpg 467w, https:\/\/altisk-karcag.hu\/wp-content\/uploads\/2025\/01\/01-2.jpg 2048w\" sizes=\"(max-width: 1024px) 100vw, 1024px\" \/><\/a><\/figure>\n<\/figure>\n","protected":false},"excerpt":{"rendered":"<p>Int\u00e9zm\u00e9ny\u00fcnkben 2024. december 19-\u00e9n tartottuk Kar\u00e1csonyi \u00dcnneps\u00e9g\u00fcnket, melyen Szentesin\u00e9 N\u00e1n\u00e1si T\u00fcnde igazgat\u00f3 asszony meggy\u00fajtotta az Adventi gyertya negyedik l\u00e1ngj\u00e1t! A Kar\u00e1csonyi m\u0171sort a 3.oszt\u00e1ly \u00e9s a 4.a oszt\u00e1ly adta el\u0151. Felk\u00e9sz\u00edt\u0151 pedag\u00f3gusok: Pardi Anik\u00f3, T\u00f3thn\u00e9 Sz\u0171cs Judit \u00e9s K\u00e1poszt\u00e1si N\u00f3ra tan\u00edt\u00f3n\u0151k.A sz\u00ednvonalas el\u0151ad\u00e1s minden egyes pillanata var\u00e1zslatos volt, \u00e9s \u00e9rezni &hellip;<\/p>\n","protected":false},"author":1,"featured_media":3228,"comment_status":"closed","ping_status":"closed","sticky":false,"template":"","format":"standard","meta":{"footnotes":""},"categories":[9,11],"tags":[],"_links":{"self":[{"href":"https:\/\/altisk-karcag.hu\/index.php?rest_route=\/wp\/v2\/posts\/3227"}],"collection":[{"href":"https:\/\/altisk-karcag.hu\/index.php?rest_route=\/wp\/v2\/posts"}],"about":[{"href":"https:\/\/altisk-karcag.hu\/index.php?rest_route=\/wp\/v2\/types\/post"}],"author":[{"embeddable":true,"href":"https:\/\/altisk-karcag.hu\/index.php?rest_route=\/wp\/v2\/users\/1"}],"replies":[{"embeddable":true,"href":"https:\/\/altisk-karcag.hu\/index.php?rest_route=%2Fwp%2Fv2%2Fcomments&post=3227"}],"version-history":[{"count":1,"href":"https:\/\/altisk-karcag.hu\/index.php?rest_route=\/wp\/v2\/posts\/3227\/revisions"}],"predecessor-version":[{"id":3232,"href":"https:\/\/altisk-karcag.hu\/index.php?rest_route=\/wp\/v2\/posts\/3227\/revisions\/3232"}],"wp:featuredmedia":[{"embeddable":true,"href":"https:\/\/altisk-karcag.hu\/index.php?rest_route=\/wp\/v2\/media\/3228"}],"wp:attachment":[{"href":"https:\/\/altisk-karcag.hu\/index.php?rest_route=%2Fwp%2Fv2%2Fmedia&parent=3227"}],"wp:term":[{"taxonomy":"category","embeddable":true,"href":"https:\/\/altisk-karcag.hu\/index.php?rest_route=%2Fwp%2Fv2%2Fcategories&post=3227"},{"taxonomy":"post_tag","embeddable":true,"href":"https:\/\/altisk-karcag.hu\/index.php?rest_route=%2Fwp%2Fv2%2Ftags&post=3227"}],"curies":[{"name":"wp","href":"https:\/\/api.w.org\/{rel}","templated":true}]}}