{"id":3223,"date":"2024-12-19T08:22:00","date_gmt":"2024-12-19T08:22:00","guid":{"rendered":"https:\/\/altisk-karcag.hu\/?p=3223"},"modified":"2025-01-17T08:27:04","modified_gmt":"2025-01-17T08:27:04","slug":"karacsonyi-jotekonysagi-akciok-a-kovatsban","status":"publish","type":"post","link":"https:\/\/altisk-karcag.hu\/?p=3223","title":{"rendered":"Kar\u00e1csonyi j\u00f3t\u00e9konys\u00e1gi akci\u00f3k a Kov\u00e1tsban"},"content":{"rendered":"\n<p>Iskol\u00e1nk tanul\u00f3i, csal\u00e1djaik \u00e9s dolgoz\u00f3ink bekapcsol\u00f3dtak a Seg\u00edtsVelem MosolyMan\u00f3k j\u00f3t\u00e9konys\u00e1gi akci\u00f3j\u00e1ba, melynek keretein bel\u00fcl aj\u00e1nd\u00e9kdobozokat \u00e1ll\u00edtottak \u00f6ssze r\u00e1szorul\u00f3 gyermekek sz\u00e1m\u00e1ra.<br>A V\u00e1lts egy csokit mosolyra kezdem\u00e9nyez\u00e9s kapcs\u00e1n pedig csokol\u00e9d\u00e9kat gy\u0171jt\u00f6tt\u00fcnk.<br>Rem\u00e9lj\u00fck, hogy ezzel a t\u00e1mogat\u00e1ssal, mosolyt tudunk var\u00e1zsolni Kar\u00e1csonykor a r\u00e1szorul\u00f3 gyermekek arc\u00e1ra.<\/p>\n\n\n\n<figure class=\"wp-block-gallery has-nested-images columns-default is-cropped wp-block-gallery-1 is-layout-flex wp-block-gallery-is-layout-flex\">\n<figure class=\"wp-block-image size-large is-style-default\"><img decoding=\"async\" loading=\"lazy\" width=\"1024\" height=\"768\" data-id=\"3225\" src=\"https:\/\/altisk-karcag.hu\/wp-content\/uploads\/2025\/01\/02-1-1024x768.jpg\" alt=\"\" class=\"wp-image-3225\" srcset=\"https:\/\/altisk-karcag.hu\/wp-content\/uploads\/2025\/01\/02-1-1024x768.jpg 1024w, https:\/\/altisk-karcag.hu\/wp-content\/uploads\/2025\/01\/02-1-300x225.jpg 300w, https:\/\/altisk-karcag.hu\/wp-content\/uploads\/2025\/01\/02-1-768x576.jpg 768w, https:\/\/altisk-karcag.hu\/wp-content\/uploads\/2025\/01\/02-1-1536x1152.jpg 1536w, https:\/\/altisk-karcag.hu\/wp-content\/uploads\/2025\/01\/02-1-467x350.jpg 467w, https:\/\/altisk-karcag.hu\/wp-content\/uploads\/2025\/01\/02-1.jpg 2048w\" sizes=\"(max-width: 1024px) 100vw, 1024px\" \/><\/figure>\n\n\n\n<figure class=\"wp-block-image size-large is-style-default\"><img decoding=\"async\" loading=\"lazy\" width=\"1024\" height=\"674\" data-id=\"3224\" src=\"https:\/\/altisk-karcag.hu\/wp-content\/uploads\/2025\/01\/01-1-1024x674.jpg\" alt=\"\" class=\"wp-image-3224\" srcset=\"https:\/\/altisk-karcag.hu\/wp-content\/uploads\/2025\/01\/01-1-1024x674.jpg 1024w, https:\/\/altisk-karcag.hu\/wp-content\/uploads\/2025\/01\/01-1-300x197.jpg 300w, https:\/\/altisk-karcag.hu\/wp-content\/uploads\/2025\/01\/01-1-768x505.jpg 768w, https:\/\/altisk-karcag.hu\/wp-content\/uploads\/2025\/01\/01-1-1536x1010.jpg 1536w, https:\/\/altisk-karcag.hu\/wp-content\/uploads\/2025\/01\/01-1-532x350.jpg 532w, https:\/\/altisk-karcag.hu\/wp-content\/uploads\/2025\/01\/01-1.jpg 2048w\" sizes=\"(max-width: 1024px) 100vw, 1024px\" \/><\/figure>\n<\/figure>\n","protected":false},"excerpt":{"rendered":"<p>Iskol\u00e1nk tanul\u00f3i, csal\u00e1djaik \u00e9s dolgoz\u00f3ink bekapcsol\u00f3dtak a Seg\u00edtsVelem MosolyMan\u00f3k j\u00f3t\u00e9konys\u00e1gi akci\u00f3j\u00e1ba, melynek keretein bel\u00fcl aj\u00e1nd\u00e9kdobozokat \u00e1ll\u00edtottak \u00f6ssze r\u00e1szorul\u00f3 gyermekek sz\u00e1m\u00e1ra.A V\u00e1lts egy csokit mosolyra kezdem\u00e9nyez\u00e9s kapcs\u00e1n pedig csokol\u00e9d\u00e9kat gy\u0171jt\u00f6tt\u00fcnk.Rem\u00e9lj\u00fck, hogy ezzel a t\u00e1mogat\u00e1ssal, mosolyt tudunk var\u00e1zsolni Kar\u00e1csonykor a r\u00e1szorul\u00f3 gyermekek arc\u00e1ra.<\/p>\n","protected":false},"author":1,"featured_media":3224,"comment_status":"closed","ping_status":"closed","sticky":false,"template":"","format":"standard","meta":{"footnotes":""},"categories":[9,11],"tags":[],"_links":{"self":[{"href":"https:\/\/altisk-karcag.hu\/index.php?rest_route=\/wp\/v2\/posts\/3223"}],"collection":[{"href":"https:\/\/altisk-karcag.hu\/index.php?rest_route=\/wp\/v2\/posts"}],"about":[{"href":"https:\/\/altisk-karcag.hu\/index.php?rest_route=\/wp\/v2\/types\/post"}],"author":[{"embeddable":true,"href":"https:\/\/altisk-karcag.hu\/index.php?rest_route=\/wp\/v2\/users\/1"}],"replies":[{"embeddable":true,"href":"https:\/\/altisk-karcag.hu\/index.php?rest_route=%2Fwp%2Fv2%2Fcomments&post=3223"}],"version-history":[{"count":1,"href":"https:\/\/altisk-karcag.hu\/index.php?rest_route=\/wp\/v2\/posts\/3223\/revisions"}],"predecessor-version":[{"id":3226,"href":"https:\/\/altisk-karcag.hu\/index.php?rest_route=\/wp\/v2\/posts\/3223\/revisions\/3226"}],"wp:featuredmedia":[{"embeddable":true,"href":"https:\/\/altisk-karcag.hu\/index.php?rest_route=\/wp\/v2\/media\/3224"}],"wp:attachment":[{"href":"https:\/\/altisk-karcag.hu\/index.php?rest_route=%2Fwp%2Fv2%2Fmedia&parent=3223"}],"wp:term":[{"taxonomy":"category","embeddable":true,"href":"https:\/\/altisk-karcag.hu\/index.php?rest_route=%2Fwp%2Fv2%2Fcategories&post=3223"},{"taxonomy":"post_tag","embeddable":true,"href":"https:\/\/altisk-karcag.hu\/index.php?rest_route=%2Fwp%2Fv2%2Ftags&post=3223"}],"curies":[{"name":"wp","href":"https:\/\/api.w.org\/{rel}","templated":true}]}}