{"id":3216,"date":"2024-12-18T11:06:00","date_gmt":"2024-12-18T11:06:00","guid":{"rendered":"https:\/\/altisk-karcag.hu\/?p=3216"},"modified":"2025-01-17T08:32:37","modified_gmt":"2025-01-17T08:32:37","slug":"kiemelkedo-eredmeny-a-vilag-legnagyobb-tanorajan","status":"publish","type":"post","link":"https:\/\/altisk-karcag.hu\/?p=3216","title":{"rendered":"Kiemelked\u0151 eredm\u00e9ny a Vil\u00e1g Legnagyobb Tan\u00f3r\u00e1j\u00e1n"},"content":{"rendered":"\n<p>2024. szeptember 30. \u00e9s okt\u00f3ber 04. k\u00f6z\u00f6tt tizedik alkalommal rendezt\u00e9k meg Magyarorsz\u00e1gon a Vil\u00e1g Legnagyobb Tan\u00f3r\u00e1j\u00e1t, melyet a , a Bel\u00fcgyminiszt\u00e9rium, mint projektgazda megb\u00edz\u00e1s\u00e1b\u00f3l, az UNESCO Magyar Nemzeti Bizotts\u00e1g az UNICEF Magyar Bizotts\u00e1g \u00e9s a Nemzeti Fenntarthat\u00f3 Fejl\u0151d\u00e9si Tan\u00e1cs szakmai t\u00e1mogat\u00e1s\u00e1val, az Alap\u00e9rt\u00e9kek Nonprofit Kft. szervezett meg.<\/p>\n\n\n\n<p>A Vil\u00e1g Legnagyobb Tan\u00f3r\u00e1ja az els\u0151 vil\u00e1gm\u00e9ret\u0171 oktat\u00e1si projekt, melyen kereszt\u00fcl minden gyermek megismerheti a <a><\/a>fenntarthat\u00f3 fejl\u0151d\u00e9st szolg\u00e1l\u00f3 Glob\u00e1lis C\u00e9lokat.<\/p>\n\n\n\n<p>A programh\u00e9t keret\u00e9ben meghirdetett (T)egy\u00e9l j\u00f3t a csal\u00e1doddal! p\u00e1ly\u00e1zaton &#8211; fels\u0151 tagozatosok kateg\u00f3ri\u00e1ban N\u00e9meth Ferenc 8. oszt\u00e1lyos tanul\u00f3nk 1. helyez\u00e9st \u00e9rt el. Gratul\u00e1lunk tanul\u00f3nknak, aki 100 000 Ft \u00e9rt\u00e9kben t\u00e1rgyi \u00e9s \u00e9lm\u00e9nyaj\u00e1nd\u00e9kot illetve v\u00e1s\u00e1rl\u00e1si utalv\u00e1nyokat nyert ezzel a kiemelked\u0151 teljes\u00edtm\u00e9ny\u00e9vel.<\/p>\n\n\n\n<p>Felk\u00e9sz\u00edt\u0151 pedag\u00f3gus Kotriczn\u00e9 Dar\u00f3czi Ir\u00e9n.<\/p>\n\n\n\n<figure class=\"wp-block-gallery has-nested-images columns-default is-cropped wp-block-gallery-1 is-layout-flex wp-block-gallery-is-layout-flex\">\n<figure class=\"wp-block-image size-large is-style-default\"><a href=\"https:\/\/altisk-karcag.hu\/wp-content\/uploads\/2025\/01\/02.jpg\"><img decoding=\"async\" loading=\"lazy\" width=\"403\" height=\"584\" data-id=\"3217\" src=\"https:\/\/altisk-karcag.hu\/wp-content\/uploads\/2025\/01\/02.jpg\" alt=\"\" class=\"wp-image-3217\" srcset=\"https:\/\/altisk-karcag.hu\/wp-content\/uploads\/2025\/01\/02.jpg 403w, https:\/\/altisk-karcag.hu\/wp-content\/uploads\/2025\/01\/02-207x300.jpg 207w, https:\/\/altisk-karcag.hu\/wp-content\/uploads\/2025\/01\/02-242x350.jpg 242w\" sizes=\"(max-width: 403px) 100vw, 403px\" \/><\/a><\/figure>\n\n\n\n<figure class=\"wp-block-image size-large is-style-default\"><a href=\"https:\/\/altisk-karcag.hu\/wp-content\/uploads\/2025\/01\/03.jpg\"><img decoding=\"async\" loading=\"lazy\" width=\"403\" height=\"587\" data-id=\"3220\" src=\"https:\/\/altisk-karcag.hu\/wp-content\/uploads\/2025\/01\/03.jpg\" alt=\"\" class=\"wp-image-3220\" srcset=\"https:\/\/altisk-karcag.hu\/wp-content\/uploads\/2025\/01\/03.jpg 403w, https:\/\/altisk-karcag.hu\/wp-content\/uploads\/2025\/01\/03-206x300.jpg 206w, https:\/\/altisk-karcag.hu\/wp-content\/uploads\/2025\/01\/03-240x350.jpg 240w\" sizes=\"(max-width: 403px) 100vw, 403px\" \/><\/a><\/figure>\n\n\n\n<figure class=\"wp-block-image size-large is-style-default\"><a href=\"https:\/\/altisk-karcag.hu\/wp-content\/uploads\/2025\/01\/04.jpg\"><img decoding=\"async\" loading=\"lazy\" width=\"417\" height=\"589\" data-id=\"3218\" src=\"https:\/\/altisk-karcag.hu\/wp-content\/uploads\/2025\/01\/04.jpg\" alt=\"\" class=\"wp-image-3218\" srcset=\"https:\/\/altisk-karcag.hu\/wp-content\/uploads\/2025\/01\/04.jpg 417w, https:\/\/altisk-karcag.hu\/wp-content\/uploads\/2025\/01\/04-212x300.jpg 212w, https:\/\/altisk-karcag.hu\/wp-content\/uploads\/2025\/01\/04-248x350.jpg 248w\" sizes=\"(max-width: 417px) 100vw, 417px\" \/><\/a><\/figure>\n\n\n\n<figure class=\"wp-block-image size-large is-style-default\"><a href=\"https:\/\/altisk-karcag.hu\/wp-content\/uploads\/2025\/01\/01.jpg\"><img decoding=\"async\" loading=\"lazy\" width=\"337\" height=\"600\" data-id=\"3219\" src=\"https:\/\/altisk-karcag.hu\/wp-content\/uploads\/2025\/01\/01.jpg\" alt=\"\" class=\"wp-image-3219\" srcset=\"https:\/\/altisk-karcag.hu\/wp-content\/uploads\/2025\/01\/01.jpg 337w, https:\/\/altisk-karcag.hu\/wp-content\/uploads\/2025\/01\/01-169x300.jpg 169w, https:\/\/altisk-karcag.hu\/wp-content\/uploads\/2025\/01\/01-197x350.jpg 197w\" sizes=\"(max-width: 337px) 100vw, 337px\" \/><\/a><\/figure>\n<\/figure>\n","protected":false},"excerpt":{"rendered":"<p>2024. szeptember 30. \u00e9s okt\u00f3ber 04. k\u00f6z\u00f6tt tizedik alkalommal rendezt\u00e9k meg Magyarorsz\u00e1gon a Vil\u00e1g Legnagyobb Tan\u00f3r\u00e1j\u00e1t, melyet a , a Bel\u00fcgyminiszt\u00e9rium, mint projektgazda megb\u00edz\u00e1s\u00e1b\u00f3l, az UNESCO Magyar Nemzeti Bizotts\u00e1g az UNICEF Magyar Bizotts\u00e1g \u00e9s a Nemzeti Fenntarthat\u00f3 Fejl\u0151d\u00e9si Tan\u00e1cs szakmai t\u00e1mogat\u00e1s\u00e1val, az Alap\u00e9rt\u00e9kek Nonprofit Kft. szervezett meg. A Vil\u00e1g Legnagyobb &hellip;<\/p>\n","protected":false},"author":1,"featured_media":0,"comment_status":"closed","ping_status":"closed","sticky":false,"template":"","format":"standard","meta":{"footnotes":""},"categories":[9],"tags":[],"_links":{"self":[{"href":"https:\/\/altisk-karcag.hu\/index.php?rest_route=\/wp\/v2\/posts\/3216"}],"collection":[{"href":"https:\/\/altisk-karcag.hu\/index.php?rest_route=\/wp\/v2\/posts"}],"about":[{"href":"https:\/\/altisk-karcag.hu\/index.php?rest_route=\/wp\/v2\/types\/post"}],"author":[{"embeddable":true,"href":"https:\/\/altisk-karcag.hu\/index.php?rest_route=\/wp\/v2\/users\/1"}],"replies":[{"embeddable":true,"href":"https:\/\/altisk-karcag.hu\/index.php?rest_route=%2Fwp%2Fv2%2Fcomments&post=3216"}],"version-history":[{"count":2,"href":"https:\/\/altisk-karcag.hu\/index.php?rest_route=\/wp\/v2\/posts\/3216\/revisions"}],"predecessor-version":[{"id":3222,"href":"https:\/\/altisk-karcag.hu\/index.php?rest_route=\/wp\/v2\/posts\/3216\/revisions\/3222"}],"wp:attachment":[{"href":"https:\/\/altisk-karcag.hu\/index.php?rest_route=%2Fwp%2Fv2%2Fmedia&parent=3216"}],"wp:term":[{"taxonomy":"category","embeddable":true,"href":"https:\/\/altisk-karcag.hu\/index.php?rest_route=%2Fwp%2Fv2%2Fcategories&post=3216"},{"taxonomy":"post_tag","embeddable":true,"href":"https:\/\/altisk-karcag.hu\/index.php?rest_route=%2Fwp%2Fv2%2Ftags&post=3216"}],"curies":[{"name":"wp","href":"https:\/\/api.w.org\/{rel}","templated":true}]}}