{"id":3207,"date":"2024-12-16T10:31:58","date_gmt":"2024-12-16T10:31:58","guid":{"rendered":"https:\/\/altisk-karcag.hu\/?p=3207"},"modified":"2024-12-16T10:31:59","modified_gmt":"2024-12-16T10:31:59","slug":"kicsinagykovetek-kiskulcsoson-%f0%9f%8e%89","status":"publish","type":"post","link":"https:\/\/altisk-karcag.hu\/?p=3207","title":{"rendered":"Kicsinagyk\u00f6vetek Kiskulcsoson! \ud83c\udf89"},"content":{"rendered":"\n<p>A Karcagi Kov\u00e1ts Mih\u00e1ly \u00c1ltal\u00e1nos Iskola Kiskulcsosi \u00c1ltal\u00e1nos Iskol\u00e1j\u00e1nak k\u00e9t negyedik \u00e9vfolyamos tanul\u00f3ja k\u00e9pviselte v\u00e1rmegy\u00e9nket Budapesten a Nemzeti M\u00fazeumban a Magyars\u00e1g Kicsinagyk\u00f6vete Orsz\u00e1gos d\u00f6nt\u0151j\u00e9ben 2024. december 11-\u00e9n. Gratul\u00e1lunk Varga Reg\u0151 agr\u00e1rattas\u00e9nak \u00e9s Kun Benedek sportattas\u00e9nak, hogy m\u00e9lt\u00f3n k\u00e9pviselt\u00e9k ezen a megm\u00e9rettet\u00e9sen iskol\u00e1nkat, v\u00e1rosunkat \u00e9s megy\u00e9nket. K\u00f6sz\u00f6nj\u00fck a sz\u00fcl\u0151k t\u00e1mogat\u00e1s\u00e1t. A felk\u00e9sz\u00fcl\u00e9st seg\u00edtett\u00e9k Heged\u0171sn\u00e9 F\u00f3ri\u00e1n Annnam\u00e1ria, Nagyn\u00e9 S\u00fct\u0151 Mariann \u00e9s T\u00f6r\u00f6k Csilla pedag\u00f3gusok.<\/p>\n\n\n\n<figure class=\"wp-block-image size-large is-style-default\"><a href=\"https:\/\/altisk-karcag.hu\/wp-content\/uploads\/2024\/12\/01-10.jpg\"><img decoding=\"async\" loading=\"lazy\" width=\"1024\" height=\"768\" src=\"https:\/\/altisk-karcag.hu\/wp-content\/uploads\/2024\/12\/01-10-1024x768.jpg\" alt=\"\" class=\"wp-image-3208\" srcset=\"https:\/\/altisk-karcag.hu\/wp-content\/uploads\/2024\/12\/01-10-1024x768.jpg 1024w, https:\/\/altisk-karcag.hu\/wp-content\/uploads\/2024\/12\/01-10-300x225.jpg 300w, https:\/\/altisk-karcag.hu\/wp-content\/uploads\/2024\/12\/01-10-768x576.jpg 768w, https:\/\/altisk-karcag.hu\/wp-content\/uploads\/2024\/12\/01-10-1536x1152.jpg 1536w, https:\/\/altisk-karcag.hu\/wp-content\/uploads\/2024\/12\/01-10-467x350.jpg 467w, https:\/\/altisk-karcag.hu\/wp-content\/uploads\/2024\/12\/01-10.jpg 2048w\" sizes=\"(max-width: 1024px) 100vw, 1024px\" \/><\/a><\/figure>\n","protected":false},"excerpt":{"rendered":"<p>A Karcagi Kov\u00e1ts Mih\u00e1ly \u00c1ltal\u00e1nos Iskola Kiskulcsosi \u00c1ltal\u00e1nos Iskol\u00e1j\u00e1nak k\u00e9t negyedik \u00e9vfolyamos tanul\u00f3ja k\u00e9pviselte v\u00e1rmegy\u00e9nket Budapesten a Nemzeti M\u00fazeumban a Magyars\u00e1g Kicsinagyk\u00f6vete Orsz\u00e1gos d\u00f6nt\u0151j\u00e9ben 2024. december 11-\u00e9n. Gratul\u00e1lunk Varga Reg\u0151 agr\u00e1rattas\u00e9nak \u00e9s Kun Benedek sportattas\u00e9nak, hogy m\u00e9lt\u00f3n k\u00e9pviselt\u00e9k ezen a megm\u00e9rettet\u00e9sen iskol\u00e1nkat, v\u00e1rosunkat \u00e9s megy\u00e9nket. K\u00f6sz\u00f6nj\u00fck a sz\u00fcl\u0151k t\u00e1mogat\u00e1s\u00e1t. A &hellip;<\/p>\n","protected":false},"author":1,"featured_media":0,"comment_status":"closed","ping_status":"closed","sticky":false,"template":"","format":"standard","meta":{"footnotes":""},"categories":[9,10],"tags":[],"_links":{"self":[{"href":"https:\/\/altisk-karcag.hu\/index.php?rest_route=\/wp\/v2\/posts\/3207"}],"collection":[{"href":"https:\/\/altisk-karcag.hu\/index.php?rest_route=\/wp\/v2\/posts"}],"about":[{"href":"https:\/\/altisk-karcag.hu\/index.php?rest_route=\/wp\/v2\/types\/post"}],"author":[{"embeddable":true,"href":"https:\/\/altisk-karcag.hu\/index.php?rest_route=\/wp\/v2\/users\/1"}],"replies":[{"embeddable":true,"href":"https:\/\/altisk-karcag.hu\/index.php?rest_route=%2Fwp%2Fv2%2Fcomments&post=3207"}],"version-history":[{"count":1,"href":"https:\/\/altisk-karcag.hu\/index.php?rest_route=\/wp\/v2\/posts\/3207\/revisions"}],"predecessor-version":[{"id":3209,"href":"https:\/\/altisk-karcag.hu\/index.php?rest_route=\/wp\/v2\/posts\/3207\/revisions\/3209"}],"wp:attachment":[{"href":"https:\/\/altisk-karcag.hu\/index.php?rest_route=%2Fwp%2Fv2%2Fmedia&parent=3207"}],"wp:term":[{"taxonomy":"category","embeddable":true,"href":"https:\/\/altisk-karcag.hu\/index.php?rest_route=%2Fwp%2Fv2%2Fcategories&post=3207"},{"taxonomy":"post_tag","embeddable":true,"href":"https:\/\/altisk-karcag.hu\/index.php?rest_route=%2Fwp%2Fv2%2Ftags&post=3207"}],"curies":[{"name":"wp","href":"https:\/\/api.w.org\/{rel}","templated":true}]}}