{"id":3182,"date":"2024-12-02T09:17:08","date_gmt":"2024-12-02T09:17:08","guid":{"rendered":"https:\/\/altisk-karcag.hu\/?p=3182"},"modified":"2024-12-16T09:18:18","modified_gmt":"2024-12-16T09:18:18","slug":"advent-1-gyertyagyujtas","status":"publish","type":"post","link":"https:\/\/altisk-karcag.hu\/?p=3182","title":{"rendered":"Advent 1. gyertyagy\u00fajt\u00e1s"},"content":{"rendered":"\n<ol start=\"2024\">\n<li>november 29-\u00e9n, p\u00e9nteken iskol\u00e1nkban is meggy\u00fajtottuk az els\u0151 Adventi gyerty\u00e1t.<br>Ez a gyertya a rem\u00e9nyteljes v\u00e1rakoz\u00e1s kezdete, amikor megnyitjuk sz\u00edv\u00fcnket az \u00fcnnep f\u00e9nye \u00e9s \u00f6r\u00f6me el\u0151tt.<br>Az \u00fcnnepi m\u0171sort a 2.oszt\u00e1lyos tanul\u00f3knak k\u00f6sz\u00f6nhett\u00fck. Felk\u00e9sz\u00edt\u0151 pedag\u00f3gus: Szab\u00f3n\u00e9 Sebesty\u00e9n Erika tan\u00edt\u00f3n\u00e9ni<br>K\u00f6sz\u00f6nj\u00fck a sz\u00ednvonalas \u00e9s meghitt r\u00e1hangol\u00f3d\u00e1st az \u00fcnnepre!<\/li>\n<\/ol>\n\n\n\n<figure class=\"wp-block-gallery has-nested-images columns-default is-cropped wp-block-gallery-1 is-layout-flex wp-block-gallery-is-layout-flex\">\n<figure class=\"wp-block-image size-large is-style-default\"><a href=\"https:\/\/altisk-karcag.hu\/wp-content\/uploads\/2024\/12\/01-5.jpg\"><img decoding=\"async\" loading=\"lazy\" width=\"1024\" height=\"575\" data-id=\"3183\" src=\"https:\/\/altisk-karcag.hu\/wp-content\/uploads\/2024\/12\/01-5-1024x575.jpg\" alt=\"\" class=\"wp-image-3183\" srcset=\"https:\/\/altisk-karcag.hu\/wp-content\/uploads\/2024\/12\/01-5-1024x575.jpg 1024w, https:\/\/altisk-karcag.hu\/wp-content\/uploads\/2024\/12\/01-5-300x168.jpg 300w, https:\/\/altisk-karcag.hu\/wp-content\/uploads\/2024\/12\/01-5-768x431.jpg 768w, https:\/\/altisk-karcag.hu\/wp-content\/uploads\/2024\/12\/01-5-1536x863.jpg 1536w, https:\/\/altisk-karcag.hu\/wp-content\/uploads\/2024\/12\/01-5-623x350.jpg 623w, https:\/\/altisk-karcag.hu\/wp-content\/uploads\/2024\/12\/01-5.jpg 2048w\" sizes=\"(max-width: 1024px) 100vw, 1024px\" \/><\/a><\/figure>\n\n\n\n<figure class=\"wp-block-image size-large is-style-default\"><a href=\"https:\/\/altisk-karcag.hu\/wp-content\/uploads\/2024\/12\/02-5.jpg\"><img decoding=\"async\" loading=\"lazy\" width=\"1024\" height=\"575\" data-id=\"3184\" src=\"https:\/\/altisk-karcag.hu\/wp-content\/uploads\/2024\/12\/02-5-1024x575.jpg\" alt=\"\" class=\"wp-image-3184\" srcset=\"https:\/\/altisk-karcag.hu\/wp-content\/uploads\/2024\/12\/02-5-1024x575.jpg 1024w, https:\/\/altisk-karcag.hu\/wp-content\/uploads\/2024\/12\/02-5-300x168.jpg 300w, https:\/\/altisk-karcag.hu\/wp-content\/uploads\/2024\/12\/02-5-768x431.jpg 768w, https:\/\/altisk-karcag.hu\/wp-content\/uploads\/2024\/12\/02-5-1536x863.jpg 1536w, https:\/\/altisk-karcag.hu\/wp-content\/uploads\/2024\/12\/02-5-623x350.jpg 623w, https:\/\/altisk-karcag.hu\/wp-content\/uploads\/2024\/12\/02-5.jpg 2048w\" sizes=\"(max-width: 1024px) 100vw, 1024px\" \/><\/a><\/figure>\n<\/figure>\n","protected":false},"excerpt":{"rendered":"","protected":false},"author":1,"featured_media":0,"comment_status":"closed","ping_status":"closed","sticky":false,"template":"","format":"standard","meta":{"footnotes":""},"categories":[9,11],"tags":[],"_links":{"self":[{"href":"https:\/\/altisk-karcag.hu\/index.php?rest_route=\/wp\/v2\/posts\/3182"}],"collection":[{"href":"https:\/\/altisk-karcag.hu\/index.php?rest_route=\/wp\/v2\/posts"}],"about":[{"href":"https:\/\/altisk-karcag.hu\/index.php?rest_route=\/wp\/v2\/types\/post"}],"author":[{"embeddable":true,"href":"https:\/\/altisk-karcag.hu\/index.php?rest_route=\/wp\/v2\/users\/1"}],"replies":[{"embeddable":true,"href":"https:\/\/altisk-karcag.hu\/index.php?rest_route=%2Fwp%2Fv2%2Fcomments&post=3182"}],"version-history":[{"count":1,"href":"https:\/\/altisk-karcag.hu\/index.php?rest_route=\/wp\/v2\/posts\/3182\/revisions"}],"predecessor-version":[{"id":3185,"href":"https:\/\/altisk-karcag.hu\/index.php?rest_route=\/wp\/v2\/posts\/3182\/revisions\/3185"}],"wp:attachment":[{"href":"https:\/\/altisk-karcag.hu\/index.php?rest_route=%2Fwp%2Fv2%2Fmedia&parent=3182"}],"wp:term":[{"taxonomy":"category","embeddable":true,"href":"https:\/\/altisk-karcag.hu\/index.php?rest_route=%2Fwp%2Fv2%2Fcategories&post=3182"},{"taxonomy":"post_tag","embeddable":true,"href":"https:\/\/altisk-karcag.hu\/index.php?rest_route=%2Fwp%2Fv2%2Ftags&post=3182"}],"curies":[{"name":"wp","href":"https:\/\/api.w.org\/{rel}","templated":true}]}}