{"id":3169,"date":"2024-11-27T09:13:00","date_gmt":"2024-11-27T09:13:00","guid":{"rendered":"https:\/\/altisk-karcag.hu\/?p=3169"},"modified":"2024-12-16T09:15:04","modified_gmt":"2024-12-16T09:15:04","slug":"diaksportfesztival","status":"publish","type":"post","link":"https:\/\/altisk-karcag.hu\/?p=3169","title":{"rendered":"Di\u00e1ksportfesztiv\u00e1l"},"content":{"rendered":"\n<p>2024.11.26-\u00e1n ker\u00fclt megrendez\u00e9sre az MDSZ \u00e1ltal szervezett Di\u00e1ksportfesztiv\u00e1l a Karcag V\u00e1rosi Sportcsarnokban, ahol a v\u00e1ros iskol\u00e1inak als\u00f3 tagozatos tanul\u00f3i sportolhattak egy\u00fctt. Di\u00e1kjaink nagyon j\u00f3l \u00e9rezt\u00e9k magukat ezen a sz\u00ednvonalas rendezv\u00e9nyen!<br>K\u00f6sz\u00f6nj\u00fck a lehet\u0151s\u00e9get!<\/p>\n\n\n\n<figure class=\"wp-block-gallery has-nested-images columns-default is-cropped wp-block-gallery-1 is-layout-flex wp-block-gallery-is-layout-flex\">\n<figure class=\"wp-block-image size-large is-style-default\"><a href=\"https:\/\/altisk-karcag.hu\/wp-content\/uploads\/2024\/12\/02-3.jpg\"><img decoding=\"async\" loading=\"lazy\" width=\"1024\" height=\"598\" data-id=\"3172\" src=\"https:\/\/altisk-karcag.hu\/wp-content\/uploads\/2024\/12\/02-3-1024x598.jpg\" alt=\"\" class=\"wp-image-3172\" srcset=\"https:\/\/altisk-karcag.hu\/wp-content\/uploads\/2024\/12\/02-3-1024x598.jpg 1024w, https:\/\/altisk-karcag.hu\/wp-content\/uploads\/2024\/12\/02-3-300x175.jpg 300w, https:\/\/altisk-karcag.hu\/wp-content\/uploads\/2024\/12\/02-3-768x448.jpg 768w, https:\/\/altisk-karcag.hu\/wp-content\/uploads\/2024\/12\/02-3-1536x896.jpg 1536w, https:\/\/altisk-karcag.hu\/wp-content\/uploads\/2024\/12\/02-3-600x350.jpg 600w, https:\/\/altisk-karcag.hu\/wp-content\/uploads\/2024\/12\/02-3.jpg 2048w\" sizes=\"(max-width: 1024px) 100vw, 1024px\" \/><\/a><\/figure>\n\n\n\n<figure class=\"wp-block-image size-large is-style-default\"><a href=\"https:\/\/altisk-karcag.hu\/wp-content\/uploads\/2024\/12\/03-2.jpg\"><img decoding=\"async\" loading=\"lazy\" width=\"1024\" height=\"903\" data-id=\"3171\" src=\"https:\/\/altisk-karcag.hu\/wp-content\/uploads\/2024\/12\/03-2-1024x903.jpg\" alt=\"\" class=\"wp-image-3171\" srcset=\"https:\/\/altisk-karcag.hu\/wp-content\/uploads\/2024\/12\/03-2-1024x903.jpg 1024w, https:\/\/altisk-karcag.hu\/wp-content\/uploads\/2024\/12\/03-2-300x264.jpg 300w, https:\/\/altisk-karcag.hu\/wp-content\/uploads\/2024\/12\/03-2-768x677.jpg 768w, https:\/\/altisk-karcag.hu\/wp-content\/uploads\/2024\/12\/03-2-1536x1354.jpg 1536w, https:\/\/altisk-karcag.hu\/wp-content\/uploads\/2024\/12\/03-2-397x350.jpg 397w, https:\/\/altisk-karcag.hu\/wp-content\/uploads\/2024\/12\/03-2.jpg 2048w\" sizes=\"(max-width: 1024px) 100vw, 1024px\" \/><\/a><\/figure>\n\n\n\n<figure class=\"wp-block-image size-large is-style-default\"><a href=\"https:\/\/altisk-karcag.hu\/wp-content\/uploads\/2024\/12\/04-2.jpg\"><img decoding=\"async\" loading=\"lazy\" width=\"1024\" height=\"964\" data-id=\"3173\" src=\"https:\/\/altisk-karcag.hu\/wp-content\/uploads\/2024\/12\/04-2-1024x964.jpg\" alt=\"\" class=\"wp-image-3173\" srcset=\"https:\/\/altisk-karcag.hu\/wp-content\/uploads\/2024\/12\/04-2-1024x964.jpg 1024w, https:\/\/altisk-karcag.hu\/wp-content\/uploads\/2024\/12\/04-2-300x282.jpg 300w, https:\/\/altisk-karcag.hu\/wp-content\/uploads\/2024\/12\/04-2-768x723.jpg 768w, https:\/\/altisk-karcag.hu\/wp-content\/uploads\/2024\/12\/04-2-1536x1445.jpg 1536w, https:\/\/altisk-karcag.hu\/wp-content\/uploads\/2024\/12\/04-2-372x350.jpg 372w, https:\/\/altisk-karcag.hu\/wp-content\/uploads\/2024\/12\/04-2.jpg 2048w\" sizes=\"(max-width: 1024px) 100vw, 1024px\" \/><\/a><\/figure>\n\n\n\n<figure class=\"wp-block-image size-large is-style-default\"><a href=\"https:\/\/altisk-karcag.hu\/wp-content\/uploads\/2024\/12\/01-3.jpg\"><img decoding=\"async\" loading=\"lazy\" width=\"1024\" height=\"577\" data-id=\"3170\" src=\"https:\/\/altisk-karcag.hu\/wp-content\/uploads\/2024\/12\/01-3-1024x577.jpg\" alt=\"\" class=\"wp-image-3170\" srcset=\"https:\/\/altisk-karcag.hu\/wp-content\/uploads\/2024\/12\/01-3-1024x577.jpg 1024w, https:\/\/altisk-karcag.hu\/wp-content\/uploads\/2024\/12\/01-3-300x169.jpg 300w, https:\/\/altisk-karcag.hu\/wp-content\/uploads\/2024\/12\/01-3-768x432.jpg 768w, https:\/\/altisk-karcag.hu\/wp-content\/uploads\/2024\/12\/01-3-1536x865.jpg 1536w, https:\/\/altisk-karcag.hu\/wp-content\/uploads\/2024\/12\/01-3-622x350.jpg 622w, https:\/\/altisk-karcag.hu\/wp-content\/uploads\/2024\/12\/01-3.jpg 2048w\" sizes=\"(max-width: 1024px) 100vw, 1024px\" \/><\/a><\/figure>\n<\/figure>\n","protected":false},"excerpt":{"rendered":"<p>2024.11.26-\u00e1n ker\u00fclt megrendez\u00e9sre az MDSZ \u00e1ltal szervezett Di\u00e1ksportfesztiv\u00e1l a Karcag V\u00e1rosi Sportcsarnokban, ahol a v\u00e1ros iskol\u00e1inak als\u00f3 tagozatos tanul\u00f3i sportolhattak egy\u00fctt. Di\u00e1kjaink nagyon j\u00f3l \u00e9rezt\u00e9k magukat ezen a sz\u00ednvonalas rendezv\u00e9nyen!K\u00f6sz\u00f6nj\u00fck a lehet\u0151s\u00e9get!<\/p>\n","protected":false},"author":1,"featured_media":0,"comment_status":"closed","ping_status":"closed","sticky":false,"template":"","format":"standard","meta":{"footnotes":""},"categories":[9,11],"tags":[],"_links":{"self":[{"href":"https:\/\/altisk-karcag.hu\/index.php?rest_route=\/wp\/v2\/posts\/3169"}],"collection":[{"href":"https:\/\/altisk-karcag.hu\/index.php?rest_route=\/wp\/v2\/posts"}],"about":[{"href":"https:\/\/altisk-karcag.hu\/index.php?rest_route=\/wp\/v2\/types\/post"}],"author":[{"embeddable":true,"href":"https:\/\/altisk-karcag.hu\/index.php?rest_route=\/wp\/v2\/users\/1"}],"replies":[{"embeddable":true,"href":"https:\/\/altisk-karcag.hu\/index.php?rest_route=%2Fwp%2Fv2%2Fcomments&post=3169"}],"version-history":[{"count":1,"href":"https:\/\/altisk-karcag.hu\/index.php?rest_route=\/wp\/v2\/posts\/3169\/revisions"}],"predecessor-version":[{"id":3174,"href":"https:\/\/altisk-karcag.hu\/index.php?rest_route=\/wp\/v2\/posts\/3169\/revisions\/3174"}],"wp:attachment":[{"href":"https:\/\/altisk-karcag.hu\/index.php?rest_route=%2Fwp%2Fv2%2Fmedia&parent=3169"}],"wp:term":[{"taxonomy":"category","embeddable":true,"href":"https:\/\/altisk-karcag.hu\/index.php?rest_route=%2Fwp%2Fv2%2Fcategories&post=3169"},{"taxonomy":"post_tag","embeddable":true,"href":"https:\/\/altisk-karcag.hu\/index.php?rest_route=%2Fwp%2Fv2%2Ftags&post=3169"}],"curies":[{"name":"wp","href":"https:\/\/api.w.org\/{rel}","templated":true}]}}