{"id":3165,"date":"2024-11-25T09:03:00","date_gmt":"2024-11-25T09:03:00","guid":{"rendered":"https:\/\/altisk-karcag.hu\/?p=3165"},"modified":"2024-12-16T09:13:11","modified_gmt":"2024-12-16T09:13:11","slug":"filharmonia-magyarorszag-koncertsorozat-elso-eloadas-2024-11-22-szent-efrem-ferfikar","status":"publish","type":"post","link":"https:\/\/altisk-karcag.hu\/?p=3165","title":{"rendered":"Filharm\u00f3nia Magyarorsz\u00e1g koncertsorozat- els\u0151 el\u0151ad\u00e1s 2024.11.22.Szent Efr\u00e9m F\u00e9rfikar"},"content":{"rendered":"\n<ol start=\"2024\">\n<li>november 22-\u00e9n 13 \u00f3rakor iskol\u00e1nk 14 \u00e9nekkaros tanul\u00f3ja vehetett r\u00e9szt a Filharm\u00f3nia Magyarorsz\u00e1g koncertsorozat\u00e1nak els\u0151 el\u0151ad\u00e1s\u00e1n. A D\u00e9ryn\u00e9 Kultur\u00e1lis K\u00f6zpont moziterm\u00e9ben a Szent Efr\u00e9m F\u00e9rfikar adott kiv\u00e1l\u00f3 koncertet.<br>Ezen az interakt\u00edv zen\u00e9s foglalkoz\u00e1son remek\u00fcl \u00e9rezt\u00fck magunkat! A f\u00e9rfikar a gy\u00f6ny\u00f6r\u0171 m\u0171veket a k\u00f6z\u00f6ns\u00e9ggel egy\u00fctt \u00e9nekelve, tapsolva, dobogva adta el\u0151, fantasztikus hangulatot teremtve. Nagyon v\u00e1rjuk a k\u00f6vetkez\u0151 k\u00e9t el\u0151ad\u00e1st! K\u00f6sz\u00f6nj\u00fck az iskolavezet\u00e9snek a b\u00e9rletek biztos\u00edt\u00e1s\u00e1t az als\u00f3s \u00e9s fels\u0151s \u00e9nekkar tagjai sz\u00e1m\u00e1ra!<br>K\u00eds\u00e9r\u0151 pedag\u00f3gusok: Patk\u00f3n\u00e9 Erdei Judit, Kov\u00e1csn\u00e9 Ecsedi Csilla tan\u00e1rn\u0151k<\/li>\n<\/ol>\n\n\n\n<figure class=\"wp-block-gallery has-nested-images columns-default is-cropped wp-block-gallery-1 is-layout-flex wp-block-gallery-is-layout-flex\">\n<figure class=\"wp-block-image size-large is-style-default\"><a href=\"https:\/\/altisk-karcag.hu\/wp-content\/uploads\/2024\/12\/01-2.jpg\"><img decoding=\"async\" loading=\"lazy\" width=\"1024\" height=\"766\" data-id=\"3166\" src=\"https:\/\/altisk-karcag.hu\/wp-content\/uploads\/2024\/12\/01-2-1024x766.jpg\" alt=\"\" class=\"wp-image-3166\" srcset=\"https:\/\/altisk-karcag.hu\/wp-content\/uploads\/2024\/12\/01-2-1024x766.jpg 1024w, https:\/\/altisk-karcag.hu\/wp-content\/uploads\/2024\/12\/01-2-300x224.jpg 300w, https:\/\/altisk-karcag.hu\/wp-content\/uploads\/2024\/12\/01-2-768x574.jpg 768w, https:\/\/altisk-karcag.hu\/wp-content\/uploads\/2024\/12\/01-2-1536x1148.jpg 1536w, https:\/\/altisk-karcag.hu\/wp-content\/uploads\/2024\/12\/01-2-468x350.jpg 468w, https:\/\/altisk-karcag.hu\/wp-content\/uploads\/2024\/12\/01-2.jpg 2048w\" sizes=\"(max-width: 1024px) 100vw, 1024px\" \/><\/a><\/figure>\n\n\n\n<figure class=\"wp-block-image size-large is-style-default\"><a href=\"https:\/\/altisk-karcag.hu\/wp-content\/uploads\/2024\/12\/02-2.jpg\"><img decoding=\"async\" loading=\"lazy\" width=\"1024\" height=\"768\" data-id=\"3167\" src=\"https:\/\/altisk-karcag.hu\/wp-content\/uploads\/2024\/12\/02-2-1024x768.jpg\" alt=\"\" class=\"wp-image-3167\" srcset=\"https:\/\/altisk-karcag.hu\/wp-content\/uploads\/2024\/12\/02-2-1024x768.jpg 1024w, https:\/\/altisk-karcag.hu\/wp-content\/uploads\/2024\/12\/02-2-300x225.jpg 300w, https:\/\/altisk-karcag.hu\/wp-content\/uploads\/2024\/12\/02-2-768x576.jpg 768w, https:\/\/altisk-karcag.hu\/wp-content\/uploads\/2024\/12\/02-2-1536x1152.jpg 1536w, https:\/\/altisk-karcag.hu\/wp-content\/uploads\/2024\/12\/02-2-467x350.jpg 467w, https:\/\/altisk-karcag.hu\/wp-content\/uploads\/2024\/12\/02-2.jpg 2048w\" sizes=\"(max-width: 1024px) 100vw, 1024px\" \/><\/a><\/figure>\n<\/figure>\n","protected":false},"excerpt":{"rendered":"","protected":false},"author":1,"featured_media":0,"comment_status":"closed","ping_status":"closed","sticky":false,"template":"","format":"standard","meta":{"footnotes":""},"categories":[9,11],"tags":[],"_links":{"self":[{"href":"https:\/\/altisk-karcag.hu\/index.php?rest_route=\/wp\/v2\/posts\/3165"}],"collection":[{"href":"https:\/\/altisk-karcag.hu\/index.php?rest_route=\/wp\/v2\/posts"}],"about":[{"href":"https:\/\/altisk-karcag.hu\/index.php?rest_route=\/wp\/v2\/types\/post"}],"author":[{"embeddable":true,"href":"https:\/\/altisk-karcag.hu\/index.php?rest_route=\/wp\/v2\/users\/1"}],"replies":[{"embeddable":true,"href":"https:\/\/altisk-karcag.hu\/index.php?rest_route=%2Fwp%2Fv2%2Fcomments&post=3165"}],"version-history":[{"count":1,"href":"https:\/\/altisk-karcag.hu\/index.php?rest_route=\/wp\/v2\/posts\/3165\/revisions"}],"predecessor-version":[{"id":3168,"href":"https:\/\/altisk-karcag.hu\/index.php?rest_route=\/wp\/v2\/posts\/3165\/revisions\/3168"}],"wp:attachment":[{"href":"https:\/\/altisk-karcag.hu\/index.php?rest_route=%2Fwp%2Fv2%2Fmedia&parent=3165"}],"wp:term":[{"taxonomy":"category","embeddable":true,"href":"https:\/\/altisk-karcag.hu\/index.php?rest_route=%2Fwp%2Fv2%2Fcategories&post=3165"},{"taxonomy":"post_tag","embeddable":true,"href":"https:\/\/altisk-karcag.hu\/index.php?rest_route=%2Fwp%2Fv2%2Ftags&post=3165"}],"curies":[{"name":"wp","href":"https:\/\/api.w.org\/{rel}","templated":true}]}}