{"id":3161,"date":"2024-12-10T13:40:44","date_gmt":"2024-12-10T13:40:44","guid":{"rendered":"https:\/\/altisk-karcag.hu\/?p=3161"},"modified":"2024-12-10T13:40:46","modified_gmt":"2024-12-10T13:40:46","slug":"iskolank-buszkesegei-a-kicsi-nagykovet-dicsosegcsarnokaban","status":"publish","type":"post","link":"https:\/\/altisk-karcag.hu\/?p=3161","title":{"rendered":"Iskol\u00e1nk b\u00fcszkes\u00e9gei a Kicsi Nagyk\u00f6vet dics\u0151s\u00e9gcsarnok\u00e1ban"},"content":{"rendered":"\n<p>Nagy \u00f6r\u00f6mmel jelenthetj\u00fck, hogy iskol\u00e1nk k\u00e9t tehets\u00e9ges tanul\u00f3ja, Varga Reg\u0151 \u00e9s Kun Benedek is felker\u00fclt a Kicsi Nagyk\u00f6vet dics\u0151s\u00e9gcsarnok\u00e1ba! Ez a kiv\u00e9teles elismer\u00e9s mindkett\u0151j\u00fck sz\u00e1m\u00e1ra egyar\u00e1nt jelent\u0151s m\u00e9rf\u00f6ldk\u0151, \u00e9s iskol\u00e1nkra n\u00e9zve is nagy megtiszteltet\u00e9s.<\/p>\n\n\n\n<p><strong>Varga Reg\u0151<\/strong> 4. a. oszt\u00e1lyos tanul\u00f3 Kicsi Agr\u00e1r Attas\u00e9k\u00e9nt bizony\u00edtotta, hogy m\u00e9ly \u00e9rdekl\u0151d\u00e9st \u00e9s tehets\u00e9get mutat az agr\u00e1rium ir\u00e1nt. Akt\u00edv iskolai tev\u00e9kenys\u00e9ge hozz\u00e1j\u00e1rult ahhoz, hogy iskolai k\u00f6z\u00f6ss\u00e9g\u00fcnk, tanul\u00f3ink is jobban megismerj\u00e9k \u00e9s \u00e9rt\u00e9kelj\u00e9k a fenntarthat\u00f3 mez\u0151gazdas\u00e1g fontoss\u00e1g\u00e1t.<\/p>\n\n\n\n<p><strong>Kun Benedek<\/strong> 4. b. oszt\u00e1lyos tanul\u00f3 Kicsi Sport Attas\u00e9k\u00e9nt pedig sporteredm\u00e9nyeivel \u00e9s p\u00e9ldamutat\u00f3 hozz\u00e1\u00e1ll\u00e1s\u00e1val \u00f6szt\u00f6nzi t\u00e1rsait a rendszeres testmozg\u00e1sra \u00e9s az eg\u00e9szs\u00e9ges \u00e9letm\u00f3dra. Kitart\u00e1sa, tehets\u00e9ge \u00e9s sportszer\u0171s\u00e9ge p\u00e9ldamutat\u00f3 mindenki sz\u00e1m\u00e1ra.<\/p>\n\n\n\n<p>Mindk\u00e9t tanul\u00f3 b\u00fcszkes\u00e9ge az iskol\u00e1nak \u00e9s a k\u00f6z\u00f6ss\u00e9gnek. Siker\u00fck bizony\u00edtja, hogy tehets\u00e9g\u00fckkel \u00e9s szorgalmukkal b\u00e1rki el\u00e9rheti c\u00e9ljait.<\/p>\n\n\n\n<p>Int\u00e9zm\u00e9ny\u00fcnk tov\u00e1bbi k\u00e9t tanul\u00f3ja k\u00fcl\u00f6nd\u00edjban r\u00e9szes\u00fclt: Sipos Bence 4.a. oszt\u00e1lyos \u00e9s T\u00f3th Vikt\u00f3ria 5. oszt\u00e1lyos tanul\u00f3k.<\/p>\n\n\n\n<p>Kiemelked\u0151 eredm\u00e9ny\u00fck rem\u00e9lj\u00fck, hogy inspir\u00e1ci\u00f3ul szolg\u00e1l majd a t\u00f6bbi di\u00e1k sz\u00e1m\u00e1ra is.<\/p>\n\n\n\n<p><strong>Ez\u00faton is sz\u00edvb\u0151l gratul\u00e1lunk Varga Reg\u0151nek, Kun Benedeknek, Sipos Benc\u00e9nek \u00e9s T\u00f3th Vikt\u00f3ri\u00e1nak!<\/strong> K\u00edv\u00e1nunk nekik tov\u00e1bbi sok sikert \u00e9s boldogs\u00e1got a j\u00f6v\u0151ben!<br><strong>Heged\u0171sn\u00e9 F\u00f3ri\u00e1n Annam\u00e1ria<\/strong><\/p>\n\n\n\n<figure class=\"wp-block-image size-large is-style-default\"><a href=\"https:\/\/altisk-karcag.hu\/wp-content\/uploads\/2024\/12\/9c45ab5a-8858-49ca-941b-166d62067aff.jpg\" target=\"_blank\" rel=\"noreferrer noopener\"><img decoding=\"async\" loading=\"lazy\" width=\"819\" height=\"1024\" src=\"https:\/\/altisk-karcag.hu\/wp-content\/uploads\/2024\/12\/9c45ab5a-8858-49ca-941b-166d62067aff-819x1024.jpg\" alt=\"\" class=\"wp-image-3162\" srcset=\"https:\/\/altisk-karcag.hu\/wp-content\/uploads\/2024\/12\/9c45ab5a-8858-49ca-941b-166d62067aff-819x1024.jpg 819w, https:\/\/altisk-karcag.hu\/wp-content\/uploads\/2024\/12\/9c45ab5a-8858-49ca-941b-166d62067aff-240x300.jpg 240w, https:\/\/altisk-karcag.hu\/wp-content\/uploads\/2024\/12\/9c45ab5a-8858-49ca-941b-166d62067aff-768x960.jpg 768w, https:\/\/altisk-karcag.hu\/wp-content\/uploads\/2024\/12\/9c45ab5a-8858-49ca-941b-166d62067aff-280x350.jpg 280w, https:\/\/altisk-karcag.hu\/wp-content\/uploads\/2024\/12\/9c45ab5a-8858-49ca-941b-166d62067aff.jpg 1080w\" sizes=\"(max-width: 819px) 100vw, 819px\" \/><\/a><\/figure>\n","protected":false},"excerpt":{"rendered":"<p>Nagy \u00f6r\u00f6mmel jelenthetj\u00fck, hogy iskol\u00e1nk k\u00e9t tehets\u00e9ges tanul\u00f3ja, Varga Reg\u0151 \u00e9s Kun Benedek is felker\u00fclt a Kicsi Nagyk\u00f6vet dics\u0151s\u00e9gcsarnok\u00e1ba! Ez a kiv\u00e9teles elismer\u00e9s mindkett\u0151j\u00fck sz\u00e1m\u00e1ra egyar\u00e1nt jelent\u0151s m\u00e9rf\u00f6ldk\u0151, \u00e9s iskol\u00e1nkra n\u00e9zve is nagy megtiszteltet\u00e9s. Varga Reg\u0151 4. a. oszt\u00e1lyos tanul\u00f3 Kicsi Agr\u00e1r Attas\u00e9k\u00e9nt bizony\u00edtotta, hogy m\u00e9ly \u00e9rdekl\u0151d\u00e9st \u00e9s tehets\u00e9get mutat &hellip;<\/p>\n","protected":false},"author":1,"featured_media":0,"comment_status":"closed","ping_status":"closed","sticky":false,"template":"","format":"standard","meta":{"footnotes":""},"categories":[9,10],"tags":[],"_links":{"self":[{"href":"https:\/\/altisk-karcag.hu\/index.php?rest_route=\/wp\/v2\/posts\/3161"}],"collection":[{"href":"https:\/\/altisk-karcag.hu\/index.php?rest_route=\/wp\/v2\/posts"}],"about":[{"href":"https:\/\/altisk-karcag.hu\/index.php?rest_route=\/wp\/v2\/types\/post"}],"author":[{"embeddable":true,"href":"https:\/\/altisk-karcag.hu\/index.php?rest_route=\/wp\/v2\/users\/1"}],"replies":[{"embeddable":true,"href":"https:\/\/altisk-karcag.hu\/index.php?rest_route=%2Fwp%2Fv2%2Fcomments&post=3161"}],"version-history":[{"count":1,"href":"https:\/\/altisk-karcag.hu\/index.php?rest_route=\/wp\/v2\/posts\/3161\/revisions"}],"predecessor-version":[{"id":3163,"href":"https:\/\/altisk-karcag.hu\/index.php?rest_route=\/wp\/v2\/posts\/3161\/revisions\/3163"}],"wp:attachment":[{"href":"https:\/\/altisk-karcag.hu\/index.php?rest_route=%2Fwp%2Fv2%2Fmedia&parent=3161"}],"wp:term":[{"taxonomy":"category","embeddable":true,"href":"https:\/\/altisk-karcag.hu\/index.php?rest_route=%2Fwp%2Fv2%2Fcategories&post=3161"},{"taxonomy":"post_tag","embeddable":true,"href":"https:\/\/altisk-karcag.hu\/index.php?rest_route=%2Fwp%2Fv2%2Ftags&post=3161"}],"curies":[{"name":"wp","href":"https:\/\/api.w.org\/{rel}","templated":true}]}}