{"id":3138,"date":"2024-11-12T08:02:10","date_gmt":"2024-11-12T08:02:10","guid":{"rendered":"https:\/\/altisk-karcag.hu\/?p=3138"},"modified":"2024-11-12T08:02:13","modified_gmt":"2024-11-12T08:02:13","slug":"marton-napi-libasagok-kiskulcsoson","status":"publish","type":"post","link":"https:\/\/altisk-karcag.hu\/?p=3138","title":{"rendered":"M\u00e1rton napi \u201elibas\u00e1gok\u201d Kiskulcsoson!"},"content":{"rendered":"\n<p>A M\u00e1rton-nap szok\u00e1sa Szent M\u00e1rton nev\u00e9hez k\u00f6t\u0151dik. Iskol\u00e1nkban \u00faj hagyom\u00e1nyt teremtve eml\u00e9kezt\u00fcnk meg a di\u00e1k\u00f6nkorm\u00e1nyzat szervez\u00e9s\u00e9vel. A folyos\u00f3i dekor\u00e1ci\u00f3k, plak\u00e1tok Lengyel \u00c9va \u00e9s Baranyai Ildik\u00f3 nevel\u0151inket dics\u00e9rik.<br>Olvashattunk \u00e9rdekess\u00e9geket a M\u00e1rton-napi babon\u00e1kb\u00f3l, legend\u00e1kb\u00f3l, n\u00e9pi j\u00f3sl\u00e1sokb\u00f3l.<br>A reggeli friss\u00edt\u0151 kv\u00edz ut\u00e1n libakeres\u0151 futam k\u00f6vetkezett, ahol jutalmul j\u00e9gcsokit kapott minden r\u00e9sztvev\u0151.<br>K\u00f6sz\u00f6n\u00f6n\u00f6m Jobb\u00e1gy Gerg\u0151, Nagy \u00c9va pedag\u00f3gusoknak, a di\u00e1k\u00f6nkorm\u00e1nyzat k\u00e9pvisel\u0151inek, Laczko Levente 7. oszt\u00e1lyos tanul\u00f3nak az akt\u00edv munk\u00e1j\u00e1t.<br>Horv\u00e1thn\u00e9 Pandur T\u00fcnde \u2013 di\u00e1k\u00f6nkorm\u00e1nyzat munk\u00e1j\u00e1t seg\u00edt\u0151 tan\u00e1r<\/p>\n\n\n\n<figure class=\"wp-block-gallery has-nested-images columns-default is-cropped wp-block-gallery-1 is-layout-flex wp-block-gallery-is-layout-flex\">\n<figure class=\"wp-block-image size-large is-style-default\"><a href=\"https:\/\/altisk-karcag.hu\/wp-content\/uploads\/2024\/11\/02-3.jpg\"><img decoding=\"async\" loading=\"lazy\" width=\"1024\" height=\"768\" data-id=\"3139\" src=\"https:\/\/altisk-karcag.hu\/wp-content\/uploads\/2024\/11\/02-3-1024x768.jpg\" alt=\"\" class=\"wp-image-3139\" srcset=\"https:\/\/altisk-karcag.hu\/wp-content\/uploads\/2024\/11\/02-3-1024x768.jpg 1024w, https:\/\/altisk-karcag.hu\/wp-content\/uploads\/2024\/11\/02-3-300x225.jpg 300w, https:\/\/altisk-karcag.hu\/wp-content\/uploads\/2024\/11\/02-3-768x576.jpg 768w, https:\/\/altisk-karcag.hu\/wp-content\/uploads\/2024\/11\/02-3-1536x1152.jpg 1536w, https:\/\/altisk-karcag.hu\/wp-content\/uploads\/2024\/11\/02-3-467x350.jpg 467w, https:\/\/altisk-karcag.hu\/wp-content\/uploads\/2024\/11\/02-3.jpg 2048w\" sizes=\"(max-width: 1024px) 100vw, 1024px\" \/><\/a><\/figure>\n\n\n\n<figure class=\"wp-block-image size-large is-style-default\"><a href=\"https:\/\/altisk-karcag.hu\/wp-content\/uploads\/2024\/11\/01-2.jpg\"><img decoding=\"async\" loading=\"lazy\" width=\"640\" height=\"480\" data-id=\"3140\" src=\"https:\/\/altisk-karcag.hu\/wp-content\/uploads\/2024\/11\/01-2.jpg\" alt=\"\" class=\"wp-image-3140\" srcset=\"https:\/\/altisk-karcag.hu\/wp-content\/uploads\/2024\/11\/01-2.jpg 640w, https:\/\/altisk-karcag.hu\/wp-content\/uploads\/2024\/11\/01-2-300x225.jpg 300w, https:\/\/altisk-karcag.hu\/wp-content\/uploads\/2024\/11\/01-2-467x350.jpg 467w\" sizes=\"(max-width: 640px) 100vw, 640px\" \/><\/a><\/figure>\n<\/figure>\n","protected":false},"excerpt":{"rendered":"<p>A M\u00e1rton-nap szok\u00e1sa Szent M\u00e1rton nev\u00e9hez k\u00f6t\u0151dik. Iskol\u00e1nkban \u00faj hagyom\u00e1nyt teremtve eml\u00e9kezt\u00fcnk meg a di\u00e1k\u00f6nkorm\u00e1nyzat szervez\u00e9s\u00e9vel. A folyos\u00f3i dekor\u00e1ci\u00f3k, plak\u00e1tok Lengyel \u00c9va \u00e9s Baranyai Ildik\u00f3 nevel\u0151inket dics\u00e9rik.Olvashattunk \u00e9rdekess\u00e9geket a M\u00e1rton-napi babon\u00e1kb\u00f3l, legend\u00e1kb\u00f3l, n\u00e9pi j\u00f3sl\u00e1sokb\u00f3l.A reggeli friss\u00edt\u0151 kv\u00edz ut\u00e1n libakeres\u0151 futam k\u00f6vetkezett, ahol jutalmul j\u00e9gcsokit kapott minden r\u00e9sztvev\u0151.K\u00f6sz\u00f6n\u00f6n\u00f6m Jobb\u00e1gy Gerg\u0151, Nagy &hellip;<\/p>\n","protected":false},"author":1,"featured_media":0,"comment_status":"closed","ping_status":"closed","sticky":false,"template":"","format":"standard","meta":{"footnotes":""},"categories":[9],"tags":[],"_links":{"self":[{"href":"https:\/\/altisk-karcag.hu\/index.php?rest_route=\/wp\/v2\/posts\/3138"}],"collection":[{"href":"https:\/\/altisk-karcag.hu\/index.php?rest_route=\/wp\/v2\/posts"}],"about":[{"href":"https:\/\/altisk-karcag.hu\/index.php?rest_route=\/wp\/v2\/types\/post"}],"author":[{"embeddable":true,"href":"https:\/\/altisk-karcag.hu\/index.php?rest_route=\/wp\/v2\/users\/1"}],"replies":[{"embeddable":true,"href":"https:\/\/altisk-karcag.hu\/index.php?rest_route=%2Fwp%2Fv2%2Fcomments&post=3138"}],"version-history":[{"count":1,"href":"https:\/\/altisk-karcag.hu\/index.php?rest_route=\/wp\/v2\/posts\/3138\/revisions"}],"predecessor-version":[{"id":3141,"href":"https:\/\/altisk-karcag.hu\/index.php?rest_route=\/wp\/v2\/posts\/3138\/revisions\/3141"}],"wp:attachment":[{"href":"https:\/\/altisk-karcag.hu\/index.php?rest_route=%2Fwp%2Fv2%2Fmedia&parent=3138"}],"wp:term":[{"taxonomy":"category","embeddable":true,"href":"https:\/\/altisk-karcag.hu\/index.php?rest_route=%2Fwp%2Fv2%2Fcategories&post=3138"},{"taxonomy":"post_tag","embeddable":true,"href":"https:\/\/altisk-karcag.hu\/index.php?rest_route=%2Fwp%2Fv2%2Ftags&post=3138"}],"curies":[{"name":"wp","href":"https:\/\/api.w.org\/{rel}","templated":true}]}}