{"id":3134,"date":"2024-11-11T07:37:00","date_gmt":"2024-11-11T07:37:00","guid":{"rendered":"https:\/\/altisk-karcag.hu\/?p=3134"},"modified":"2024-11-12T08:00:19","modified_gmt":"2024-11-12T08:00:19","slug":"kiskulcsosiak-az-idegen-nyelvi-versmondo-versenyen","status":"publish","type":"post","link":"https:\/\/altisk-karcag.hu\/?p=3134","title":{"rendered":"Kiskulcsosiak az idegen nyelvi versmond\u00f3 versenyen!"},"content":{"rendered":"\n<p>November 7-\u00e9n, Kis\u00fajsz\u00e1ll\u00e1son, a Nagykun Baptista Oktat\u00e1si K\u00f6zpont Gimn\u00e1zium\u00e1ban ker\u00fclt megrendez\u00e9sre a region\u00e1lis idegen nyelvi versmond\u00f3 verseny. A Kiskulcsosi di\u00e1kok \u00fcgyesen helyt \u00e1lltak az er\u0151s mez\u0151nyben.<br>Mile Vikt\u00f3ria (4.a), L\u00f3r-Kerekes Viola Kincs\u0151 (6.o.) \u00e9s Radv\u00e1nyi Bogl\u00e1rka (7.o.) eml\u00e9klapot kapott.<br>T\u00f3th Vikt\u00f3ria (5.o.) \u00e9s \u00d6kr\u00f6s J\u00e1zmin (6.o.) 3. helyez\u00e9st \u00e9rt el.<br>N\u00e9meth Ferenc (8. o.) a 2. helyen v\u00e9gzett.<br>Gratul\u00e1lunk a versenyz\u0151knek \u00e9s felk\u00e9sz\u00edt\u0151j\u00fcknek Nagy \u00c9va tan\u00e1rn\u0151nek!<\/p>\n\n\n\n<figure class=\"wp-block-gallery has-nested-images columns-default is-cropped wp-block-gallery-1 is-layout-flex wp-block-gallery-is-layout-flex\">\n<figure class=\"wp-block-image size-large is-style-default\"><a href=\"https:\/\/altisk-karcag.hu\/wp-content\/uploads\/2024\/11\/02-2.jpg\"><img decoding=\"async\" loading=\"lazy\" width=\"768\" height=\"1024\" data-id=\"3135\" src=\"https:\/\/altisk-karcag.hu\/wp-content\/uploads\/2024\/11\/02-2-768x1024.jpg\" alt=\"\" class=\"wp-image-3135\" srcset=\"https:\/\/altisk-karcag.hu\/wp-content\/uploads\/2024\/11\/02-2-768x1024.jpg 768w, https:\/\/altisk-karcag.hu\/wp-content\/uploads\/2024\/11\/02-2-225x300.jpg 225w, https:\/\/altisk-karcag.hu\/wp-content\/uploads\/2024\/11\/02-2-1152x1536.jpg 1152w, https:\/\/altisk-karcag.hu\/wp-content\/uploads\/2024\/11\/02-2-263x350.jpg 263w, https:\/\/altisk-karcag.hu\/wp-content\/uploads\/2024\/11\/02-2.jpg 1500w\" sizes=\"(max-width: 768px) 100vw, 768px\" \/><\/a><\/figure>\n\n\n\n<figure class=\"wp-block-image size-large is-style-default\"><a href=\"https:\/\/altisk-karcag.hu\/wp-content\/uploads\/2024\/11\/01-1.jpg\"><img decoding=\"async\" loading=\"lazy\" width=\"796\" height=\"1024\" data-id=\"3136\" src=\"https:\/\/altisk-karcag.hu\/wp-content\/uploads\/2024\/11\/01-1-796x1024.jpg\" alt=\"\" class=\"wp-image-3136\" srcset=\"https:\/\/altisk-karcag.hu\/wp-content\/uploads\/2024\/11\/01-1-796x1024.jpg 796w, https:\/\/altisk-karcag.hu\/wp-content\/uploads\/2024\/11\/01-1-233x300.jpg 233w, https:\/\/altisk-karcag.hu\/wp-content\/uploads\/2024\/11\/01-1-768x988.jpg 768w, https:\/\/altisk-karcag.hu\/wp-content\/uploads\/2024\/11\/01-1-1194x1536.jpg 1194w, https:\/\/altisk-karcag.hu\/wp-content\/uploads\/2024\/11\/01-1-272x350.jpg 272w, https:\/\/altisk-karcag.hu\/wp-content\/uploads\/2024\/11\/01-1.jpg 1499w\" sizes=\"(max-width: 796px) 100vw, 796px\" \/><\/a><\/figure>\n<\/figure>\n","protected":false},"excerpt":{"rendered":"<p>November 7-\u00e9n, Kis\u00fajsz\u00e1ll\u00e1son, a Nagykun Baptista Oktat\u00e1si K\u00f6zpont Gimn\u00e1zium\u00e1ban ker\u00fclt megrendez\u00e9sre a region\u00e1lis idegen nyelvi versmond\u00f3 verseny. A Kiskulcsosi di\u00e1kok \u00fcgyesen helyt \u00e1lltak az er\u0151s mez\u0151nyben.Mile Vikt\u00f3ria (4.a), L\u00f3r-Kerekes Viola Kincs\u0151 (6.o.) \u00e9s Radv\u00e1nyi Bogl\u00e1rka (7.o.) eml\u00e9klapot kapott.T\u00f3th Vikt\u00f3ria (5.o.) \u00e9s \u00d6kr\u00f6s J\u00e1zmin (6.o.) 3. helyez\u00e9st \u00e9rt el.N\u00e9meth Ferenc (8. &hellip;<\/p>\n","protected":false},"author":1,"featured_media":0,"comment_status":"closed","ping_status":"closed","sticky":false,"template":"","format":"standard","meta":{"footnotes":""},"categories":[9],"tags":[],"_links":{"self":[{"href":"https:\/\/altisk-karcag.hu\/index.php?rest_route=\/wp\/v2\/posts\/3134"}],"collection":[{"href":"https:\/\/altisk-karcag.hu\/index.php?rest_route=\/wp\/v2\/posts"}],"about":[{"href":"https:\/\/altisk-karcag.hu\/index.php?rest_route=\/wp\/v2\/types\/post"}],"author":[{"embeddable":true,"href":"https:\/\/altisk-karcag.hu\/index.php?rest_route=\/wp\/v2\/users\/1"}],"replies":[{"embeddable":true,"href":"https:\/\/altisk-karcag.hu\/index.php?rest_route=%2Fwp%2Fv2%2Fcomments&post=3134"}],"version-history":[{"count":1,"href":"https:\/\/altisk-karcag.hu\/index.php?rest_route=\/wp\/v2\/posts\/3134\/revisions"}],"predecessor-version":[{"id":3137,"href":"https:\/\/altisk-karcag.hu\/index.php?rest_route=\/wp\/v2\/posts\/3134\/revisions\/3137"}],"wp:attachment":[{"href":"https:\/\/altisk-karcag.hu\/index.php?rest_route=%2Fwp%2Fv2%2Fmedia&parent=3134"}],"wp:term":[{"taxonomy":"category","embeddable":true,"href":"https:\/\/altisk-karcag.hu\/index.php?rest_route=%2Fwp%2Fv2%2Fcategories&post=3134"},{"taxonomy":"post_tag","embeddable":true,"href":"https:\/\/altisk-karcag.hu\/index.php?rest_route=%2Fwp%2Fv2%2Ftags&post=3134"}],"curies":[{"name":"wp","href":"https:\/\/api.w.org\/{rel}","templated":true}]}}