{"id":3068,"date":"2024-10-16T11:51:42","date_gmt":"2024-10-16T11:51:42","guid":{"rendered":"https:\/\/altisk-karcag.hu\/?p=3068"},"modified":"2024-10-16T11:51:43","modified_gmt":"2024-10-16T11:51:43","slug":"a-legszebb-konyhakertek-kiskulcsosi-dijazottak","status":"publish","type":"post","link":"https:\/\/altisk-karcag.hu\/?p=3068","title":{"rendered":"\u201cA legszebb konyhakertek\u201d &#8211; Kiskulcsosi d\u00edjazottak!"},"content":{"rendered":"\n<p>\u201eA legszebb konyhakertek\u201d -Magyarorsz\u00e1g legszebb konyhakertjei orsz\u00e1gos program 2024. \u00e9vi helyi verseny\u00e9ben k\u00f6z\u00f6ss\u00e9gi kateg\u00f3ri\u00e1ban a Karcagi Kov\u00e1ts Mih\u00e1ly \u00c1ltal\u00e1nos Iskola Kiskulcsosi \u00c1ltal\u00e1nos Iskola kertje II. helyez\u00e9st \u00e9rt el.<\/p>\n\n\n\n<figure class=\"wp-block-gallery has-nested-images columns-default is-cropped wp-block-gallery-1 is-layout-flex wp-block-gallery-is-layout-flex\">\n<figure class=\"wp-block-image size-large is-style-default\"><a href=\"https:\/\/altisk-karcag.hu\/wp-content\/uploads\/2024\/10\/01-2.jpg\"><img decoding=\"async\" loading=\"lazy\" width=\"771\" height=\"1024\" data-id=\"3072\" src=\"https:\/\/altisk-karcag.hu\/wp-content\/uploads\/2024\/10\/01-2-771x1024.jpg\" alt=\"\" class=\"wp-image-3072\" srcset=\"https:\/\/altisk-karcag.hu\/wp-content\/uploads\/2024\/10\/01-2-771x1024.jpg 771w, https:\/\/altisk-karcag.hu\/wp-content\/uploads\/2024\/10\/01-2-226x300.jpg 226w, https:\/\/altisk-karcag.hu\/wp-content\/uploads\/2024\/10\/01-2-768x1020.jpg 768w, https:\/\/altisk-karcag.hu\/wp-content\/uploads\/2024\/10\/01-2-1157x1536.jpg 1157w, https:\/\/altisk-karcag.hu\/wp-content\/uploads\/2024\/10\/01-2-264x350.jpg 264w, https:\/\/altisk-karcag.hu\/wp-content\/uploads\/2024\/10\/01-2.jpg 1536w\" sizes=\"(max-width: 771px) 100vw, 771px\" \/><\/a><\/figure>\n\n\n\n<figure class=\"wp-block-image size-large is-style-default\"><a href=\"https:\/\/altisk-karcag.hu\/wp-content\/uploads\/2024\/10\/02-2.jpg\"><img decoding=\"async\" loading=\"lazy\" width=\"795\" height=\"1024\" data-id=\"3071\" src=\"https:\/\/altisk-karcag.hu\/wp-content\/uploads\/2024\/10\/02-2-795x1024.jpg\" alt=\"\" class=\"wp-image-3071\" srcset=\"https:\/\/altisk-karcag.hu\/wp-content\/uploads\/2024\/10\/02-2-795x1024.jpg 795w, https:\/\/altisk-karcag.hu\/wp-content\/uploads\/2024\/10\/02-2-233x300.jpg 233w, https:\/\/altisk-karcag.hu\/wp-content\/uploads\/2024\/10\/02-2-768x989.jpg 768w, https:\/\/altisk-karcag.hu\/wp-content\/uploads\/2024\/10\/02-2-1193x1536.jpg 1193w, https:\/\/altisk-karcag.hu\/wp-content\/uploads\/2024\/10\/02-2-272x350.jpg 272w, https:\/\/altisk-karcag.hu\/wp-content\/uploads\/2024\/10\/02-2.jpg 1590w\" sizes=\"(max-width: 795px) 100vw, 795px\" \/><\/a><\/figure>\n\n\n\n<figure class=\"wp-block-image size-large is-style-default\"><a href=\"https:\/\/altisk-karcag.hu\/wp-content\/uploads\/2024\/10\/03-2.jpg\"><img decoding=\"async\" loading=\"lazy\" width=\"1024\" height=\"768\" data-id=\"3069\" src=\"https:\/\/altisk-karcag.hu\/wp-content\/uploads\/2024\/10\/03-2-1024x768.jpg\" alt=\"\" class=\"wp-image-3069\" srcset=\"https:\/\/altisk-karcag.hu\/wp-content\/uploads\/2024\/10\/03-2-1024x768.jpg 1024w, https:\/\/altisk-karcag.hu\/wp-content\/uploads\/2024\/10\/03-2-300x225.jpg 300w, https:\/\/altisk-karcag.hu\/wp-content\/uploads\/2024\/10\/03-2-768x576.jpg 768w, https:\/\/altisk-karcag.hu\/wp-content\/uploads\/2024\/10\/03-2-1536x1152.jpg 1536w, https:\/\/altisk-karcag.hu\/wp-content\/uploads\/2024\/10\/03-2-467x350.jpg 467w, https:\/\/altisk-karcag.hu\/wp-content\/uploads\/2024\/10\/03-2.jpg 2048w\" sizes=\"(max-width: 1024px) 100vw, 1024px\" \/><\/a><\/figure>\n\n\n\n<figure class=\"wp-block-image size-large is-style-default\"><a href=\"https:\/\/altisk-karcag.hu\/wp-content\/uploads\/2024\/10\/04-2.jpg\"><img decoding=\"async\" loading=\"lazy\" width=\"1024\" height=\"768\" data-id=\"3070\" src=\"https:\/\/altisk-karcag.hu\/wp-content\/uploads\/2024\/10\/04-2-1024x768.jpg\" alt=\"\" class=\"wp-image-3070\" srcset=\"https:\/\/altisk-karcag.hu\/wp-content\/uploads\/2024\/10\/04-2-1024x768.jpg 1024w, https:\/\/altisk-karcag.hu\/wp-content\/uploads\/2024\/10\/04-2-300x225.jpg 300w, https:\/\/altisk-karcag.hu\/wp-content\/uploads\/2024\/10\/04-2-768x576.jpg 768w, https:\/\/altisk-karcag.hu\/wp-content\/uploads\/2024\/10\/04-2-1536x1152.jpg 1536w, https:\/\/altisk-karcag.hu\/wp-content\/uploads\/2024\/10\/04-2-467x350.jpg 467w, https:\/\/altisk-karcag.hu\/wp-content\/uploads\/2024\/10\/04-2.jpg 2048w\" sizes=\"(max-width: 1024px) 100vw, 1024px\" \/><\/a><\/figure>\n<\/figure>\n","protected":false},"excerpt":{"rendered":"<p>\u201eA legszebb konyhakertek\u201d -Magyarorsz\u00e1g legszebb konyhakertjei orsz\u00e1gos program 2024. \u00e9vi helyi verseny\u00e9ben k\u00f6z\u00f6ss\u00e9gi kateg\u00f3ri\u00e1ban a Karcagi Kov\u00e1ts Mih\u00e1ly \u00c1ltal\u00e1nos Iskola Kiskulcsosi \u00c1ltal\u00e1nos Iskola kertje II. helyez\u00e9st \u00e9rt el.<\/p>\n","protected":false},"author":1,"featured_media":0,"comment_status":"closed","ping_status":"closed","sticky":false,"template":"","format":"standard","meta":{"footnotes":""},"categories":[9,20,10],"tags":[],"_links":{"self":[{"href":"https:\/\/altisk-karcag.hu\/index.php?rest_route=\/wp\/v2\/posts\/3068"}],"collection":[{"href":"https:\/\/altisk-karcag.hu\/index.php?rest_route=\/wp\/v2\/posts"}],"about":[{"href":"https:\/\/altisk-karcag.hu\/index.php?rest_route=\/wp\/v2\/types\/post"}],"author":[{"embeddable":true,"href":"https:\/\/altisk-karcag.hu\/index.php?rest_route=\/wp\/v2\/users\/1"}],"replies":[{"embeddable":true,"href":"https:\/\/altisk-karcag.hu\/index.php?rest_route=%2Fwp%2Fv2%2Fcomments&post=3068"}],"version-history":[{"count":1,"href":"https:\/\/altisk-karcag.hu\/index.php?rest_route=\/wp\/v2\/posts\/3068\/revisions"}],"predecessor-version":[{"id":3073,"href":"https:\/\/altisk-karcag.hu\/index.php?rest_route=\/wp\/v2\/posts\/3068\/revisions\/3073"}],"wp:attachment":[{"href":"https:\/\/altisk-karcag.hu\/index.php?rest_route=%2Fwp%2Fv2%2Fmedia&parent=3068"}],"wp:term":[{"taxonomy":"category","embeddable":true,"href":"https:\/\/altisk-karcag.hu\/index.php?rest_route=%2Fwp%2Fv2%2Fcategories&post=3068"},{"taxonomy":"post_tag","embeddable":true,"href":"https:\/\/altisk-karcag.hu\/index.php?rest_route=%2Fwp%2Fv2%2Ftags&post=3068"}],"curies":[{"name":"wp","href":"https:\/\/api.w.org\/{rel}","templated":true}]}}