{"id":3059,"date":"2024-10-15T12:13:00","date_gmt":"2024-10-15T12:13:00","guid":{"rendered":"https:\/\/altisk-karcag.hu\/?p=3059"},"modified":"2024-10-15T12:13:01","modified_gmt":"2024-10-15T12:13:01","slug":"allatos-forgatag-kiskulcsoson-iskolai-kisallatsimogato-az-allatok-vilagnapja-alkalmabol","status":"publish","type":"post","link":"https:\/\/altisk-karcag.hu\/?p=3059","title":{"rendered":"\u00c1llatos forgatag Kiskulcsoson \u2013 Iskolai kis\u00e1llatsimogat\u00f3 az \u00c1llatok Vil\u00e1gnapja alkalm\u00e1b\u00f3l"},"content":{"rendered":"\n<p>Okt\u00f3ber 11-\u00e9n az \u00c1llatok Vil\u00e1gnapj\u00e1hoz kapcsol\u00f3d\u00f3an a Karcagi Kov\u00e1ts Mih\u00e1ly \u00c1ltal\u00e1nos<br>Iskola Kiskulcsosi \u00c1ltal\u00e1nos Iskol\u00e1ja is csatlakozott a vil\u00e1gm\u00e9ret\u0171 \u00fcnnepl\u00e9shez. A di\u00e1kok \u00e9s<br>tan\u00e1rok egy igaz\u00e1n k\u00fcl\u00f6nleges esem\u00e9nnyel k\u00e9sz\u00fcltek csal\u00e1di nap keret\u00e9ben: egy iskolai<br>kis\u00e1llatsimogat\u00f3val.<br>A gyerekek b\u00fcszk\u00e9n hozt\u00e1k el kedvenc kis\u00e1llataikat, hogy megmutass\u00e1k oszt\u00e1lyt\u00e1rsaiknak, a<br>sz\u00fcl\u0151knek \u00e9s tan\u00e1raiknak. Kuty\u00e1k, macsk\u00e1k, nyuszik, kecsk\u00e9k, ty\u00fakok s\u0151t, m\u00e9g egzotikusabb<br>\u00e1llatok is felbukkantak a kis\u00e1llatsimogat\u00f3ban. A gyerekek nemcsak megsimogathatt\u00e1k a<br>k\u00fcl\u00f6nb\u00f6z\u0151 \u00e1llatokat, hanem sokat tanulhattak r\u00f3luk, tart\u00e1sukr\u00f3l.<br>A rendezv\u00e9nyen j\u00e1t\u00e9kos program is v\u00e1rta a r\u00e9sztvev\u0151ket. Reggel \u00e1llatokr\u00f3l sz\u00f3l\u00f3 kv\u00edzek,<br>d\u00e9lut\u00e1n pedig alkot\u00f3sarok seg\u00edtett abban, hogy a gyerekek m\u00e9g jobban megismerj\u00e9k \u00e9s<br>megszeress\u00e9k az \u00e1llatokat.<br>Az iskolai kis\u00e1llatsimogat\u00f3 nemcsak sz\u00f3rakoztat\u00f3, de rendk\u00edv\u00fcl fontos esem\u00e9ny is volt. A<br>gyerekek megtanulhatt\u00e1k, hogy az \u00e1llatokat szeretettel \u00e9s felel\u0151ss\u00e9ggel kell kezelni. Az<br>esem\u00e9ny lehet\u0151s\u00e9get adott arra is, hogy a di\u00e1kok k\u00f6zelebb ker\u00fcljenek egym\u00e1shoz, \u00e9s \u00faj<br>bar\u00e1ts\u00e1gok sz\u00f6v\u0151djenek.<br>Az iskola vezet\u0151s\u00e9ge \u00e9s a tan\u00e1rok egyar\u00e1nt nagyra \u00e9rt\u00e9kelt\u00e9k a di\u00e1kok \u00e9s sz\u00fcleik lelkesed\u00e9s\u00e9t<br>\u00e9s k\u00f6zrem\u0171k\u00f6d\u00e9s\u00e9t. Az esem\u00e9ny sikere azt mutatja, hogy az \u00e1llatok ir\u00e1nti szeretet \u00e9s a<br>term\u00e9szet v\u00e9delme fontos k\u00e9rd\u00e9s a fiatalok k\u00f6r\u00e9ben.<br>Int\u00e9zm\u00e9ny\u00fcnk b\u00fcszke arra, hogy az \u00c1llatok Vil\u00e1gnapj\u00e1hoz kapcsol\u00f3d\u00f3an ilyen sz\u00ednvonalas<br>programot tudott szervezni. Rem\u00e9lj\u00fck, hogy a j\u00f6v\u0151ben is lesz lehet\u0151s\u00e9g hasonl\u00f3 esem\u00e9nyek<br>megrendez\u00e9s\u00e9re.<\/p>\n\n\n\n<p>Heged\u0171sn\u00e9 F\u00f3ri\u00e1n Annam\u00e1ria<\/p>\n\n\n\n<figure class=\"wp-block-gallery has-nested-images columns-default is-cropped wp-block-gallery-1 is-layout-flex wp-block-gallery-is-layout-flex\">\n<figure class=\"wp-block-image size-large is-style-default\"><a href=\"https:\/\/altisk-karcag.hu\/wp-content\/uploads\/2024\/10\/allati36.jpg\"><img decoding=\"async\" loading=\"lazy\" width=\"768\" height=\"1024\" data-id=\"3066\" src=\"https:\/\/altisk-karcag.hu\/wp-content\/uploads\/2024\/10\/allati36-768x1024.jpg\" alt=\"\" class=\"wp-image-3066\" srcset=\"https:\/\/altisk-karcag.hu\/wp-content\/uploads\/2024\/10\/allati36-768x1024.jpg 768w, https:\/\/altisk-karcag.hu\/wp-content\/uploads\/2024\/10\/allati36-225x300.jpg 225w, https:\/\/altisk-karcag.hu\/wp-content\/uploads\/2024\/10\/allati36-1152x1536.jpg 1152w, https:\/\/altisk-karcag.hu\/wp-content\/uploads\/2024\/10\/allati36-263x350.jpg 263w, https:\/\/altisk-karcag.hu\/wp-content\/uploads\/2024\/10\/allati36.jpg 1536w\" sizes=\"(max-width: 768px) 100vw, 768px\" \/><\/a><\/figure>\n\n\n\n<figure class=\"wp-block-image size-large is-style-default\"><a href=\"https:\/\/altisk-karcag.hu\/wp-content\/uploads\/2024\/10\/allati25.jpg\"><img decoding=\"async\" loading=\"lazy\" width=\"768\" height=\"1024\" data-id=\"3060\" src=\"https:\/\/altisk-karcag.hu\/wp-content\/uploads\/2024\/10\/allati25-768x1024.jpg\" alt=\"\" class=\"wp-image-3060\" srcset=\"https:\/\/altisk-karcag.hu\/wp-content\/uploads\/2024\/10\/allati25-768x1024.jpg 768w, https:\/\/altisk-karcag.hu\/wp-content\/uploads\/2024\/10\/allati25-225x300.jpg 225w, https:\/\/altisk-karcag.hu\/wp-content\/uploads\/2024\/10\/allati25-1152x1536.jpg 1152w, https:\/\/altisk-karcag.hu\/wp-content\/uploads\/2024\/10\/allati25-263x350.jpg 263w, https:\/\/altisk-karcag.hu\/wp-content\/uploads\/2024\/10\/allati25.jpg 1536w\" sizes=\"(max-width: 768px) 100vw, 768px\" \/><\/a><\/figure>\n\n\n\n<figure class=\"wp-block-image size-large is-style-default\"><a href=\"https:\/\/altisk-karcag.hu\/wp-content\/uploads\/2024\/10\/allati5.jpg\"><img decoding=\"async\" loading=\"lazy\" width=\"576\" height=\"1024\" data-id=\"3065\" src=\"https:\/\/altisk-karcag.hu\/wp-content\/uploads\/2024\/10\/allati5-576x1024.jpg\" alt=\"\" class=\"wp-image-3065\" srcset=\"https:\/\/altisk-karcag.hu\/wp-content\/uploads\/2024\/10\/allati5-576x1024.jpg 576w, https:\/\/altisk-karcag.hu\/wp-content\/uploads\/2024\/10\/allati5-169x300.jpg 169w, https:\/\/altisk-karcag.hu\/wp-content\/uploads\/2024\/10\/allati5-768x1365.jpg 768w, https:\/\/altisk-karcag.hu\/wp-content\/uploads\/2024\/10\/allati5-864x1536.jpg 864w, https:\/\/altisk-karcag.hu\/wp-content\/uploads\/2024\/10\/allati5-197x350.jpg 197w, https:\/\/altisk-karcag.hu\/wp-content\/uploads\/2024\/10\/allati5.jpg 1152w\" sizes=\"(max-width: 576px) 100vw, 576px\" \/><\/a><\/figure>\n\n\n\n<figure class=\"wp-block-image size-large is-style-default\"><a href=\"https:\/\/altisk-karcag.hu\/wp-content\/uploads\/2024\/10\/allati15.jpg\"><img decoding=\"async\" loading=\"lazy\" width=\"768\" height=\"1024\" data-id=\"3064\" src=\"https:\/\/altisk-karcag.hu\/wp-content\/uploads\/2024\/10\/allati15-768x1024.jpg\" alt=\"\" class=\"wp-image-3064\" srcset=\"https:\/\/altisk-karcag.hu\/wp-content\/uploads\/2024\/10\/allati15-768x1024.jpg 768w, https:\/\/altisk-karcag.hu\/wp-content\/uploads\/2024\/10\/allati15-225x300.jpg 225w, https:\/\/altisk-karcag.hu\/wp-content\/uploads\/2024\/10\/allati15-1152x1536.jpg 1152w, https:\/\/altisk-karcag.hu\/wp-content\/uploads\/2024\/10\/allati15-263x350.jpg 263w, https:\/\/altisk-karcag.hu\/wp-content\/uploads\/2024\/10\/allati15.jpg 1536w\" sizes=\"(max-width: 768px) 100vw, 768px\" \/><\/a><\/figure>\n\n\n\n<figure class=\"wp-block-image size-large is-style-default\"><a href=\"https:\/\/altisk-karcag.hu\/wp-content\/uploads\/2024\/10\/allati10.jpg\"><img decoding=\"async\" loading=\"lazy\" width=\"1024\" height=\"768\" data-id=\"3062\" src=\"https:\/\/altisk-karcag.hu\/wp-content\/uploads\/2024\/10\/allati10-1024x768.jpg\" alt=\"\" class=\"wp-image-3062\" srcset=\"https:\/\/altisk-karcag.hu\/wp-content\/uploads\/2024\/10\/allati10-1024x768.jpg 1024w, https:\/\/altisk-karcag.hu\/wp-content\/uploads\/2024\/10\/allati10-300x225.jpg 300w, https:\/\/altisk-karcag.hu\/wp-content\/uploads\/2024\/10\/allati10-768x576.jpg 768w, https:\/\/altisk-karcag.hu\/wp-content\/uploads\/2024\/10\/allati10-1536x1152.jpg 1536w, https:\/\/altisk-karcag.hu\/wp-content\/uploads\/2024\/10\/allati10-467x350.jpg 467w, https:\/\/altisk-karcag.hu\/wp-content\/uploads\/2024\/10\/allati10.jpg 2048w\" sizes=\"(max-width: 1024px) 100vw, 1024px\" \/><\/a><\/figure>\n\n\n\n<figure class=\"wp-block-image size-large is-style-default\"><a href=\"https:\/\/altisk-karcag.hu\/wp-content\/uploads\/2024\/10\/allati9.jpg\"><img decoding=\"async\" loading=\"lazy\" width=\"768\" height=\"1024\" data-id=\"3061\" src=\"https:\/\/altisk-karcag.hu\/wp-content\/uploads\/2024\/10\/allati9-768x1024.jpg\" alt=\"\" class=\"wp-image-3061\" srcset=\"https:\/\/altisk-karcag.hu\/wp-content\/uploads\/2024\/10\/allati9-768x1024.jpg 768w, https:\/\/altisk-karcag.hu\/wp-content\/uploads\/2024\/10\/allati9-225x300.jpg 225w, https:\/\/altisk-karcag.hu\/wp-content\/uploads\/2024\/10\/allati9-1152x1536.jpg 1152w, https:\/\/altisk-karcag.hu\/wp-content\/uploads\/2024\/10\/allati9-263x350.jpg 263w, https:\/\/altisk-karcag.hu\/wp-content\/uploads\/2024\/10\/allati9.jpg 1536w\" sizes=\"(max-width: 768px) 100vw, 768px\" \/><\/a><\/figure>\n\n\n\n<figure class=\"wp-block-image size-large is-style-default\"><a href=\"https:\/\/altisk-karcag.hu\/wp-content\/uploads\/2024\/10\/allati4.jpg\"><img decoding=\"async\" loading=\"lazy\" width=\"768\" height=\"1024\" data-id=\"3063\" src=\"https:\/\/altisk-karcag.hu\/wp-content\/uploads\/2024\/10\/allati4-768x1024.jpg\" alt=\"\" class=\"wp-image-3063\" srcset=\"https:\/\/altisk-karcag.hu\/wp-content\/uploads\/2024\/10\/allati4-768x1024.jpg 768w, https:\/\/altisk-karcag.hu\/wp-content\/uploads\/2024\/10\/allati4-225x300.jpg 225w, https:\/\/altisk-karcag.hu\/wp-content\/uploads\/2024\/10\/allati4-1152x1536.jpg 1152w, https:\/\/altisk-karcag.hu\/wp-content\/uploads\/2024\/10\/allati4-263x350.jpg 263w, https:\/\/altisk-karcag.hu\/wp-content\/uploads\/2024\/10\/allati4.jpg 1536w\" sizes=\"(max-width: 768px) 100vw, 768px\" \/><\/a><\/figure>\n<\/figure>\n","protected":false},"excerpt":{"rendered":"<p>Okt\u00f3ber 11-\u00e9n az \u00c1llatok Vil\u00e1gnapj\u00e1hoz kapcsol\u00f3d\u00f3an a Karcagi Kov\u00e1ts Mih\u00e1ly \u00c1ltal\u00e1nosIskola Kiskulcsosi \u00c1ltal\u00e1nos Iskol\u00e1ja is csatlakozott a vil\u00e1gm\u00e9ret\u0171 \u00fcnnepl\u00e9shez. A di\u00e1kok \u00e9stan\u00e1rok egy igaz\u00e1n k\u00fcl\u00f6nleges esem\u00e9nnyel k\u00e9sz\u00fcltek csal\u00e1di nap keret\u00e9ben: egy iskolaikis\u00e1llatsimogat\u00f3val.A gyerekek b\u00fcszk\u00e9n hozt\u00e1k el kedvenc kis\u00e1llataikat, hogy megmutass\u00e1k oszt\u00e1lyt\u00e1rsaiknak, asz\u00fcl\u0151knek \u00e9s tan\u00e1raiknak. Kuty\u00e1k, macsk\u00e1k, nyuszik, kecsk\u00e9k, ty\u00fakok s\u0151t, &hellip;<\/p>\n","protected":false},"author":1,"featured_media":0,"comment_status":"closed","ping_status":"closed","sticky":false,"template":"","format":"standard","meta":{"footnotes":""},"categories":[9,10],"tags":[],"_links":{"self":[{"href":"https:\/\/altisk-karcag.hu\/index.php?rest_route=\/wp\/v2\/posts\/3059"}],"collection":[{"href":"https:\/\/altisk-karcag.hu\/index.php?rest_route=\/wp\/v2\/posts"}],"about":[{"href":"https:\/\/altisk-karcag.hu\/index.php?rest_route=\/wp\/v2\/types\/post"}],"author":[{"embeddable":true,"href":"https:\/\/altisk-karcag.hu\/index.php?rest_route=\/wp\/v2\/users\/1"}],"replies":[{"embeddable":true,"href":"https:\/\/altisk-karcag.hu\/index.php?rest_route=%2Fwp%2Fv2%2Fcomments&post=3059"}],"version-history":[{"count":1,"href":"https:\/\/altisk-karcag.hu\/index.php?rest_route=\/wp\/v2\/posts\/3059\/revisions"}],"predecessor-version":[{"id":3067,"href":"https:\/\/altisk-karcag.hu\/index.php?rest_route=\/wp\/v2\/posts\/3059\/revisions\/3067"}],"wp:attachment":[{"href":"https:\/\/altisk-karcag.hu\/index.php?rest_route=%2Fwp%2Fv2%2Fmedia&parent=3059"}],"wp:term":[{"taxonomy":"category","embeddable":true,"href":"https:\/\/altisk-karcag.hu\/index.php?rest_route=%2Fwp%2Fv2%2Fcategories&post=3059"},{"taxonomy":"post_tag","embeddable":true,"href":"https:\/\/altisk-karcag.hu\/index.php?rest_route=%2Fwp%2Fv2%2Ftags&post=3059"}],"curies":[{"name":"wp","href":"https:\/\/api.w.org\/{rel}","templated":true}]}}