{"id":3013,"date":"2024-09-23T11:44:59","date_gmt":"2024-09-23T11:44:59","guid":{"rendered":"https:\/\/altisk-karcag.hu\/?p=3013"},"modified":"2024-09-23T11:45:01","modified_gmt":"2024-09-23T11:45:01","slug":"kiskulcsosiak-zankan","status":"publish","type":"post","link":"https:\/\/altisk-karcag.hu\/?p=3013","title":{"rendered":"Kiskulcsosiak Z\u00e1nk\u00e1n"},"content":{"rendered":"\n<p>\u0150szi ottalv\u00f3s t\u00e1bori oszt\u00e1lykir\u00e1ndul\u00e1son vett\u00fcnk r\u00e9szt a 6. oszt\u00e1lyos di\u00e1kokkal. T\u00f6bben k\u00f6z\u00fcl\u00fck el\u0151sz\u00f6r l\u00e1tta a Balatont, el\u0151sz\u00f6r volt t\u00e1vol t\u00f6bb napra a sz\u00fcleit\u0151l, el\u0151sz\u00f6r volt kir\u00e1ndulni. A turnus els\u0151 napj\u00e1n, szomor\u00fa, es\u0151s reggelre \u00e9bredt\u00fcnk Karcagon, de Z\u00e1nk\u00e1n h\u00e9t\u00e1gra s\u00fct\u00f6tt a nap, \u00edgy meg\u00e9rkez\u00e9s\u00fcnk ut\u00e1n hatalmasat lubickoltunk a Balatonban. Este, a finom vacsora ut\u00e1n k\u00f6nny\u0171zenei koncerten vett\u00fcnk r\u00e9szt. \u00c9jszaka nehezen ment az alv\u00e1s. Sokan hajnalig b\u00edrt\u00e1k a csicserg\u00e9st.<br>M\u00e1snap, sajnos \u00fcd\u00fcl\u0151hely\u00fcnkre is el\u00e9rkezett a hideg, es\u0151s, szeles id\u0151j\u00e1r\u00e1s, \u00edgy nemigaz\u00e1n esett j\u00f3l a haj\u00f3k\u00e1z\u00e1s a ny\u00edlt v\u00edzen. Kora d\u00e9lut\u00e1nra k\u00f6lcs\u00f6n\u00f6zt\u00fcnk sportszereket, \u00e9s a k\u00f6z\u00f6ss\u00e9gi teremben k\u00e1rty\u00e1ztunk, l\u00e9g-hokiztunk, a b\u00e1trabbak a szabadban fociztak. Kis csapatunk j\u00f3l \u00e9rezte mag\u00e1t a p\u00e9nz vil\u00e1g\u00e1ba elkalauzol\u00f3 el\u0151ad\u00e1son, ahol \u00e9rdekess\u00e9geket hallhattak, l\u00e1thattak, tapasztalhattak. Este disc\u00f3ban mozgathattuk meg magunkat.<br>P\u00e9nteken m\u00e9g szerett\u00fcnk volna egy nagyot csobbanni a v\u00edzben, de nem volt tov\u00e1bbra sem kegyes az id\u0151j\u00e1r\u00e1s sz\u00e1munkra.<br>K\u00f6sz\u00f6nj\u00fck a lehet\u0151s\u00e9get az Erzs\u00e9bet a K\u00e1rp\u00e1t-medencei Gyermekek\u00e9rt Alap\u00edtv\u00e1nynak, \u00e9s mindazoknak, akik t\u00e1mogattak, seg\u00edtettek ennek a kir\u00e1ndul\u00e1snak a megval\u00f3sul\u00e1s\u00e1ban.<\/p>\n\n\n\n<p>Horv\u00e1thn\u00e9 Pandur T\u00fcnde \u2013 k\u00eds\u00e9r\u0151<\/p>\n\n\n\n<p><\/p>\n\n\n\n<figure class=\"wp-block-gallery has-nested-images columns-default is-cropped wp-block-gallery-1 is-layout-flex wp-block-gallery-is-layout-flex\">\n<figure class=\"wp-block-image size-large is-style-default\"><a href=\"https:\/\/altisk-karcag.hu\/wp-content\/uploads\/2024\/09\/01.jpg\"><img decoding=\"async\" loading=\"lazy\" width=\"1024\" height=\"768\" data-id=\"3020\" src=\"https:\/\/altisk-karcag.hu\/wp-content\/uploads\/2024\/09\/01.jpg\" alt=\"\" class=\"wp-image-3020\" srcset=\"https:\/\/altisk-karcag.hu\/wp-content\/uploads\/2024\/09\/01.jpg 1024w, https:\/\/altisk-karcag.hu\/wp-content\/uploads\/2024\/09\/01-300x225.jpg 300w, https:\/\/altisk-karcag.hu\/wp-content\/uploads\/2024\/09\/01-768x576.jpg 768w, https:\/\/altisk-karcag.hu\/wp-content\/uploads\/2024\/09\/01-467x350.jpg 467w\" sizes=\"(max-width: 1024px) 100vw, 1024px\" \/><\/a><\/figure>\n\n\n\n<figure class=\"wp-block-image size-large is-style-default\"><a href=\"https:\/\/altisk-karcag.hu\/wp-content\/uploads\/2024\/09\/02-1.jpg\"><img decoding=\"async\" loading=\"lazy\" width=\"1024\" height=\"871\" data-id=\"3016\" src=\"https:\/\/altisk-karcag.hu\/wp-content\/uploads\/2024\/09\/02-1-1024x871.jpg\" alt=\"\" class=\"wp-image-3016\" srcset=\"https:\/\/altisk-karcag.hu\/wp-content\/uploads\/2024\/09\/02-1-1024x871.jpg 1024w, https:\/\/altisk-karcag.hu\/wp-content\/uploads\/2024\/09\/02-1-300x255.jpg 300w, https:\/\/altisk-karcag.hu\/wp-content\/uploads\/2024\/09\/02-1-768x653.jpg 768w, https:\/\/altisk-karcag.hu\/wp-content\/uploads\/2024\/09\/02-1-1536x1306.jpg 1536w, https:\/\/altisk-karcag.hu\/wp-content\/uploads\/2024\/09\/02-1-412x350.jpg 412w, https:\/\/altisk-karcag.hu\/wp-content\/uploads\/2024\/09\/02-1.jpg 1764w\" sizes=\"(max-width: 1024px) 100vw, 1024px\" \/><\/a><\/figure>\n\n\n\n<figure class=\"wp-block-image size-large is-style-default\"><a href=\"https:\/\/altisk-karcag.hu\/wp-content\/uploads\/2024\/09\/03.jpg\"><img decoding=\"async\" loading=\"lazy\" width=\"640\" height=\"853\" data-id=\"3022\" src=\"https:\/\/altisk-karcag.hu\/wp-content\/uploads\/2024\/09\/03.jpg\" alt=\"\" class=\"wp-image-3022\" srcset=\"https:\/\/altisk-karcag.hu\/wp-content\/uploads\/2024\/09\/03.jpg 640w, https:\/\/altisk-karcag.hu\/wp-content\/uploads\/2024\/09\/03-225x300.jpg 225w, https:\/\/altisk-karcag.hu\/wp-content\/uploads\/2024\/09\/03-263x350.jpg 263w\" sizes=\"(max-width: 640px) 100vw, 640px\" \/><\/a><\/figure>\n\n\n\n<figure class=\"wp-block-image size-large is-style-default\"><a href=\"https:\/\/altisk-karcag.hu\/wp-content\/uploads\/2024\/09\/04.jpg\"><img decoding=\"async\" loading=\"lazy\" width=\"640\" height=\"853\" data-id=\"3015\" src=\"https:\/\/altisk-karcag.hu\/wp-content\/uploads\/2024\/09\/04.jpg\" alt=\"\" class=\"wp-image-3015\" srcset=\"https:\/\/altisk-karcag.hu\/wp-content\/uploads\/2024\/09\/04.jpg 640w, https:\/\/altisk-karcag.hu\/wp-content\/uploads\/2024\/09\/04-225x300.jpg 225w, https:\/\/altisk-karcag.hu\/wp-content\/uploads\/2024\/09\/04-263x350.jpg 263w\" sizes=\"(max-width: 640px) 100vw, 640px\" \/><\/a><\/figure>\n\n\n\n<figure class=\"wp-block-image size-large is-style-default\"><a href=\"https:\/\/altisk-karcag.hu\/wp-content\/uploads\/2024\/09\/05.jpg\"><img decoding=\"async\" loading=\"lazy\" width=\"640\" height=\"853\" data-id=\"3014\" src=\"https:\/\/altisk-karcag.hu\/wp-content\/uploads\/2024\/09\/05.jpg\" alt=\"\" class=\"wp-image-3014\" srcset=\"https:\/\/altisk-karcag.hu\/wp-content\/uploads\/2024\/09\/05.jpg 640w, https:\/\/altisk-karcag.hu\/wp-content\/uploads\/2024\/09\/05-225x300.jpg 225w, https:\/\/altisk-karcag.hu\/wp-content\/uploads\/2024\/09\/05-263x350.jpg 263w\" sizes=\"(max-width: 640px) 100vw, 640px\" \/><\/a><\/figure>\n\n\n\n<figure class=\"wp-block-image size-large is-style-default\"><a href=\"https:\/\/altisk-karcag.hu\/wp-content\/uploads\/2024\/09\/06.jpg\"><img decoding=\"async\" loading=\"lazy\" width=\"640\" height=\"853\" data-id=\"3021\" src=\"https:\/\/altisk-karcag.hu\/wp-content\/uploads\/2024\/09\/06.jpg\" alt=\"\" class=\"wp-image-3021\" srcset=\"https:\/\/altisk-karcag.hu\/wp-content\/uploads\/2024\/09\/06.jpg 640w, https:\/\/altisk-karcag.hu\/wp-content\/uploads\/2024\/09\/06-225x300.jpg 225w, https:\/\/altisk-karcag.hu\/wp-content\/uploads\/2024\/09\/06-263x350.jpg 263w\" sizes=\"(max-width: 640px) 100vw, 640px\" \/><\/a><\/figure>\n\n\n\n<figure class=\"wp-block-image size-large is-style-default\"><a href=\"https:\/\/altisk-karcag.hu\/wp-content\/uploads\/2024\/09\/07.jpg\"><img decoding=\"async\" loading=\"lazy\" width=\"576\" height=\"1024\" data-id=\"3019\" src=\"https:\/\/altisk-karcag.hu\/wp-content\/uploads\/2024\/09\/07-576x1024.jpg\" alt=\"\" class=\"wp-image-3019\" srcset=\"https:\/\/altisk-karcag.hu\/wp-content\/uploads\/2024\/09\/07-576x1024.jpg 576w, https:\/\/altisk-karcag.hu\/wp-content\/uploads\/2024\/09\/07-169x300.jpg 169w, https:\/\/altisk-karcag.hu\/wp-content\/uploads\/2024\/09\/07-197x350.jpg 197w, https:\/\/altisk-karcag.hu\/wp-content\/uploads\/2024\/09\/07.jpg 639w\" sizes=\"(max-width: 576px) 100vw, 576px\" \/><\/a><\/figure>\n\n\n\n<figure class=\"wp-block-image size-large is-style-default\"><a href=\"https:\/\/altisk-karcag.hu\/wp-content\/uploads\/2024\/09\/08.jpg\"><img decoding=\"async\" loading=\"lazy\" width=\"1024\" height=\"768\" data-id=\"3023\" src=\"https:\/\/altisk-karcag.hu\/wp-content\/uploads\/2024\/09\/08-1024x768.jpg\" alt=\"\" class=\"wp-image-3023\" srcset=\"https:\/\/altisk-karcag.hu\/wp-content\/uploads\/2024\/09\/08-1024x768.jpg 1024w, https:\/\/altisk-karcag.hu\/wp-content\/uploads\/2024\/09\/08-300x225.jpg 300w, https:\/\/altisk-karcag.hu\/wp-content\/uploads\/2024\/09\/08-768x576.jpg 768w, https:\/\/altisk-karcag.hu\/wp-content\/uploads\/2024\/09\/08-1536x1152.jpg 1536w, https:\/\/altisk-karcag.hu\/wp-content\/uploads\/2024\/09\/08-467x350.jpg 467w, https:\/\/altisk-karcag.hu\/wp-content\/uploads\/2024\/09\/08.jpg 2000w\" sizes=\"(max-width: 1024px) 100vw, 1024px\" \/><\/a><\/figure>\n\n\n\n<figure class=\"wp-block-image size-large is-style-default\"><a href=\"https:\/\/altisk-karcag.hu\/wp-content\/uploads\/2024\/09\/09.jpg\"><img decoding=\"async\" loading=\"lazy\" width=\"768\" height=\"1024\" data-id=\"3017\" src=\"https:\/\/altisk-karcag.hu\/wp-content\/uploads\/2024\/09\/09-768x1024.jpg\" alt=\"\" class=\"wp-image-3017\" srcset=\"https:\/\/altisk-karcag.hu\/wp-content\/uploads\/2024\/09\/09-768x1024.jpg 768w, https:\/\/altisk-karcag.hu\/wp-content\/uploads\/2024\/09\/09-225x300.jpg 225w, https:\/\/altisk-karcag.hu\/wp-content\/uploads\/2024\/09\/09-1152x1536.jpg 1152w, https:\/\/altisk-karcag.hu\/wp-content\/uploads\/2024\/09\/09-263x350.jpg 263w, https:\/\/altisk-karcag.hu\/wp-content\/uploads\/2024\/09\/09.jpg 1500w\" sizes=\"(max-width: 768px) 100vw, 768px\" \/><\/a><\/figure>\n\n\n\n<figure class=\"wp-block-image size-large is-style-default\"><a href=\"https:\/\/altisk-karcag.hu\/wp-content\/uploads\/2024\/09\/10.jpg\"><img decoding=\"async\" loading=\"lazy\" width=\"768\" height=\"1024\" data-id=\"3018\" src=\"https:\/\/altisk-karcag.hu\/wp-content\/uploads\/2024\/09\/10-768x1024.jpg\" alt=\"\" class=\"wp-image-3018\" srcset=\"https:\/\/altisk-karcag.hu\/wp-content\/uploads\/2024\/09\/10-768x1024.jpg 768w, https:\/\/altisk-karcag.hu\/wp-content\/uploads\/2024\/09\/10-225x300.jpg 225w, https:\/\/altisk-karcag.hu\/wp-content\/uploads\/2024\/09\/10-1152x1536.jpg 1152w, https:\/\/altisk-karcag.hu\/wp-content\/uploads\/2024\/09\/10-263x350.jpg 263w, https:\/\/altisk-karcag.hu\/wp-content\/uploads\/2024\/09\/10.jpg 1500w\" sizes=\"(max-width: 768px) 100vw, 768px\" \/><\/a><\/figure>\n<\/figure>\n","protected":false},"excerpt":{"rendered":"<p>\u0150szi ottalv\u00f3s t\u00e1bori oszt\u00e1lykir\u00e1ndul\u00e1son vett\u00fcnk r\u00e9szt a 6. oszt\u00e1lyos di\u00e1kokkal. T\u00f6bben k\u00f6z\u00fcl\u00fck el\u0151sz\u00f6r l\u00e1tta a Balatont, el\u0151sz\u00f6r volt t\u00e1vol t\u00f6bb napra a sz\u00fcleit\u0151l, el\u0151sz\u00f6r volt kir\u00e1ndulni. A turnus els\u0151 napj\u00e1n, szomor\u00fa, es\u0151s reggelre \u00e9bredt\u00fcnk Karcagon, de Z\u00e1nk\u00e1n h\u00e9t\u00e1gra s\u00fct\u00f6tt a nap, \u00edgy meg\u00e9rkez\u00e9s\u00fcnk ut\u00e1n hatalmasat lubickoltunk a Balatonban. Este, a &hellip;<\/p>\n","protected":false},"author":1,"featured_media":3020,"comment_status":"closed","ping_status":"closed","sticky":false,"template":"","format":"standard","meta":{"footnotes":""},"categories":[23,9,10],"tags":[],"_links":{"self":[{"href":"https:\/\/altisk-karcag.hu\/index.php?rest_route=\/wp\/v2\/posts\/3013"}],"collection":[{"href":"https:\/\/altisk-karcag.hu\/index.php?rest_route=\/wp\/v2\/posts"}],"about":[{"href":"https:\/\/altisk-karcag.hu\/index.php?rest_route=\/wp\/v2\/types\/post"}],"author":[{"embeddable":true,"href":"https:\/\/altisk-karcag.hu\/index.php?rest_route=\/wp\/v2\/users\/1"}],"replies":[{"embeddable":true,"href":"https:\/\/altisk-karcag.hu\/index.php?rest_route=%2Fwp%2Fv2%2Fcomments&post=3013"}],"version-history":[{"count":2,"href":"https:\/\/altisk-karcag.hu\/index.php?rest_route=\/wp\/v2\/posts\/3013\/revisions"}],"predecessor-version":[{"id":3025,"href":"https:\/\/altisk-karcag.hu\/index.php?rest_route=\/wp\/v2\/posts\/3013\/revisions\/3025"}],"wp:featuredmedia":[{"embeddable":true,"href":"https:\/\/altisk-karcag.hu\/index.php?rest_route=\/wp\/v2\/media\/3020"}],"wp:attachment":[{"href":"https:\/\/altisk-karcag.hu\/index.php?rest_route=%2Fwp%2Fv2%2Fmedia&parent=3013"}],"wp:term":[{"taxonomy":"category","embeddable":true,"href":"https:\/\/altisk-karcag.hu\/index.php?rest_route=%2Fwp%2Fv2%2Fcategories&post=3013"},{"taxonomy":"post_tag","embeddable":true,"href":"https:\/\/altisk-karcag.hu\/index.php?rest_route=%2Fwp%2Fv2%2Ftags&post=3013"}],"curies":[{"name":"wp","href":"https:\/\/api.w.org\/{rel}","templated":true}]}}