{"id":2730,"date":"2024-05-17T04:35:57","date_gmt":"2024-05-17T04:35:57","guid":{"rendered":"https:\/\/altisk-karcag.hu\/?p=2730"},"modified":"2024-05-26T04:38:26","modified_gmt":"2024-05-26T04:38:26","slug":"orszagos-elodontoben-szerepelt-a-iii-korcsoportos-fiu-kezilabda-csapatunk","status":"publish","type":"post","link":"https:\/\/altisk-karcag.hu\/?p=2730","title":{"rendered":"ORSZ\u00c1GOS EL\u0150D\u00d6NT\u0150BEN szerepelt a III. korcsoportos fi\u00fa k\u00e9zilabda csapatunk!!!"},"content":{"rendered":"\n<p>A napokban ker\u00fclt megrendez\u00e9sre (2022.05.09.) a III. korcsoportos fi\u00fa k\u00e9zilabda orsz\u00e1gos el\u0151d\u00f6nt\u0151 Mez\u0151k\u00f6vesden, ahol iskol\u00e1nk mellett, Budapest, Mez\u0151k\u00f6vesd \u00e9s Ny\u00edrb\u00e1tor iskol\u00e1inak csapataival kellett megm\u00e9rk\u0151zni az orsz\u00e1gos d\u00f6nt\u0151be jut\u00e1s\u00e9rt. Nagyon er\u0151s ellenfelek k\u00f6z\u00f6tt, bronz \u00e9rmet szerzett iskol\u00e1nk csapata. Gratul\u00e1lunk a csapatnak \u00e9s felk\u00e9sz\u00edt\u0151iknek Nagyn\u00e9 S\u00fct\u0151 Mariann tan\u00e1rn\u0151nek \u00e9s Nagy Csaba edz\u0151nek!<br>A csapat tagjai: Gy\u0151ri Krist\u00f3f, Szarvas Z\u00e9n\u00f3, Nagy Levente, Kun Gergely, Laczko Levente, Bartha Bence, Bihari Krist\u00f3f, Laboncz Benett, N\u00e9meth Ferenc.<br>K\u00f6sz\u00f6nj\u00fck iskol\u00e1nk tanul\u00f3inak a lelkes szurkol\u00e1st, ami plusz er\u0151t adott a j\u00e1t\u00e9kosonak!<br>Sz\u00e9p volt fi\u00fak!!!<br>Hajr\u00e1 Kiskulcsos!!!<\/p>\n\n\n\n<figure class=\"wp-block-image size-full is-style-default\"><a href=\"https:\/\/altisk-karcag.hu\/wp-content\/uploads\/2024\/05\/441450296_943708044117736_5864313182135257410_n.jpg\"><img decoding=\"async\" loading=\"lazy\" width=\"960\" height=\"720\" src=\"https:\/\/altisk-karcag.hu\/wp-content\/uploads\/2024\/05\/441450296_943708044117736_5864313182135257410_n.jpg\" alt=\"\" class=\"wp-image-2731\" srcset=\"https:\/\/altisk-karcag.hu\/wp-content\/uploads\/2024\/05\/441450296_943708044117736_5864313182135257410_n.jpg 960w, https:\/\/altisk-karcag.hu\/wp-content\/uploads\/2024\/05\/441450296_943708044117736_5864313182135257410_n-300x225.jpg 300w, https:\/\/altisk-karcag.hu\/wp-content\/uploads\/2024\/05\/441450296_943708044117736_5864313182135257410_n-768x576.jpg 768w, https:\/\/altisk-karcag.hu\/wp-content\/uploads\/2024\/05\/441450296_943708044117736_5864313182135257410_n-467x350.jpg 467w\" sizes=\"(max-width: 960px) 100vw, 960px\" \/><\/a><\/figure>\n\n\n\n<figure class=\"wp-block-image size-large is-style-default\"><a href=\"https:\/\/altisk-karcag.hu\/wp-content\/uploads\/2024\/05\/442475569_943708440784363_6429414580135275021_n.jpg\"><img decoding=\"async\" loading=\"lazy\" width=\"1024\" height=\"768\" src=\"https:\/\/altisk-karcag.hu\/wp-content\/uploads\/2024\/05\/442475569_943708440784363_6429414580135275021_n-1024x768.jpg\" alt=\"\" class=\"wp-image-2732\" srcset=\"https:\/\/altisk-karcag.hu\/wp-content\/uploads\/2024\/05\/442475569_943708440784363_6429414580135275021_n-1024x768.jpg 1024w, https:\/\/altisk-karcag.hu\/wp-content\/uploads\/2024\/05\/442475569_943708440784363_6429414580135275021_n-300x225.jpg 300w, https:\/\/altisk-karcag.hu\/wp-content\/uploads\/2024\/05\/442475569_943708440784363_6429414580135275021_n-768x576.jpg 768w, https:\/\/altisk-karcag.hu\/wp-content\/uploads\/2024\/05\/442475569_943708440784363_6429414580135275021_n-1536x1152.jpg 1536w, https:\/\/altisk-karcag.hu\/wp-content\/uploads\/2024\/05\/442475569_943708440784363_6429414580135275021_n-467x350.jpg 467w, https:\/\/altisk-karcag.hu\/wp-content\/uploads\/2024\/05\/442475569_943708440784363_6429414580135275021_n.jpg 2048w\" sizes=\"(max-width: 1024px) 100vw, 1024px\" \/><\/a><\/figure>\n\n\n\n<figure class=\"wp-block-image size-large is-style-default\"><a href=\"https:\/\/altisk-karcag.hu\/wp-content\/uploads\/2024\/05\/442476173_943708400784367_5359863480290631313_n.jpg\"><img decoding=\"async\" loading=\"lazy\" width=\"1024\" height=\"768\" src=\"https:\/\/altisk-karcag.hu\/wp-content\/uploads\/2024\/05\/442476173_943708400784367_5359863480290631313_n-1024x768.jpg\" alt=\"\" class=\"wp-image-2733\" srcset=\"https:\/\/altisk-karcag.hu\/wp-content\/uploads\/2024\/05\/442476173_943708400784367_5359863480290631313_n-1024x768.jpg 1024w, https:\/\/altisk-karcag.hu\/wp-content\/uploads\/2024\/05\/442476173_943708400784367_5359863480290631313_n-300x225.jpg 300w, https:\/\/altisk-karcag.hu\/wp-content\/uploads\/2024\/05\/442476173_943708400784367_5359863480290631313_n-768x576.jpg 768w, https:\/\/altisk-karcag.hu\/wp-content\/uploads\/2024\/05\/442476173_943708400784367_5359863480290631313_n-1536x1152.jpg 1536w, https:\/\/altisk-karcag.hu\/wp-content\/uploads\/2024\/05\/442476173_943708400784367_5359863480290631313_n-467x350.jpg 467w, https:\/\/altisk-karcag.hu\/wp-content\/uploads\/2024\/05\/442476173_943708400784367_5359863480290631313_n.jpg 2048w\" sizes=\"(max-width: 1024px) 100vw, 1024px\" \/><\/a><\/figure>\n\n\n\n<figure class=\"wp-block-image size-large is-style-default\"><a href=\"https:\/\/altisk-karcag.hu\/wp-content\/uploads\/2024\/05\/442502122_943708367451037_7343685636413070330_n.jpg\"><img decoding=\"async\" loading=\"lazy\" width=\"1024\" height=\"768\" src=\"https:\/\/altisk-karcag.hu\/wp-content\/uploads\/2024\/05\/442502122_943708367451037_7343685636413070330_n-1024x768.jpg\" alt=\"\" class=\"wp-image-2734\" srcset=\"https:\/\/altisk-karcag.hu\/wp-content\/uploads\/2024\/05\/442502122_943708367451037_7343685636413070330_n-1024x768.jpg 1024w, https:\/\/altisk-karcag.hu\/wp-content\/uploads\/2024\/05\/442502122_943708367451037_7343685636413070330_n-300x225.jpg 300w, https:\/\/altisk-karcag.hu\/wp-content\/uploads\/2024\/05\/442502122_943708367451037_7343685636413070330_n-768x576.jpg 768w, https:\/\/altisk-karcag.hu\/wp-content\/uploads\/2024\/05\/442502122_943708367451037_7343685636413070330_n-1536x1152.jpg 1536w, https:\/\/altisk-karcag.hu\/wp-content\/uploads\/2024\/05\/442502122_943708367451037_7343685636413070330_n-467x350.jpg 467w, https:\/\/altisk-karcag.hu\/wp-content\/uploads\/2024\/05\/442502122_943708367451037_7343685636413070330_n.jpg 2048w\" sizes=\"(max-width: 1024px) 100vw, 1024px\" \/><\/a><\/figure>\n","protected":false},"excerpt":{"rendered":"<p>A napokban ker\u00fclt megrendez\u00e9sre (2022.05.09.) a III. korcsoportos fi\u00fa k\u00e9zilabda orsz\u00e1gos el\u0151d\u00f6nt\u0151 Mez\u0151k\u00f6vesden, ahol iskol\u00e1nk mellett, Budapest, Mez\u0151k\u00f6vesd \u00e9s Ny\u00edrb\u00e1tor iskol\u00e1inak csapataival kellett megm\u00e9rk\u0151zni az orsz\u00e1gos d\u00f6nt\u0151be jut\u00e1s\u00e9rt. Nagyon er\u0151s ellenfelek k\u00f6z\u00f6tt, bronz \u00e9rmet szerzett iskol\u00e1nk csapata. Gratul\u00e1lunk a csapatnak \u00e9s felk\u00e9sz\u00edt\u0151iknek Nagyn\u00e9 S\u00fct\u0151 Mariann tan\u00e1rn\u0151nek \u00e9s Nagy Csaba edz\u0151nek!A &hellip;<\/p>\n","protected":false},"author":1,"featured_media":0,"comment_status":"closed","ping_status":"closed","sticky":false,"template":"","format":"standard","meta":{"footnotes":""},"categories":[9],"tags":[],"_links":{"self":[{"href":"https:\/\/altisk-karcag.hu\/index.php?rest_route=\/wp\/v2\/posts\/2730"}],"collection":[{"href":"https:\/\/altisk-karcag.hu\/index.php?rest_route=\/wp\/v2\/posts"}],"about":[{"href":"https:\/\/altisk-karcag.hu\/index.php?rest_route=\/wp\/v2\/types\/post"}],"author":[{"embeddable":true,"href":"https:\/\/altisk-karcag.hu\/index.php?rest_route=\/wp\/v2\/users\/1"}],"replies":[{"embeddable":true,"href":"https:\/\/altisk-karcag.hu\/index.php?rest_route=%2Fwp%2Fv2%2Fcomments&post=2730"}],"version-history":[{"count":1,"href":"https:\/\/altisk-karcag.hu\/index.php?rest_route=\/wp\/v2\/posts\/2730\/revisions"}],"predecessor-version":[{"id":2735,"href":"https:\/\/altisk-karcag.hu\/index.php?rest_route=\/wp\/v2\/posts\/2730\/revisions\/2735"}],"wp:attachment":[{"href":"https:\/\/altisk-karcag.hu\/index.php?rest_route=%2Fwp%2Fv2%2Fmedia&parent=2730"}],"wp:term":[{"taxonomy":"category","embeddable":true,"href":"https:\/\/altisk-karcag.hu\/index.php?rest_route=%2Fwp%2Fv2%2Fcategories&post=2730"},{"taxonomy":"post_tag","embeddable":true,"href":"https:\/\/altisk-karcag.hu\/index.php?rest_route=%2Fwp%2Fv2%2Ftags&post=2730"}],"curies":[{"name":"wp","href":"https:\/\/api.w.org\/{rel}","templated":true}]}}