{"id":2644,"date":"2024-04-29T07:40:08","date_gmt":"2024-04-29T07:40:08","guid":{"rendered":"https:\/\/altisk-karcag.hu\/?p=2644"},"modified":"2024-05-01T07:55:08","modified_gmt":"2024-05-01T07:55:08","slug":"kiskulcsosiak-a-ferdinand-futamon","status":"publish","type":"post","link":"https:\/\/altisk-karcag.hu\/?p=2644","title":{"rendered":"Kiskulcsosiak a Ferdin\u00e1nd futamon"},"content":{"rendered":"\n<p>H\u00e1rom h\u00f3nappal ezel\u0151tt a Bengecseg alap\u00edtv\u00e1ny helyt\u00f6rt\u00e9neti vet\u00e9lked\u0151t hirdetett \u00e1ltal\u00e1nos iskol\u00e1sok r\u00e9sz\u00e9re. Int\u00e9zm\u00e9ny\u00fcnkben az 5. oszt\u00e1lyosok voltak a legkitart\u00f3bbak, akik filmet is forgattak, \u0151k hogyan tanult\u00e1k meg sz\u00fcleikt\u0151l a h\u00edres karcagi Ferdin\u00e1nd elk\u00e9sz\u00edt\u00e9s\u00e9t.<br>A vet\u00e9lked\u0151 d\u00f6nt\u0151j\u00e9be jutva, szorgalmasan ism\u00e9teltek, ut\u00e1na n\u00e9ztek esem\u00e9nyeknek, adatoknak.<br>\u00c1prilis 27-\u00e9n egy eg\u00e9sznapos verseng\u00e9s k\u00f6vetkezett a karcagi Gazdah\u00e1zban.<br>A t\u00e1j\u00e9koz\u00f3d\u00f3, \u00fajszer\u0171 szellemi torna mellett megtekinthett\u00fck a csigacsin\u00e1l\u00e1st, Ferdin\u00e1nd k\u00e9sz\u00edt\u00e9s\u00e9t, n\u00e9pdalokat, mes\u00e9t hallgathattunk, megk\u00f3stolhattuk a karcagi birkap\u00f6rk\u00f6lt\u00f6t, guly\u00e1slevest, Ferdin\u00e1ndot, a borsodn\u00e1dasdi moln\u00e1rkal\u00e1csot\u2026<br>Csapatunk: M\u00e1ga Istv\u00e1n L\u00e1szl\u00f3, \u00d6kr\u00f6s J\u00e1zmin, \u00d6kr\u00f6s Patr\u00edcia 3. helyez\u00e9st \u00e9rtek el!<br>Gratul\u00e1lunk minden versenyz\u0151nek, felk\u00e9sz\u00edt\u0151j\u00fcknek, Nagy \u00c9va tan\u00e1rn\u0151nek, a Kedves Sz\u00fcl\u0151knek.<br>K\u00f6sz\u00f6nj\u00fck Nagy Emes\u00e9nek, a Gazdah\u00e1z vezet\u0151j\u00e9nek ezt a fantasztikus, \u00e9lm\u00e9nyteli napot!<br>Horv\u00e1thn\u00e9 Pandur T\u00fcnde<\/p>\n\n\n\n<figure class=\"wp-block-image size-large is-style-default\"><a href=\"https:\/\/altisk-karcag.hu\/wp-content\/uploads\/2024\/05\/440745008_933076328514241_9047500060438320225_n.jpg\"><img decoding=\"async\" loading=\"lazy\" width=\"1024\" height=\"768\" src=\"https:\/\/altisk-karcag.hu\/wp-content\/uploads\/2024\/05\/440745008_933076328514241_9047500060438320225_n-1024x768.jpg\" alt=\"\" class=\"wp-image-2645\" srcset=\"https:\/\/altisk-karcag.hu\/wp-content\/uploads\/2024\/05\/440745008_933076328514241_9047500060438320225_n-1024x768.jpg 1024w, https:\/\/altisk-karcag.hu\/wp-content\/uploads\/2024\/05\/440745008_933076328514241_9047500060438320225_n-300x225.jpg 300w, https:\/\/altisk-karcag.hu\/wp-content\/uploads\/2024\/05\/440745008_933076328514241_9047500060438320225_n-768x576.jpg 768w, https:\/\/altisk-karcag.hu\/wp-content\/uploads\/2024\/05\/440745008_933076328514241_9047500060438320225_n-1536x1152.jpg 1536w, https:\/\/altisk-karcag.hu\/wp-content\/uploads\/2024\/05\/440745008_933076328514241_9047500060438320225_n-467x350.jpg 467w, https:\/\/altisk-karcag.hu\/wp-content\/uploads\/2024\/05\/440745008_933076328514241_9047500060438320225_n.jpg 2040w\" sizes=\"(max-width: 1024px) 100vw, 1024px\" \/><\/a><\/figure>\n\n\n\n<figure class=\"wp-block-image size-large is-resized is-style-default\"><a href=\"https:\/\/altisk-karcag.hu\/wp-content\/uploads\/2024\/05\/440783243_933076338514240_5326316533211231827_n.jpg\"><img decoding=\"async\" loading=\"lazy\" width=\"768\" height=\"1024\" src=\"https:\/\/altisk-karcag.hu\/wp-content\/uploads\/2024\/05\/440783243_933076338514240_5326316533211231827_n-768x1024.jpg\" alt=\"\" class=\"wp-image-2646\" style=\"aspect-ratio:0.75;width:1029px;height:auto\" srcset=\"https:\/\/altisk-karcag.hu\/wp-content\/uploads\/2024\/05\/440783243_933076338514240_5326316533211231827_n-768x1024.jpg 768w, https:\/\/altisk-karcag.hu\/wp-content\/uploads\/2024\/05\/440783243_933076338514240_5326316533211231827_n-225x300.jpg 225w, https:\/\/altisk-karcag.hu\/wp-content\/uploads\/2024\/05\/440783243_933076338514240_5326316533211231827_n-1152x1536.jpg 1152w, https:\/\/altisk-karcag.hu\/wp-content\/uploads\/2024\/05\/440783243_933076338514240_5326316533211231827_n-263x350.jpg 263w, https:\/\/altisk-karcag.hu\/wp-content\/uploads\/2024\/05\/440783243_933076338514240_5326316533211231827_n.jpg 1500w\" sizes=\"(max-width: 768px) 100vw, 768px\" \/><\/a><\/figure>\n\n\n\n<figure class=\"wp-block-image size-large is-style-default\"><a href=\"https:\/\/altisk-karcag.hu\/wp-content\/uploads\/2024\/05\/440878777_933076351847572_4088535749878354280_n.jpg\"><img decoding=\"async\" loading=\"lazy\" width=\"768\" height=\"1024\" src=\"https:\/\/altisk-karcag.hu\/wp-content\/uploads\/2024\/05\/440878777_933076351847572_4088535749878354280_n-768x1024.jpg\" alt=\"\" class=\"wp-image-2647\" srcset=\"https:\/\/altisk-karcag.hu\/wp-content\/uploads\/2024\/05\/440878777_933076351847572_4088535749878354280_n-768x1024.jpg 768w, https:\/\/altisk-karcag.hu\/wp-content\/uploads\/2024\/05\/440878777_933076351847572_4088535749878354280_n-225x300.jpg 225w, https:\/\/altisk-karcag.hu\/wp-content\/uploads\/2024\/05\/440878777_933076351847572_4088535749878354280_n-1152x1536.jpg 1152w, https:\/\/altisk-karcag.hu\/wp-content\/uploads\/2024\/05\/440878777_933076351847572_4088535749878354280_n-263x350.jpg 263w, https:\/\/altisk-karcag.hu\/wp-content\/uploads\/2024\/05\/440878777_933076351847572_4088535749878354280_n.jpg 1500w\" sizes=\"(max-width: 768px) 100vw, 768px\" \/><\/a><\/figure>\n\n\n\n<figure class=\"wp-block-image size-full is-style-default\"><a href=\"https:\/\/altisk-karcag.hu\/wp-content\/uploads\/2024\/05\/440955916_933076055180935_3723140302859448176_n.jpg\"><img decoding=\"async\" loading=\"lazy\" width=\"672\" height=\"476\" src=\"https:\/\/altisk-karcag.hu\/wp-content\/uploads\/2024\/05\/440955916_933076055180935_3723140302859448176_n.jpg\" alt=\"\" class=\"wp-image-2648\" srcset=\"https:\/\/altisk-karcag.hu\/wp-content\/uploads\/2024\/05\/440955916_933076055180935_3723140302859448176_n.jpg 672w, https:\/\/altisk-karcag.hu\/wp-content\/uploads\/2024\/05\/440955916_933076055180935_3723140302859448176_n-300x213.jpg 300w, https:\/\/altisk-karcag.hu\/wp-content\/uploads\/2024\/05\/440955916_933076055180935_3723140302859448176_n-494x350.jpg 494w\" sizes=\"(max-width: 672px) 100vw, 672px\" \/><\/a><\/figure>\n","protected":false},"excerpt":{"rendered":"<p>H\u00e1rom h\u00f3nappal ezel\u0151tt a Bengecseg alap\u00edtv\u00e1ny helyt\u00f6rt\u00e9neti vet\u00e9lked\u0151t hirdetett \u00e1ltal\u00e1nos iskol\u00e1sok r\u00e9sz\u00e9re. Int\u00e9zm\u00e9ny\u00fcnkben az 5. oszt\u00e1lyosok voltak a legkitart\u00f3bbak, akik filmet is forgattak, \u0151k hogyan tanult\u00e1k meg sz\u00fcleikt\u0151l a h\u00edres karcagi Ferdin\u00e1nd elk\u00e9sz\u00edt\u00e9s\u00e9t.A vet\u00e9lked\u0151 d\u00f6nt\u0151j\u00e9be jutva, szorgalmasan ism\u00e9teltek, ut\u00e1na n\u00e9ztek esem\u00e9nyeknek, adatoknak.\u00c1prilis 27-\u00e9n egy eg\u00e9sznapos verseng\u00e9s k\u00f6vetkezett a karcagi Gazdah\u00e1zban.A &hellip;<\/p>\n","protected":false},"author":1,"featured_media":0,"comment_status":"closed","ping_status":"closed","sticky":false,"template":"","format":"standard","meta":{"footnotes":""},"categories":[9,10],"tags":[],"_links":{"self":[{"href":"https:\/\/altisk-karcag.hu\/index.php?rest_route=\/wp\/v2\/posts\/2644"}],"collection":[{"href":"https:\/\/altisk-karcag.hu\/index.php?rest_route=\/wp\/v2\/posts"}],"about":[{"href":"https:\/\/altisk-karcag.hu\/index.php?rest_route=\/wp\/v2\/types\/post"}],"author":[{"embeddable":true,"href":"https:\/\/altisk-karcag.hu\/index.php?rest_route=\/wp\/v2\/users\/1"}],"replies":[{"embeddable":true,"href":"https:\/\/altisk-karcag.hu\/index.php?rest_route=%2Fwp%2Fv2%2Fcomments&post=2644"}],"version-history":[{"count":1,"href":"https:\/\/altisk-karcag.hu\/index.php?rest_route=\/wp\/v2\/posts\/2644\/revisions"}],"predecessor-version":[{"id":2649,"href":"https:\/\/altisk-karcag.hu\/index.php?rest_route=\/wp\/v2\/posts\/2644\/revisions\/2649"}],"wp:attachment":[{"href":"https:\/\/altisk-karcag.hu\/index.php?rest_route=%2Fwp%2Fv2%2Fmedia&parent=2644"}],"wp:term":[{"taxonomy":"category","embeddable":true,"href":"https:\/\/altisk-karcag.hu\/index.php?rest_route=%2Fwp%2Fv2%2Fcategories&post=2644"},{"taxonomy":"post_tag","embeddable":true,"href":"https:\/\/altisk-karcag.hu\/index.php?rest_route=%2Fwp%2Fv2%2Ftags&post=2644"}],"curies":[{"name":"wp","href":"https:\/\/api.w.org\/{rel}","templated":true}]}}