{"id":2638,"date":"2024-04-29T06:40:40","date_gmt":"2024-04-29T06:40:40","guid":{"rendered":"https:\/\/altisk-karcag.hu\/?p=2638"},"modified":"2024-04-29T06:41:21","modified_gmt":"2024-04-29T06:41:21","slug":"tavaszi-munkak-az-iskolakertben","status":"publish","type":"post","link":"https:\/\/altisk-karcag.hu\/?p=2638","title":{"rendered":"Tavaszi munk\u00e1k az iskolakertben"},"content":{"rendered":"\n<p>A j\u00f3 id\u0151 bek\u00f6sz\u00f6nt\u00e9vel megkezd\u0151dtek a tavaszi munk\u00e1k az iskolakertben. A talaj el\u0151k\u00e9sz\u00edt\u00e9se ut\u00e1n a<br>kertszakk\u00f6r\u00f6s tanul\u00f3k szorgalmasan vetem\u00e9nyeztek a kertben. Elvetett\u00fck a bors\u00f3t, sal\u00e1t\u00e1t, c\u00e9kl\u00e1t,<br>cukkinit, z\u00f6ldbabot, elduggattuk a hagym\u00e1t. Az \u0151szi fokhagym\u00e1t, eper\u00e1gy\u00e1sunkat, \u00e9vel\u0151<br>z\u00f6ldhagym\u00e1nkat, f\u0171szern\u00f6v\u00e9ny sarkunkat kigyoml\u00e1ltuk. A szabadban v\u00e9gzett tev\u00e9kenys\u00e9geket nagy<br>\u00f6r\u00f6mmel v\u00e9gzik tanul\u00f3ink. A vetem\u00e9nyez\u00e9s sor\u00e1n megismert\u00e9k a n\u00f6v\u00e9nyek magjait, az abb\u00f3l<br>kifejl\u0151d\u0151 n\u00f6v\u00e9nyeket. Megismerik a n\u00f6v\u00e9nyek gondoz\u00e1s\u00e1t, fejl\u0151d\u00e9s\u00e9nek felt\u00e9teleit, \u00e9letciklus\u00e1t.<br>Nagyon sok n\u00f6v\u00e9ny\u00fcnk m\u00e1r kikelt. K\u00edv\u00e1ncsian v\u00e1rjuk z\u00f6lds\u00e9geink tov\u00e1bbi n\u00f6veked\u00e9s\u00e9t, fejl\u0151d\u00e9s\u00e9t.<br>N\u00e9methn\u00e9 Nagy Julianna<\/p>\n\n\n\n<figure class=\"wp-block-image size-large is-style-default\"><a href=\"https:\/\/altisk-karcag.hu\/wp-content\/uploads\/2024\/04\/iskolakert-2024kep.jpg\"><img decoding=\"async\" loading=\"lazy\" width=\"1024\" height=\"771\" src=\"https:\/\/altisk-karcag.hu\/wp-content\/uploads\/2024\/04\/iskolakert-2024kep-1024x771.jpg\" alt=\"\" class=\"wp-image-2639\" srcset=\"https:\/\/altisk-karcag.hu\/wp-content\/uploads\/2024\/04\/iskolakert-2024kep-1024x771.jpg 1024w, https:\/\/altisk-karcag.hu\/wp-content\/uploads\/2024\/04\/iskolakert-2024kep-300x226.jpg 300w, https:\/\/altisk-karcag.hu\/wp-content\/uploads\/2024\/04\/iskolakert-2024kep-768x578.jpg 768w, https:\/\/altisk-karcag.hu\/wp-content\/uploads\/2024\/04\/iskolakert-2024kep-1536x1157.jpg 1536w, https:\/\/altisk-karcag.hu\/wp-content\/uploads\/2024\/04\/iskolakert-2024kep-465x350.jpg 465w, https:\/\/altisk-karcag.hu\/wp-content\/uploads\/2024\/04\/iskolakert-2024kep.jpg 2040w\" sizes=\"(max-width: 1024px) 100vw, 1024px\" \/><\/a><\/figure>\n\n\n\n<figure class=\"wp-block-image size-large is-style-default\"><a href=\"https:\/\/altisk-karcag.hu\/wp-content\/uploads\/2024\/04\/iskolakert2024.jpg\"><img decoding=\"async\" loading=\"lazy\" width=\"1024\" height=\"771\" src=\"https:\/\/altisk-karcag.hu\/wp-content\/uploads\/2024\/04\/iskolakert2024-1024x771.jpg\" alt=\"\" class=\"wp-image-2640\" srcset=\"https:\/\/altisk-karcag.hu\/wp-content\/uploads\/2024\/04\/iskolakert2024-1024x771.jpg 1024w, https:\/\/altisk-karcag.hu\/wp-content\/uploads\/2024\/04\/iskolakert2024-300x226.jpg 300w, https:\/\/altisk-karcag.hu\/wp-content\/uploads\/2024\/04\/iskolakert2024-768x578.jpg 768w, https:\/\/altisk-karcag.hu\/wp-content\/uploads\/2024\/04\/iskolakert2024-1536x1157.jpg 1536w, https:\/\/altisk-karcag.hu\/wp-content\/uploads\/2024\/04\/iskolakert2024-465x350.jpg 465w, https:\/\/altisk-karcag.hu\/wp-content\/uploads\/2024\/04\/iskolakert2024.jpg 2040w\" sizes=\"(max-width: 1024px) 100vw, 1024px\" \/><\/a><\/figure>\n","protected":false},"excerpt":{"rendered":"<p>A j\u00f3 id\u0151 bek\u00f6sz\u00f6nt\u00e9vel megkezd\u0151dtek a tavaszi munk\u00e1k az iskolakertben. A talaj el\u0151k\u00e9sz\u00edt\u00e9se ut\u00e1n akertszakk\u00f6r\u00f6s tanul\u00f3k szorgalmasan vetem\u00e9nyeztek a kertben. Elvetett\u00fck a bors\u00f3t, sal\u00e1t\u00e1t, c\u00e9kl\u00e1t,cukkinit, z\u00f6ldbabot, elduggattuk a hagym\u00e1t. Az \u0151szi fokhagym\u00e1t, eper\u00e1gy\u00e1sunkat, \u00e9vel\u0151z\u00f6ldhagym\u00e1nkat, f\u0171szern\u00f6v\u00e9ny sarkunkat kigyoml\u00e1ltuk. A szabadban v\u00e9gzett tev\u00e9kenys\u00e9geket nagy\u00f6r\u00f6mmel v\u00e9gzik tanul\u00f3ink. A vetem\u00e9nyez\u00e9s sor\u00e1n megismert\u00e9k a n\u00f6v\u00e9nyek &hellip;<\/p>\n","protected":false},"author":1,"featured_media":0,"comment_status":"closed","ping_status":"closed","sticky":false,"template":"","format":"standard","meta":{"footnotes":""},"categories":[9,20,10],"tags":[],"_links":{"self":[{"href":"https:\/\/altisk-karcag.hu\/index.php?rest_route=\/wp\/v2\/posts\/2638"}],"collection":[{"href":"https:\/\/altisk-karcag.hu\/index.php?rest_route=\/wp\/v2\/posts"}],"about":[{"href":"https:\/\/altisk-karcag.hu\/index.php?rest_route=\/wp\/v2\/types\/post"}],"author":[{"embeddable":true,"href":"https:\/\/altisk-karcag.hu\/index.php?rest_route=\/wp\/v2\/users\/1"}],"replies":[{"embeddable":true,"href":"https:\/\/altisk-karcag.hu\/index.php?rest_route=%2Fwp%2Fv2%2Fcomments&post=2638"}],"version-history":[{"count":3,"href":"https:\/\/altisk-karcag.hu\/index.php?rest_route=\/wp\/v2\/posts\/2638\/revisions"}],"predecessor-version":[{"id":2643,"href":"https:\/\/altisk-karcag.hu\/index.php?rest_route=\/wp\/v2\/posts\/2638\/revisions\/2643"}],"wp:attachment":[{"href":"https:\/\/altisk-karcag.hu\/index.php?rest_route=%2Fwp%2Fv2%2Fmedia&parent=2638"}],"wp:term":[{"taxonomy":"category","embeddable":true,"href":"https:\/\/altisk-karcag.hu\/index.php?rest_route=%2Fwp%2Fv2%2Fcategories&post=2638"},{"taxonomy":"post_tag","embeddable":true,"href":"https:\/\/altisk-karcag.hu\/index.php?rest_route=%2Fwp%2Fv2%2Ftags&post=2638"}],"curies":[{"name":"wp","href":"https:\/\/api.w.org\/{rel}","templated":true}]}}