{"id":2608,"date":"2024-04-17T02:57:19","date_gmt":"2024-04-17T02:57:19","guid":{"rendered":"https:\/\/altisk-karcag.hu\/?p=2608"},"modified":"2024-04-27T03:30:09","modified_gmt":"2024-04-27T03:30:09","slug":"szepiro-verseny","status":"publish","type":"post","link":"https:\/\/altisk-karcag.hu\/?p=2608","title":{"rendered":"Sz\u00e9p\u00edr\u00f3 verseny"},"content":{"rendered":"\n<p>Kiskulcsosi gyerekek a Sz\u00e9p\u00edr\u00f3 versenyen!<br>\u00c1prilis 10-\u00e9n ker\u00fclt megrendez\u00e9sre a Szent P\u00e1l Marista \u00c1ltal\u00e1nos Iskol\u00e1ban a Sz\u00e9p\u00edr\u00f3 verseny, ahol az als\u00f3s tanul\u00f3k k\u00e9pviselt\u00e9k iskol\u00e1nkat.<br>Az 1.-2. oszt\u00e1lyosok verseny\u00e9n G\u00f6nczi Zita 1.A oszt\u00e1lyos tanul\u00f3 eml\u00e9klapot kapott. Czep\u00e1n Istv\u00e1n 2.B oszt\u00e1lyos tanul\u00f3 1. helyez\u00e9st \u00e9rt el.<br>A 3.-4. oszt\u00e1lyosok verseny\u00e9n Farkas Eszter 3. helyezett lett.<br>Gratul\u00e1lunk a gyerekeknek \u00e9s a felk\u00e9sz\u00edt\u0151 pedag\u00f3gusoknak!<\/p>\n\n\n\n<figure class=\"wp-block-image size-large is-style-default\"><a href=\"https:\/\/altisk-karcag.hu\/wp-content\/uploads\/2024\/04\/438030590_923084876180053_5215458374568433008_n.jpg\"><img decoding=\"async\" loading=\"lazy\" width=\"768\" height=\"1024\" src=\"https:\/\/altisk-karcag.hu\/wp-content\/uploads\/2024\/04\/438030590_923084876180053_5215458374568433008_n-768x1024.jpg\" alt=\"\" class=\"wp-image-2609\" srcset=\"https:\/\/altisk-karcag.hu\/wp-content\/uploads\/2024\/04\/438030590_923084876180053_5215458374568433008_n-768x1024.jpg 768w, https:\/\/altisk-karcag.hu\/wp-content\/uploads\/2024\/04\/438030590_923084876180053_5215458374568433008_n-225x300.jpg 225w, https:\/\/altisk-karcag.hu\/wp-content\/uploads\/2024\/04\/438030590_923084876180053_5215458374568433008_n-1152x1536.jpg 1152w, https:\/\/altisk-karcag.hu\/wp-content\/uploads\/2024\/04\/438030590_923084876180053_5215458374568433008_n-263x350.jpg 263w, https:\/\/altisk-karcag.hu\/wp-content\/uploads\/2024\/04\/438030590_923084876180053_5215458374568433008_n.jpg 1536w\" sizes=\"(max-width: 768px) 100vw, 768px\" \/><\/a><\/figure>\n\n\n\n<figure class=\"wp-block-image size-large is-style-default\"><a href=\"https:\/\/altisk-karcag.hu\/wp-content\/uploads\/2024\/04\/438036866_923084989513375_5543792444610788376_n.jpg\"><img decoding=\"async\" loading=\"lazy\" width=\"768\" height=\"1024\" src=\"https:\/\/altisk-karcag.hu\/wp-content\/uploads\/2024\/04\/438036866_923084989513375_5543792444610788376_n-768x1024.jpg\" alt=\"\" class=\"wp-image-2610\" srcset=\"https:\/\/altisk-karcag.hu\/wp-content\/uploads\/2024\/04\/438036866_923084989513375_5543792444610788376_n-768x1024.jpg 768w, https:\/\/altisk-karcag.hu\/wp-content\/uploads\/2024\/04\/438036866_923084989513375_5543792444610788376_n-225x300.jpg 225w, https:\/\/altisk-karcag.hu\/wp-content\/uploads\/2024\/04\/438036866_923084989513375_5543792444610788376_n-1152x1536.jpg 1152w, https:\/\/altisk-karcag.hu\/wp-content\/uploads\/2024\/04\/438036866_923084989513375_5543792444610788376_n-263x350.jpg 263w, https:\/\/altisk-karcag.hu\/wp-content\/uploads\/2024\/04\/438036866_923084989513375_5543792444610788376_n.jpg 1536w\" sizes=\"(max-width: 768px) 100vw, 768px\" \/><\/a><\/figure>\n","protected":false},"excerpt":{"rendered":"<p>Kiskulcsosi gyerekek a Sz\u00e9p\u00edr\u00f3 versenyen!\u00c1prilis 10-\u00e9n ker\u00fclt megrendez\u00e9sre a Szent P\u00e1l Marista \u00c1ltal\u00e1nos Iskol\u00e1ban a Sz\u00e9p\u00edr\u00f3 verseny, ahol az als\u00f3s tanul\u00f3k k\u00e9pviselt\u00e9k iskol\u00e1nkat.Az 1.-2. oszt\u00e1lyosok verseny\u00e9n G\u00f6nczi Zita 1.A oszt\u00e1lyos tanul\u00f3 eml\u00e9klapot kapott. Czep\u00e1n Istv\u00e1n 2.B oszt\u00e1lyos tanul\u00f3 1. helyez\u00e9st \u00e9rt el.A 3.-4. oszt\u00e1lyosok verseny\u00e9n Farkas Eszter 3. helyezett lett.Gratul\u00e1lunk &hellip;<\/p>\n","protected":false},"author":1,"featured_media":2609,"comment_status":"closed","ping_status":"closed","sticky":false,"template":"","format":"standard","meta":{"footnotes":""},"categories":[9,10],"tags":[],"_links":{"self":[{"href":"https:\/\/altisk-karcag.hu\/index.php?rest_route=\/wp\/v2\/posts\/2608"}],"collection":[{"href":"https:\/\/altisk-karcag.hu\/index.php?rest_route=\/wp\/v2\/posts"}],"about":[{"href":"https:\/\/altisk-karcag.hu\/index.php?rest_route=\/wp\/v2\/types\/post"}],"author":[{"embeddable":true,"href":"https:\/\/altisk-karcag.hu\/index.php?rest_route=\/wp\/v2\/users\/1"}],"replies":[{"embeddable":true,"href":"https:\/\/altisk-karcag.hu\/index.php?rest_route=%2Fwp%2Fv2%2Fcomments&post=2608"}],"version-history":[{"count":1,"href":"https:\/\/altisk-karcag.hu\/index.php?rest_route=\/wp\/v2\/posts\/2608\/revisions"}],"predecessor-version":[{"id":2611,"href":"https:\/\/altisk-karcag.hu\/index.php?rest_route=\/wp\/v2\/posts\/2608\/revisions\/2611"}],"wp:featuredmedia":[{"embeddable":true,"href":"https:\/\/altisk-karcag.hu\/index.php?rest_route=\/wp\/v2\/media\/2609"}],"wp:attachment":[{"href":"https:\/\/altisk-karcag.hu\/index.php?rest_route=%2Fwp%2Fv2%2Fmedia&parent=2608"}],"wp:term":[{"taxonomy":"category","embeddable":true,"href":"https:\/\/altisk-karcag.hu\/index.php?rest_route=%2Fwp%2Fv2%2Fcategories&post=2608"},{"taxonomy":"post_tag","embeddable":true,"href":"https:\/\/altisk-karcag.hu\/index.php?rest_route=%2Fwp%2Fv2%2Ftags&post=2608"}],"curies":[{"name":"wp","href":"https:\/\/api.w.org\/{rel}","templated":true}]}}