{"id":2589,"date":"2024-04-18T06:43:36","date_gmt":"2024-04-18T06:43:36","guid":{"rendered":"https:\/\/altisk-karcag.hu\/?p=2589"},"modified":"2024-04-18T06:43:37","modified_gmt":"2024-04-18T06:43:37","slug":"kiskulcsosiak-kolteszetnapi-sikere","status":"publish","type":"post","link":"https:\/\/altisk-karcag.hu\/?p=2589","title":{"rendered":"Kiskulcsosiak k\u00f6lt\u00e9szetnapi sikere!"},"content":{"rendered":"\n<p>A k\u00f6lt\u00e9szet napj\u00e1n, \u00e1prilis 11-\u00e9n a VIII. &#8221; J\u00e1sz- Nagykun&#8221; megyei versmond\u00f3 versenyen vett\u00fcnk r\u00e9szt J\u00e1szd\u00f3zs\u00e1n.<br>Az \u00e1ltal\u00e1nos iskola fels\u0151 tagozatos S\u00e1nta R\u00e9ka Ol\u00edvia 6. oszt\u00e1lyos tanul\u00f3 Eml\u00e9klapot kapott, Rimaszombati M\u00e1t\u00e9 8.-os di\u00e1kunk 2. helyez\u00e9st \u00e9rt el, m\u00edg a feln\u0151ttekn\u00e9l Horv\u00e1thn\u00e9 Pandur T\u00fcnde tan\u00e1rn\u0151 1. helyezett lett.<br>Gratul\u00e1lunk a sz\u00e9p eredm\u00e9nyekhez!<\/p>\n\n\n\n<figure class=\"wp-block-image size-large is-style-default\"><a href=\"https:\/\/altisk-karcag.hu\/wp-content\/uploads\/2024\/04\/434103582_923019686186572_6575444740350333838_n.jpg\"><img decoding=\"async\" loading=\"lazy\" width=\"1024\" height=\"668\" src=\"https:\/\/altisk-karcag.hu\/wp-content\/uploads\/2024\/04\/434103582_923019686186572_6575444740350333838_n-1024x668.jpg\" alt=\"\" class=\"wp-image-2590\" srcset=\"https:\/\/altisk-karcag.hu\/wp-content\/uploads\/2024\/04\/434103582_923019686186572_6575444740350333838_n-1024x668.jpg 1024w, https:\/\/altisk-karcag.hu\/wp-content\/uploads\/2024\/04\/434103582_923019686186572_6575444740350333838_n-300x196.jpg 300w, https:\/\/altisk-karcag.hu\/wp-content\/uploads\/2024\/04\/434103582_923019686186572_6575444740350333838_n-768x501.jpg 768w, https:\/\/altisk-karcag.hu\/wp-content\/uploads\/2024\/04\/434103582_923019686186572_6575444740350333838_n-536x350.jpg 536w, https:\/\/altisk-karcag.hu\/wp-content\/uploads\/2024\/04\/434103582_923019686186572_6575444740350333838_n.jpg 1192w\" sizes=\"(max-width: 1024px) 100vw, 1024px\" \/><\/a><\/figure>\n\n\n\n<figure class=\"wp-block-image size-large is-style-default\"><a href=\"https:\/\/altisk-karcag.hu\/wp-content\/uploads\/2024\/04\/435921179_923019679519906_7490566236508748475_n.jpg\"><img decoding=\"async\" loading=\"lazy\" width=\"685\" height=\"1024\" src=\"https:\/\/altisk-karcag.hu\/wp-content\/uploads\/2024\/04\/435921179_923019679519906_7490566236508748475_n-685x1024.jpg\" alt=\"\" class=\"wp-image-2591\" srcset=\"https:\/\/altisk-karcag.hu\/wp-content\/uploads\/2024\/04\/435921179_923019679519906_7490566236508748475_n-685x1024.jpg 685w, https:\/\/altisk-karcag.hu\/wp-content\/uploads\/2024\/04\/435921179_923019679519906_7490566236508748475_n-201x300.jpg 201w, https:\/\/altisk-karcag.hu\/wp-content\/uploads\/2024\/04\/435921179_923019679519906_7490566236508748475_n-768x1148.jpg 768w, https:\/\/altisk-karcag.hu\/wp-content\/uploads\/2024\/04\/435921179_923019679519906_7490566236508748475_n-234x350.jpg 234w, https:\/\/altisk-karcag.hu\/wp-content\/uploads\/2024\/04\/435921179_923019679519906_7490566236508748475_n.jpg 894w\" sizes=\"(max-width: 685px) 100vw, 685px\" \/><\/a><\/figure>\n\n\n\n<figure class=\"wp-block-image size-large is-style-default\"><a href=\"https:\/\/altisk-karcag.hu\/wp-content\/uploads\/2024\/04\/438127829_923019689519905_4365839025618206372_n.jpg\"><img decoding=\"async\" loading=\"lazy\" width=\"1024\" height=\"461\" src=\"https:\/\/altisk-karcag.hu\/wp-content\/uploads\/2024\/04\/438127829_923019689519905_4365839025618206372_n-1024x461.jpg\" alt=\"\" class=\"wp-image-2592\" srcset=\"https:\/\/altisk-karcag.hu\/wp-content\/uploads\/2024\/04\/438127829_923019689519905_4365839025618206372_n-1024x461.jpg 1024w, https:\/\/altisk-karcag.hu\/wp-content\/uploads\/2024\/04\/438127829_923019689519905_4365839025618206372_n-300x135.jpg 300w, https:\/\/altisk-karcag.hu\/wp-content\/uploads\/2024\/04\/438127829_923019689519905_4365839025618206372_n-768x346.jpg 768w, https:\/\/altisk-karcag.hu\/wp-content\/uploads\/2024\/04\/438127829_923019689519905_4365839025618206372_n-1536x691.jpg 1536w, https:\/\/altisk-karcag.hu\/wp-content\/uploads\/2024\/04\/438127829_923019689519905_4365839025618206372_n-778x350.jpg 778w, https:\/\/altisk-karcag.hu\/wp-content\/uploads\/2024\/04\/438127829_923019689519905_4365839025618206372_n.jpg 2000w\" sizes=\"(max-width: 1024px) 100vw, 1024px\" \/><\/a><\/figure>\n","protected":false},"excerpt":{"rendered":"<p>A k\u00f6lt\u00e9szet napj\u00e1n, \u00e1prilis 11-\u00e9n a VIII. &#8221; J\u00e1sz- Nagykun&#8221; megyei versmond\u00f3 versenyen vett\u00fcnk r\u00e9szt J\u00e1szd\u00f3zs\u00e1n.Az \u00e1ltal\u00e1nos iskola fels\u0151 tagozatos S\u00e1nta R\u00e9ka Ol\u00edvia 6. oszt\u00e1lyos tanul\u00f3 Eml\u00e9klapot kapott, Rimaszombati M\u00e1t\u00e9 8.-os di\u00e1kunk 2. helyez\u00e9st \u00e9rt el, m\u00edg a feln\u0151ttekn\u00e9l Horv\u00e1thn\u00e9 Pandur T\u00fcnde tan\u00e1rn\u0151 1. helyezett lett.Gratul\u00e1lunk a sz\u00e9p eredm\u00e9nyekhez!<\/p>\n","protected":false},"author":1,"featured_media":0,"comment_status":"closed","ping_status":"closed","sticky":false,"template":"","format":"standard","meta":{"footnotes":""},"categories":[9],"tags":[],"_links":{"self":[{"href":"https:\/\/altisk-karcag.hu\/index.php?rest_route=\/wp\/v2\/posts\/2589"}],"collection":[{"href":"https:\/\/altisk-karcag.hu\/index.php?rest_route=\/wp\/v2\/posts"}],"about":[{"href":"https:\/\/altisk-karcag.hu\/index.php?rest_route=\/wp\/v2\/types\/post"}],"author":[{"embeddable":true,"href":"https:\/\/altisk-karcag.hu\/index.php?rest_route=\/wp\/v2\/users\/1"}],"replies":[{"embeddable":true,"href":"https:\/\/altisk-karcag.hu\/index.php?rest_route=%2Fwp%2Fv2%2Fcomments&post=2589"}],"version-history":[{"count":1,"href":"https:\/\/altisk-karcag.hu\/index.php?rest_route=\/wp\/v2\/posts\/2589\/revisions"}],"predecessor-version":[{"id":2593,"href":"https:\/\/altisk-karcag.hu\/index.php?rest_route=\/wp\/v2\/posts\/2589\/revisions\/2593"}],"wp:attachment":[{"href":"https:\/\/altisk-karcag.hu\/index.php?rest_route=%2Fwp%2Fv2%2Fmedia&parent=2589"}],"wp:term":[{"taxonomy":"category","embeddable":true,"href":"https:\/\/altisk-karcag.hu\/index.php?rest_route=%2Fwp%2Fv2%2Fcategories&post=2589"},{"taxonomy":"post_tag","embeddable":true,"href":"https:\/\/altisk-karcag.hu\/index.php?rest_route=%2Fwp%2Fv2%2Ftags&post=2589"}],"curies":[{"name":"wp","href":"https:\/\/api.w.org\/{rel}","templated":true}]}}