{"id":2555,"date":"2024-03-21T14:04:40","date_gmt":"2024-03-21T14:04:40","guid":{"rendered":"https:\/\/altisk-karcag.hu\/?p=2555"},"modified":"2024-04-26T06:45:26","modified_gmt":"2024-04-26T06:45:26","slug":"beiratkozas-2","status":"publish","type":"post","link":"https:\/\/altisk-karcag.hu\/?p=2555","title":{"rendered":"Beiratkoz\u00e1s"},"content":{"rendered":"\n<p><a href=\"https:\/\/altisk-karcag.hu\/wp-content\/uploads\/2024\/04\/Elsos-beiratkozas.pdf\">Els\u0151s beiratkoz\u00e1s<\/a> <\/p>\n\n\n\n<p><a href=\"https:\/\/altisk-karcag.hu\/wp-content\/uploads\/2024\/03\/KRETA-elsos-beiratkozas_Szuloi-tajekoztato_2024.pdf\" data-type=\"link\" data-id=\"https:\/\/altisk-karcag.hu\/wp-content\/uploads\/2024\/03\/KRETA-elsos-beiratkozas_Szuloi-tajekoztato_2024.pdf\">Sz\u00fcl\u0151i t\u00e1j\u00e9koztat\u00f3<\/a><\/p>\n\n\n\n<p><a href=\"https:\/\/altisk-karcag.hu\/wp-content\/uploads\/2024\/03\/Hirdetmeny_2024.pdf\">Inform\u00e1ci\u00f3k a beiratkoz\u00e1sr\u00f3l 2024\/2025-\u00f6s tan\u00e9vre<\/a><\/p>\n\n\n\n<p><strong><a href=\"https:\/\/altisk-karcag.hu\/wp-content\/uploads\/2024\/03\/Kiegeszito-tajekoztatas-a-2024-2025.-tanevre-valo-beiratkozassal-kapcsolatban.pdf\" data-type=\"link\" data-id=\"https:\/\/altisk-karcag.hu\/wp-content\/uploads\/2024\/03\/Kiegeszito-tajekoztatas-a-2024-2025.-tanevre-valo-beiratkozassal-kapcsolatban.pdf\">Kieg\u00e9sz\u00edt\u0151 t\u00e1j\u00e9koztat\u00e1s a 2024\/2025. tan\u00e9vre val\u00f3 beiratkoz\u00e1ssal kapcsolatban<\/a><\/strong><\/p>\n","protected":false},"excerpt":{"rendered":"<p>Els\u0151s beiratkoz\u00e1s Sz\u00fcl\u0151i t\u00e1j\u00e9koztat\u00f3 Inform\u00e1ci\u00f3k a beiratkoz\u00e1sr\u00f3l 2024\/2025-\u00f6s tan\u00e9vre Kieg\u00e9sz\u00edt\u0151 t\u00e1j\u00e9koztat\u00e1s a 2024\/2025. tan\u00e9vre val\u00f3 beiratkoz\u00e1ssal kapcsolatban<\/p>\n","protected":false},"author":1,"featured_media":0,"comment_status":"closed","ping_status":"closed","sticky":false,"template":"","format":"standard","meta":{"footnotes":""},"categories":[10,11],"tags":[],"_links":{"self":[{"href":"https:\/\/altisk-karcag.hu\/index.php?rest_route=\/wp\/v2\/posts\/2555"}],"collection":[{"href":"https:\/\/altisk-karcag.hu\/index.php?rest_route=\/wp\/v2\/posts"}],"about":[{"href":"https:\/\/altisk-karcag.hu\/index.php?rest_route=\/wp\/v2\/types\/post"}],"author":[{"embeddable":true,"href":"https:\/\/altisk-karcag.hu\/index.php?rest_route=\/wp\/v2\/users\/1"}],"replies":[{"embeddable":true,"href":"https:\/\/altisk-karcag.hu\/index.php?rest_route=%2Fwp%2Fv2%2Fcomments&post=2555"}],"version-history":[{"count":6,"href":"https:\/\/altisk-karcag.hu\/index.php?rest_route=\/wp\/v2\/posts\/2555\/revisions"}],"predecessor-version":[{"id":2597,"href":"https:\/\/altisk-karcag.hu\/index.php?rest_route=\/wp\/v2\/posts\/2555\/revisions\/2597"}],"wp:attachment":[{"href":"https:\/\/altisk-karcag.hu\/index.php?rest_route=%2Fwp%2Fv2%2Fmedia&parent=2555"}],"wp:term":[{"taxonomy":"category","embeddable":true,"href":"https:\/\/altisk-karcag.hu\/index.php?rest_route=%2Fwp%2Fv2%2Fcategories&post=2555"},{"taxonomy":"post_tag","embeddable":true,"href":"https:\/\/altisk-karcag.hu\/index.php?rest_route=%2Fwp%2Fv2%2Ftags&post=2555"}],"curies":[{"name":"wp","href":"https:\/\/api.w.org\/{rel}","templated":true}]}}