{"id":2525,"date":"2024-03-11T11:40:00","date_gmt":"2024-03-11T11:40:00","guid":{"rendered":"https:\/\/altisk-karcag.hu\/?p=2525"},"modified":"2024-03-14T11:42:34","modified_gmt":"2024-03-14T11:42:34","slug":"a-veres-henrietta-katalin-alkotopalyazaton-ket-tanulonk-szep-eredmenyt-ert-el","status":"publish","type":"post","link":"https:\/\/altisk-karcag.hu\/?p=2525","title":{"rendered":"A Veres Henrietta Katalin alkot\u00f3p\u00e1ly\u00e1zaton k\u00e9t tanul\u00f3nk sz\u00e9p eredm\u00e9nyt \u00e9rt el!"},"content":{"rendered":"\n<p>T\u00f3th \u00c9va 4. a &#8211; I. helyez\u00e9s, felk\u00e9sz\u00edt\u0151: Urb\u00e1n S\u00e1ndorn\u00e9<br>Kelemen Amina 1.a &#8211; III. helyez\u00e9s felk\u00e9sz\u00edt\u0151: Szab\u00f3n\u00e9 Sebesty\u00e9n Erika<br>Gratul\u00e1lunk nekik \u00e9s felk\u00e9sz\u00edt\u0151iknek!<\/p>\n\n\n\n<figure class=\"wp-block-image size-large is-style-default\"><a href=\"https:\/\/altisk-karcag.hu\/wp-content\/uploads\/2024\/03\/430080408_413411451228955_4857726455619204783_n.jpg\" target=\"_blank\" rel=\"noreferrer noopener\"><img decoding=\"async\" loading=\"lazy\" width=\"803\" height=\"1024\" src=\"https:\/\/altisk-karcag.hu\/wp-content\/uploads\/2024\/03\/430080408_413411451228955_4857726455619204783_n-803x1024.jpg\" alt=\"\" class=\"wp-image-2526\" srcset=\"https:\/\/altisk-karcag.hu\/wp-content\/uploads\/2024\/03\/430080408_413411451228955_4857726455619204783_n-803x1024.jpg 803w, https:\/\/altisk-karcag.hu\/wp-content\/uploads\/2024\/03\/430080408_413411451228955_4857726455619204783_n-235x300.jpg 235w, https:\/\/altisk-karcag.hu\/wp-content\/uploads\/2024\/03\/430080408_413411451228955_4857726455619204783_n-768x980.jpg 768w, https:\/\/altisk-karcag.hu\/wp-content\/uploads\/2024\/03\/430080408_413411451228955_4857726455619204783_n-1204x1536.jpg 1204w, https:\/\/altisk-karcag.hu\/wp-content\/uploads\/2024\/03\/430080408_413411451228955_4857726455619204783_n-274x350.jpg 274w, https:\/\/altisk-karcag.hu\/wp-content\/uploads\/2024\/03\/430080408_413411451228955_4857726455619204783_n.jpg 1605w\" sizes=\"(max-width: 803px) 100vw, 803px\" \/><\/a><\/figure>\n","protected":false},"excerpt":{"rendered":"<p>T\u00f3th \u00c9va 4. a &#8211; I. helyez\u00e9s, felk\u00e9sz\u00edt\u0151: Urb\u00e1n S\u00e1ndorn\u00e9Kelemen Amina 1.a &#8211; III. helyez\u00e9s felk\u00e9sz\u00edt\u0151: Szab\u00f3n\u00e9 Sebesty\u00e9n ErikaGratul\u00e1lunk nekik \u00e9s felk\u00e9sz\u00edt\u0151iknek!<\/p>\n","protected":false},"author":1,"featured_media":0,"comment_status":"closed","ping_status":"closed","sticky":false,"template":"","format":"standard","meta":{"footnotes":""},"categories":[11],"tags":[],"_links":{"self":[{"href":"https:\/\/altisk-karcag.hu\/index.php?rest_route=\/wp\/v2\/posts\/2525"}],"collection":[{"href":"https:\/\/altisk-karcag.hu\/index.php?rest_route=\/wp\/v2\/posts"}],"about":[{"href":"https:\/\/altisk-karcag.hu\/index.php?rest_route=\/wp\/v2\/types\/post"}],"author":[{"embeddable":true,"href":"https:\/\/altisk-karcag.hu\/index.php?rest_route=\/wp\/v2\/users\/1"}],"replies":[{"embeddable":true,"href":"https:\/\/altisk-karcag.hu\/index.php?rest_route=%2Fwp%2Fv2%2Fcomments&post=2525"}],"version-history":[{"count":1,"href":"https:\/\/altisk-karcag.hu\/index.php?rest_route=\/wp\/v2\/posts\/2525\/revisions"}],"predecessor-version":[{"id":2527,"href":"https:\/\/altisk-karcag.hu\/index.php?rest_route=\/wp\/v2\/posts\/2525\/revisions\/2527"}],"wp:attachment":[{"href":"https:\/\/altisk-karcag.hu\/index.php?rest_route=%2Fwp%2Fv2%2Fmedia&parent=2525"}],"wp:term":[{"taxonomy":"category","embeddable":true,"href":"https:\/\/altisk-karcag.hu\/index.php?rest_route=%2Fwp%2Fv2%2Fcategories&post=2525"},{"taxonomy":"post_tag","embeddable":true,"href":"https:\/\/altisk-karcag.hu\/index.php?rest_route=%2Fwp%2Fv2%2Ftags&post=2525"}],"curies":[{"name":"wp","href":"https:\/\/api.w.org\/{rel}","templated":true}]}}