{"id":2522,"date":"2024-03-14T08:34:33","date_gmt":"2024-03-14T08:34:33","guid":{"rendered":"https:\/\/altisk-karcag.hu\/?p=2522"},"modified":"2024-03-14T08:34:35","modified_gmt":"2024-03-14T08:34:35","slug":"varosi-arany-janos-versmondo-versenyen-vettunk-reszt-diakjainkkal","status":"publish","type":"post","link":"https:\/\/altisk-karcag.hu\/?p=2522","title":{"rendered":"V\u00e1rosi Arany J\u00e1nos versmond\u00f3 versenyen vett\u00fcnk r\u00e9szt di\u00e1kjainkkal"},"content":{"rendered":"\n<p>Az eredm\u00e9nyekr\u0151l:<br>I. helyez\u00e9st \u00e9rt el \u2013 Rimaszombati M\u00e1t\u00e9 8. oszt\u00e1lyos<br>II. helyezettek \u2013 T\u00f3th Vikt\u00f3ria 4. oszt\u00e1lyos, S\u00e1nta R\u00e9ka Ol\u00edvia 6. oszt\u00e1lyos, N\u00e9meth Ferenc 7. oszt\u00e1lyos,<br>III. helyezett &#8211; Balogh Enik\u0151 Judit 7. oszt\u00e1lyos,<br>K\u00fcl\u00f6nd\u00edjas \u2013 M\u00e1ga Istv\u00e1n L\u00e1szl\u00f3 5. oszt\u00e1lyos,<br>Eml\u00e9klapot kapott &#8211; Baranyi Li\u00e1na 3. oszt\u00e1lyos,<br>Vad\u00e1sz Csilla Em\u00edlia 6. oszt\u00e1lyos di\u00e1kunk.<br>Tov\u00e1bbi sz\u00e9p sikereket k\u00edv\u00e1nunk tanul\u00f3inknak: Ancika n\u00e9ni, B\u00f6be n\u00e9ni, \u00c9va n\u00e9ni, T\u00fcnde n\u00e9ni<\/p>\n\n\n\n<figure class=\"wp-block-image size-large is-style-default\"><a href=\"https:\/\/altisk-karcag.hu\/wp-content\/uploads\/2024\/03\/431474944_906445504510657_1250279035962510002_n.jpg\" target=\"_blank\" rel=\"noreferrer noopener\"><img decoding=\"async\" loading=\"lazy\" width=\"1024\" height=\"768\" src=\"https:\/\/altisk-karcag.hu\/wp-content\/uploads\/2024\/03\/431474944_906445504510657_1250279035962510002_n-1024x768.jpg\" alt=\"\" class=\"wp-image-2523\" srcset=\"https:\/\/altisk-karcag.hu\/wp-content\/uploads\/2024\/03\/431474944_906445504510657_1250279035962510002_n-1024x768.jpg 1024w, https:\/\/altisk-karcag.hu\/wp-content\/uploads\/2024\/03\/431474944_906445504510657_1250279035962510002_n-300x225.jpg 300w, https:\/\/altisk-karcag.hu\/wp-content\/uploads\/2024\/03\/431474944_906445504510657_1250279035962510002_n-768x576.jpg 768w, https:\/\/altisk-karcag.hu\/wp-content\/uploads\/2024\/03\/431474944_906445504510657_1250279035962510002_n-1536x1152.jpg 1536w, https:\/\/altisk-karcag.hu\/wp-content\/uploads\/2024\/03\/431474944_906445504510657_1250279035962510002_n-467x350.jpg 467w, https:\/\/altisk-karcag.hu\/wp-content\/uploads\/2024\/03\/431474944_906445504510657_1250279035962510002_n.jpg 2048w\" sizes=\"(max-width: 1024px) 100vw, 1024px\" \/><\/a><\/figure>\n","protected":false},"excerpt":{"rendered":"<p>Az eredm\u00e9nyekr\u0151l:I. helyez\u00e9st \u00e9rt el \u2013 Rimaszombati M\u00e1t\u00e9 8. oszt\u00e1lyosII. helyezettek \u2013 T\u00f3th Vikt\u00f3ria 4. oszt\u00e1lyos, S\u00e1nta R\u00e9ka Ol\u00edvia 6. oszt\u00e1lyos, N\u00e9meth Ferenc 7. oszt\u00e1lyos,III. helyezett &#8211; Balogh Enik\u0151 Judit 7. oszt\u00e1lyos,K\u00fcl\u00f6nd\u00edjas \u2013 M\u00e1ga Istv\u00e1n L\u00e1szl\u00f3 5. oszt\u00e1lyos,Eml\u00e9klapot kapott &#8211; Baranyi Li\u00e1na 3. oszt\u00e1lyos,Vad\u00e1sz Csilla Em\u00edlia 6. oszt\u00e1lyos di\u00e1kunk.Tov\u00e1bbi sz\u00e9p &hellip;<\/p>\n","protected":false},"author":1,"featured_media":0,"comment_status":"closed","ping_status":"closed","sticky":false,"template":"","format":"standard","meta":{"footnotes":""},"categories":[10],"tags":[],"_links":{"self":[{"href":"https:\/\/altisk-karcag.hu\/index.php?rest_route=\/wp\/v2\/posts\/2522"}],"collection":[{"href":"https:\/\/altisk-karcag.hu\/index.php?rest_route=\/wp\/v2\/posts"}],"about":[{"href":"https:\/\/altisk-karcag.hu\/index.php?rest_route=\/wp\/v2\/types\/post"}],"author":[{"embeddable":true,"href":"https:\/\/altisk-karcag.hu\/index.php?rest_route=\/wp\/v2\/users\/1"}],"replies":[{"embeddable":true,"href":"https:\/\/altisk-karcag.hu\/index.php?rest_route=%2Fwp%2Fv2%2Fcomments&post=2522"}],"version-history":[{"count":1,"href":"https:\/\/altisk-karcag.hu\/index.php?rest_route=\/wp\/v2\/posts\/2522\/revisions"}],"predecessor-version":[{"id":2524,"href":"https:\/\/altisk-karcag.hu\/index.php?rest_route=\/wp\/v2\/posts\/2522\/revisions\/2524"}],"wp:attachment":[{"href":"https:\/\/altisk-karcag.hu\/index.php?rest_route=%2Fwp%2Fv2%2Fmedia&parent=2522"}],"wp:term":[{"taxonomy":"category","embeddable":true,"href":"https:\/\/altisk-karcag.hu\/index.php?rest_route=%2Fwp%2Fv2%2Fcategories&post=2522"},{"taxonomy":"post_tag","embeddable":true,"href":"https:\/\/altisk-karcag.hu\/index.php?rest_route=%2Fwp%2Fv2%2Ftags&post=2522"}],"curies":[{"name":"wp","href":"https:\/\/api.w.org\/{rel}","templated":true}]}}