{"id":2511,"date":"2024-03-11T10:19:00","date_gmt":"2024-03-11T10:19:00","guid":{"rendered":"https:\/\/altisk-karcag.hu\/?p=2511"},"modified":"2024-03-11T13:01:11","modified_gmt":"2024-03-11T13:01:11","slug":"megyei-dontoben-mind-a-ketto-iii-korcsoportos-kezilabdas-csapatunk-%f0%9f%a4%be%e2%99%82%ef%b8%8f%f0%9f%a4%be%e2%99%80%ef%b8%8f%f0%9f%8f%86","status":"publish","type":"post","link":"https:\/\/altisk-karcag.hu\/?p=2511","title":{"rendered":"Megyei d\u00f6nt\u0151ben mind a kett\u0151 III. korcsoportos k\u00e9zilabd\u00e1s csapatunk! \ud83e\udd3e\u200d\u2642\ufe0f\ud83e\udd3e\u200d\u2640\ufe0f\ud83c\udfc6"},"content":{"rendered":"\n<p>A napokban ker\u00fcltek megrendez\u00e9sre az MDSZ III. korcsportos l\u00e1ny \u00e9s fi\u00fa k\u00e9zilabda k\u00f6rzeti d\u00f6nt\u0151k Karcagon. Mind a kett\u0151 csapatunk kiv\u00e1l\u00f3 kapusteljes\u00edtm\u00e9nnyel \u00e9s mez\u0151nyj\u00e1t\u00e9kkal f\u00f6l\u00e9nyes gy\u0151zelmeket arattak, \u00edgy kiharcolva a megyei d\u00f6nt\u0151k\u00f6n val\u0151 r\u00e9szv\u00e9telt. Gratul\u00e1lunk csapatainknak \u00e9s felk\u00e9sz\u00edt\u0151iknek, Jobb\u00e1gy Gerg\u0151nek, Nagyn\u00e9 S\u00fct\u0151 Mariannak \u00e9s Nagy Csab\u00e1nak! \ud83c\udfc6\ud83e\udd47<br>L\u00e1ny Csapat tagjai: Sipos Eszter, Vincze Anna, L\u00f3r-Kerekes Viola Kincs\u0151, Hars\u00e1nyi Lilien, S\u00e1ntha R\u00e9ka, Balogh Zita, K\u00f3nya Nikolett, Hangy\u00e1si Kinga, Balogh Enik\u0151, T\u00f3th Fruzsina.<br>Fi\u00fa Csapat tagjai: Gy\u0151ri Krist\u00f3f, Szarvas Z\u00e9n\u00f3, N\u00e9meth Ferenc, Nagy Levente, Laczk\u00f3 Levente, Laboncz Benett L\u00e1szl\u00f3, Bartha Bence, Kun Gergely, Bihari Krist\u00f3f.<\/p>\n\n\n\n<figure class=\"wp-block-image size-large is-style-default\"><a href=\"https:\/\/altisk-karcag.hu\/wp-content\/uploads\/2024\/03\/431154006_904964724658735_2610327128161284250_n.jpg\" target=\"_blank\" rel=\"noreferrer noopener\"><img decoding=\"async\" loading=\"lazy\" width=\"1024\" height=\"768\" src=\"https:\/\/altisk-karcag.hu\/wp-content\/uploads\/2024\/03\/431154006_904964724658735_2610327128161284250_n-1024x768.jpg\" alt=\"\" class=\"wp-image-2512\" srcset=\"https:\/\/altisk-karcag.hu\/wp-content\/uploads\/2024\/03\/431154006_904964724658735_2610327128161284250_n-1024x768.jpg 1024w, https:\/\/altisk-karcag.hu\/wp-content\/uploads\/2024\/03\/431154006_904964724658735_2610327128161284250_n-300x225.jpg 300w, https:\/\/altisk-karcag.hu\/wp-content\/uploads\/2024\/03\/431154006_904964724658735_2610327128161284250_n-768x576.jpg 768w, https:\/\/altisk-karcag.hu\/wp-content\/uploads\/2024\/03\/431154006_904964724658735_2610327128161284250_n-1536x1152.jpg 1536w, https:\/\/altisk-karcag.hu\/wp-content\/uploads\/2024\/03\/431154006_904964724658735_2610327128161284250_n-467x350.jpg 467w, https:\/\/altisk-karcag.hu\/wp-content\/uploads\/2024\/03\/431154006_904964724658735_2610327128161284250_n.jpg 2048w\" sizes=\"(max-width: 1024px) 100vw, 1024px\" \/><\/a><\/figure>\n\n\n\n<figure class=\"wp-block-image size-large is-style-default\"><a href=\"https:\/\/altisk-karcag.hu\/wp-content\/uploads\/2024\/03\/431195243_904964627992078_6636099969012453132_n.jpg\" target=\"_blank\" rel=\"noreferrer noopener\"><img decoding=\"async\" loading=\"lazy\" width=\"1024\" height=\"963\" src=\"https:\/\/altisk-karcag.hu\/wp-content\/uploads\/2024\/03\/431195243_904964627992078_6636099969012453132_n-1024x963.jpg\" alt=\"\" class=\"wp-image-2513\" srcset=\"https:\/\/altisk-karcag.hu\/wp-content\/uploads\/2024\/03\/431195243_904964627992078_6636099969012453132_n-1024x963.jpg 1024w, https:\/\/altisk-karcag.hu\/wp-content\/uploads\/2024\/03\/431195243_904964627992078_6636099969012453132_n-300x282.jpg 300w, https:\/\/altisk-karcag.hu\/wp-content\/uploads\/2024\/03\/431195243_904964627992078_6636099969012453132_n-768x722.jpg 768w, https:\/\/altisk-karcag.hu\/wp-content\/uploads\/2024\/03\/431195243_904964627992078_6636099969012453132_n-1536x1444.jpg 1536w, https:\/\/altisk-karcag.hu\/wp-content\/uploads\/2024\/03\/431195243_904964627992078_6636099969012453132_n-372x350.jpg 372w, https:\/\/altisk-karcag.hu\/wp-content\/uploads\/2024\/03\/431195243_904964627992078_6636099969012453132_n.jpg 1634w\" sizes=\"(max-width: 1024px) 100vw, 1024px\" \/><\/a><\/figure>\n","protected":false},"excerpt":{"rendered":"<p>A napokban ker\u00fcltek megrendez\u00e9sre az MDSZ III. korcsportos l\u00e1ny \u00e9s fi\u00fa k\u00e9zilabda k\u00f6rzeti d\u00f6nt\u0151k Karcagon. Mind a kett\u0151 csapatunk kiv\u00e1l\u00f3 kapusteljes\u00edtm\u00e9nnyel \u00e9s mez\u0151nyj\u00e1t\u00e9kkal f\u00f6l\u00e9nyes gy\u0151zelmeket arattak, \u00edgy kiharcolva a megyei d\u00f6nt\u0151k\u00f6n val\u0151 r\u00e9szv\u00e9telt. Gratul\u00e1lunk csapatainknak \u00e9s felk\u00e9sz\u00edt\u0151iknek, Jobb\u00e1gy Gerg\u0151nek, Nagyn\u00e9 S\u00fct\u0151 Mariannak \u00e9s Nagy Csab\u00e1nak! \ud83c\udfc6\ud83e\udd47L\u00e1ny Csapat tagjai: Sipos Eszter, &hellip;<\/p>\n","protected":false},"author":1,"featured_media":2513,"comment_status":"closed","ping_status":"closed","sticky":false,"template":"","format":"standard","meta":{"footnotes":""},"categories":[10],"tags":[],"_links":{"self":[{"href":"https:\/\/altisk-karcag.hu\/index.php?rest_route=\/wp\/v2\/posts\/2511"}],"collection":[{"href":"https:\/\/altisk-karcag.hu\/index.php?rest_route=\/wp\/v2\/posts"}],"about":[{"href":"https:\/\/altisk-karcag.hu\/index.php?rest_route=\/wp\/v2\/types\/post"}],"author":[{"embeddable":true,"href":"https:\/\/altisk-karcag.hu\/index.php?rest_route=\/wp\/v2\/users\/1"}],"replies":[{"embeddable":true,"href":"https:\/\/altisk-karcag.hu\/index.php?rest_route=%2Fwp%2Fv2%2Fcomments&post=2511"}],"version-history":[{"count":1,"href":"https:\/\/altisk-karcag.hu\/index.php?rest_route=\/wp\/v2\/posts\/2511\/revisions"}],"predecessor-version":[{"id":2514,"href":"https:\/\/altisk-karcag.hu\/index.php?rest_route=\/wp\/v2\/posts\/2511\/revisions\/2514"}],"wp:featuredmedia":[{"embeddable":true,"href":"https:\/\/altisk-karcag.hu\/index.php?rest_route=\/wp\/v2\/media\/2513"}],"wp:attachment":[{"href":"https:\/\/altisk-karcag.hu\/index.php?rest_route=%2Fwp%2Fv2%2Fmedia&parent=2511"}],"wp:term":[{"taxonomy":"category","embeddable":true,"href":"https:\/\/altisk-karcag.hu\/index.php?rest_route=%2Fwp%2Fv2%2Fcategories&post=2511"},{"taxonomy":"post_tag","embeddable":true,"href":"https:\/\/altisk-karcag.hu\/index.php?rest_route=%2Fwp%2Fv2%2Ftags&post=2511"}],"curies":[{"name":"wp","href":"https:\/\/api.w.org\/{rel}","templated":true}]}}