{"id":2505,"date":"2023-10-23T07:21:00","date_gmt":"2023-10-23T07:21:00","guid":{"rendered":"https:\/\/altisk-karcag.hu\/?p=2505"},"modified":"2024-03-11T07:26:02","modified_gmt":"2024-03-11T07:26:02","slug":"oktober-23-ai-megemlekezes-kiskulcsoson","status":"publish","type":"post","link":"https:\/\/altisk-karcag.hu\/?p=2505","title":{"rendered":"Okt\u00f3ber 23-ai megeml\u00e9kez\u00e9s Kiskulcsoson"},"content":{"rendered":"\n<p>&#8222;Csak akkor sz\u00fclettek nagy dolgok,<br>Ha b\u00e1trak voltak, akik mertek,<br>S ha sz\u00e1zszor tudtak b\u00e1trak lenni,<br>Sz\u00e1zszor b\u00e1trak \u00e9s viharvertek.&#8221;<br>(Ady Endre: A T\u0171z csihol\u00f3ja)<br>Ebben az \u00e9vben egy kicsit m\u00e1sk\u00e9pp id\u00e9zt\u00fck vissza az 1956. okt\u00f3ber 23-ai esem\u00e9nyeket.<br>Reggel a 8. oszt\u00e1lyos di\u00e1kok egy eml\u00e9kezetes m\u0171sorral k\u00f6sz\u00f6nt\u00f6tt\u00e9k a forradalom 67. \u00e9vfordul\u00f3j\u00e1t.<br>Tan\u00edt\u00e1s ut\u00e1n projekt d\u00e9lut\u00e1n keret\u00e9ben rendezt\u00fck meg megeml\u00e9kez\u00e9s\u00fcnket.<br>A h\u00edv\u00f3 jelre mindenki az udvarra sietett. Eml\u00e9kk\u00f6r\u00f6ket futottunk, kereken 1956 m\u00e9tert.<br>Ezut\u00e1n a tantermekben, udvaron berendezett \u00e1llom\u00e1sokon akt\u00edv \u00e9s szeml\u00e9l\u0151 r\u00e9sztvev\u0151i lehett\u00fcnk az okt\u00f3beri esem\u00e9nyeknek.<br>Korabeli filmb\u0151l tekintett\u00fcnk meg r\u00e9szletet, r\u00e9gi k\u00e9pekb\u0151l t\u00e1rgyakb\u00f3l ki\u00e1ll\u00edt\u00e1st n\u00e9zt\u00fcnk meg.<br>Z\u00e1szl\u00f3keres\u00e9s, karikadob\u00e1s, activity, rejtv\u00e9nyfejt\u00e9s, puzzle, akad\u00e1lyp\u00e1lya, c\u00e9lbadob\u00f3s pr\u00f3bat\u00e9teleken m\u00e9rt\u00e9k \u00f6ssze erej\u00fcket, tud\u00e1sukat a gyerekek. A b\u00e1trabbak harcot imit\u00e1lva fogtak fegyvert.<br>Megk\u00f6sz\u00f6n\u00f6m a 8. oszt\u00e1lyosaimnak lelkiismeretes felk\u00e9sz\u00fcl\u00e9s\u00e9t, munk\u00e1j\u00e1t, a kedves sz\u00fcl\u0151k t\u00e1mogat\u00e1s\u00e1t.<br>Horv\u00e1thn\u00e9 Pandur T\u00fcnde R\u00f3za &#8211; projektfelel\u0151s<\/p>\n\n\n\n<figure class=\"wp-block-image size-large is-style-default\"><a href=\"https:\/\/altisk-karcag.hu\/wp-content\/uploads\/2024\/03\/393408793_827170655771476_29440079177569785_n.jpg\" target=\"_blank\" rel=\"noreferrer noopener\"><img decoding=\"async\" loading=\"lazy\" width=\"1024\" height=\"768\" src=\"https:\/\/altisk-karcag.hu\/wp-content\/uploads\/2024\/03\/393408793_827170655771476_29440079177569785_n-1024x768.jpg\" alt=\"\" class=\"wp-image-2506\" srcset=\"https:\/\/altisk-karcag.hu\/wp-content\/uploads\/2024\/03\/393408793_827170655771476_29440079177569785_n-1024x768.jpg 1024w, https:\/\/altisk-karcag.hu\/wp-content\/uploads\/2024\/03\/393408793_827170655771476_29440079177569785_n-300x225.jpg 300w, https:\/\/altisk-karcag.hu\/wp-content\/uploads\/2024\/03\/393408793_827170655771476_29440079177569785_n-768x576.jpg 768w, https:\/\/altisk-karcag.hu\/wp-content\/uploads\/2024\/03\/393408793_827170655771476_29440079177569785_n-1536x1152.jpg 1536w, https:\/\/altisk-karcag.hu\/wp-content\/uploads\/2024\/03\/393408793_827170655771476_29440079177569785_n-467x350.jpg 467w, https:\/\/altisk-karcag.hu\/wp-content\/uploads\/2024\/03\/393408793_827170655771476_29440079177569785_n.jpg 2048w\" sizes=\"(max-width: 1024px) 100vw, 1024px\" \/><\/a><\/figure>\n\n\n\n<figure class=\"wp-block-image size-large is-style-default\"><a href=\"https:\/\/altisk-karcag.hu\/wp-content\/uploads\/2024\/03\/393948101_827170702438138_3545199905747792856_n.jpg\" target=\"_blank\" rel=\"noreferrer noopener\"><img decoding=\"async\" loading=\"lazy\" width=\"1024\" height=\"768\" src=\"https:\/\/altisk-karcag.hu\/wp-content\/uploads\/2024\/03\/393948101_827170702438138_3545199905747792856_n-1024x768.jpg\" alt=\"\" class=\"wp-image-2507\" srcset=\"https:\/\/altisk-karcag.hu\/wp-content\/uploads\/2024\/03\/393948101_827170702438138_3545199905747792856_n-1024x768.jpg 1024w, https:\/\/altisk-karcag.hu\/wp-content\/uploads\/2024\/03\/393948101_827170702438138_3545199905747792856_n-300x225.jpg 300w, https:\/\/altisk-karcag.hu\/wp-content\/uploads\/2024\/03\/393948101_827170702438138_3545199905747792856_n-768x576.jpg 768w, https:\/\/altisk-karcag.hu\/wp-content\/uploads\/2024\/03\/393948101_827170702438138_3545199905747792856_n-1536x1152.jpg 1536w, https:\/\/altisk-karcag.hu\/wp-content\/uploads\/2024\/03\/393948101_827170702438138_3545199905747792856_n-467x350.jpg 467w, https:\/\/altisk-karcag.hu\/wp-content\/uploads\/2024\/03\/393948101_827170702438138_3545199905747792856_n.jpg 2000w\" sizes=\"(max-width: 1024px) 100vw, 1024px\" \/><\/a><\/figure>\n\n\n\n<figure class=\"wp-block-image size-large is-style-default\"><a href=\"https:\/\/altisk-karcag.hu\/wp-content\/uploads\/2024\/03\/394128159_827171185771423_5718153140823602059_n.jpg\" target=\"_blank\" rel=\"noreferrer noopener\"><img decoding=\"async\" loading=\"lazy\" width=\"1024\" height=\"1024\" src=\"https:\/\/altisk-karcag.hu\/wp-content\/uploads\/2024\/03\/394128159_827171185771423_5718153140823602059_n-1024x1024.jpg\" alt=\"\" class=\"wp-image-2508\" srcset=\"https:\/\/altisk-karcag.hu\/wp-content\/uploads\/2024\/03\/394128159_827171185771423_5718153140823602059_n-1024x1024.jpg 1024w, https:\/\/altisk-karcag.hu\/wp-content\/uploads\/2024\/03\/394128159_827171185771423_5718153140823602059_n-300x300.jpg 300w, https:\/\/altisk-karcag.hu\/wp-content\/uploads\/2024\/03\/394128159_827171185771423_5718153140823602059_n-150x150.jpg 150w, https:\/\/altisk-karcag.hu\/wp-content\/uploads\/2024\/03\/394128159_827171185771423_5718153140823602059_n-768x768.jpg 768w, https:\/\/altisk-karcag.hu\/wp-content\/uploads\/2024\/03\/394128159_827171185771423_5718153140823602059_n-1536x1536.jpg 1536w, https:\/\/altisk-karcag.hu\/wp-content\/uploads\/2024\/03\/394128159_827171185771423_5718153140823602059_n-350x350.jpg 350w, https:\/\/altisk-karcag.hu\/wp-content\/uploads\/2024\/03\/394128159_827171185771423_5718153140823602059_n.jpg 2048w\" sizes=\"(max-width: 1024px) 100vw, 1024px\" \/><\/a><\/figure>\n\n\n\n<figure class=\"wp-block-image size-large is-style-default\"><a href=\"https:\/\/altisk-karcag.hu\/wp-content\/uploads\/2024\/03\/393979511_827171325771409_2437548818742919409_n.jpg\" target=\"_blank\" rel=\"noreferrer noopener\"><img decoding=\"async\" loading=\"lazy\" width=\"1024\" height=\"635\" src=\"https:\/\/altisk-karcag.hu\/wp-content\/uploads\/2024\/03\/393979511_827171325771409_2437548818742919409_n-1024x635.jpg\" alt=\"\" class=\"wp-image-2509\" srcset=\"https:\/\/altisk-karcag.hu\/wp-content\/uploads\/2024\/03\/393979511_827171325771409_2437548818742919409_n-1024x635.jpg 1024w, https:\/\/altisk-karcag.hu\/wp-content\/uploads\/2024\/03\/393979511_827171325771409_2437548818742919409_n-300x186.jpg 300w, https:\/\/altisk-karcag.hu\/wp-content\/uploads\/2024\/03\/393979511_827171325771409_2437548818742919409_n-768x477.jpg 768w, https:\/\/altisk-karcag.hu\/wp-content\/uploads\/2024\/03\/393979511_827171325771409_2437548818742919409_n-1536x953.jpg 1536w, https:\/\/altisk-karcag.hu\/wp-content\/uploads\/2024\/03\/393979511_827171325771409_2437548818742919409_n-564x350.jpg 564w, https:\/\/altisk-karcag.hu\/wp-content\/uploads\/2024\/03\/393979511_827171325771409_2437548818742919409_n.jpg 1742w\" sizes=\"(max-width: 1024px) 100vw, 1024px\" \/><\/a><\/figure>\n","protected":false},"excerpt":{"rendered":"<p>&#8222;Csak akkor sz\u00fclettek nagy dolgok,Ha b\u00e1trak voltak, akik mertek,S ha sz\u00e1zszor tudtak b\u00e1trak lenni,Sz\u00e1zszor b\u00e1trak \u00e9s viharvertek.&#8221;(Ady Endre: A T\u0171z csihol\u00f3ja)Ebben az \u00e9vben egy kicsit m\u00e1sk\u00e9pp id\u00e9zt\u00fck vissza az 1956. okt\u00f3ber 23-ai esem\u00e9nyeket.Reggel a 8. oszt\u00e1lyos di\u00e1kok egy eml\u00e9kezetes m\u0171sorral k\u00f6sz\u00f6nt\u00f6tt\u00e9k a forradalom 67. \u00e9vfordul\u00f3j\u00e1t.Tan\u00edt\u00e1s ut\u00e1n projekt d\u00e9lut\u00e1n keret\u00e9ben rendezt\u00fck &hellip;<\/p>\n","protected":false},"author":1,"featured_media":0,"comment_status":"closed","ping_status":"closed","sticky":false,"template":"","format":"standard","meta":{"footnotes":""},"categories":[10],"tags":[],"_links":{"self":[{"href":"https:\/\/altisk-karcag.hu\/index.php?rest_route=\/wp\/v2\/posts\/2505"}],"collection":[{"href":"https:\/\/altisk-karcag.hu\/index.php?rest_route=\/wp\/v2\/posts"}],"about":[{"href":"https:\/\/altisk-karcag.hu\/index.php?rest_route=\/wp\/v2\/types\/post"}],"author":[{"embeddable":true,"href":"https:\/\/altisk-karcag.hu\/index.php?rest_route=\/wp\/v2\/users\/1"}],"replies":[{"embeddable":true,"href":"https:\/\/altisk-karcag.hu\/index.php?rest_route=%2Fwp%2Fv2%2Fcomments&post=2505"}],"version-history":[{"count":1,"href":"https:\/\/altisk-karcag.hu\/index.php?rest_route=\/wp\/v2\/posts\/2505\/revisions"}],"predecessor-version":[{"id":2510,"href":"https:\/\/altisk-karcag.hu\/index.php?rest_route=\/wp\/v2\/posts\/2505\/revisions\/2510"}],"wp:attachment":[{"href":"https:\/\/altisk-karcag.hu\/index.php?rest_route=%2Fwp%2Fv2%2Fmedia&parent=2505"}],"wp:term":[{"taxonomy":"category","embeddable":true,"href":"https:\/\/altisk-karcag.hu\/index.php?rest_route=%2Fwp%2Fv2%2Fcategories&post=2505"},{"taxonomy":"post_tag","embeddable":true,"href":"https:\/\/altisk-karcag.hu\/index.php?rest_route=%2Fwp%2Fv2%2Ftags&post=2505"}],"curies":[{"name":"wp","href":"https:\/\/api.w.org\/{rel}","templated":true}]}}