{"id":2499,"date":"2024-03-10T07:10:00","date_gmt":"2024-03-10T07:10:00","guid":{"rendered":"https:\/\/altisk-karcag.hu\/?p=2499"},"modified":"2024-03-11T07:17:24","modified_gmt":"2024-03-11T07:17:24","slug":"veres-henrietta-katalin-alkotopalyazat","status":"publish","type":"post","link":"https:\/\/altisk-karcag.hu\/?p=2499","title":{"rendered":"Veres Henrietta Katalin alkot\u00f3p\u00e1ly\u00e1zat!"},"content":{"rendered":"\n<p>M\u00e1sodik alkalommal rendezt\u00fck meg szeretett tan\u00edt\u00f3nk eml\u00e9k\u00e9re a v\u00e1rosi Veres Henrietta Katalin alkot\u00f3p\u00e1ly\u00e1zatot, melyre majdnem 100 p\u00e1lyam\u0171 \u00e9rkezett. Iskol\u00e1nk tanul\u00f3i a k\u00f6vetkez\u0151 eredm\u00e9nyeket \u00e9rt\u00e9k el:<br>B\u00edr\u00f3 Bianka 1.a k\u00fcl\u00f6nd\u00edj<br>Radv\u00e1nyi Alex 1.a m\u00e1sodik helyezett<br>V\u00e1l M\u00e1rk Tibor 2.a harmadik helyezett<br>Nagy D\u00f3ra Anna 2.a m\u00e1sodik helyezett.<br>Gratul\u00e1lunk a tanul\u00f3knak \u00e9s a felk\u00e9sz\u00edt\u0151 pedag\u00f3gusoknak!<\/p>\n\n\n\n<figure class=\"wp-block-image size-large is-style-default\"><a href=\"https:\/\/altisk-karcag.hu\/wp-content\/uploads\/2024\/03\/429551299_903937938094747_7126311063421125013_n.jpg\" target=\"_blank\" rel=\"noreferrer noopener\"><img decoding=\"async\" loading=\"lazy\" width=\"1024\" height=\"684\" src=\"https:\/\/altisk-karcag.hu\/wp-content\/uploads\/2024\/03\/429551299_903937938094747_7126311063421125013_n-1024x684.jpg\" alt=\"\" class=\"wp-image-2500\" srcset=\"https:\/\/altisk-karcag.hu\/wp-content\/uploads\/2024\/03\/429551299_903937938094747_7126311063421125013_n-1024x684.jpg 1024w, https:\/\/altisk-karcag.hu\/wp-content\/uploads\/2024\/03\/429551299_903937938094747_7126311063421125013_n-300x200.jpg 300w, https:\/\/altisk-karcag.hu\/wp-content\/uploads\/2024\/03\/429551299_903937938094747_7126311063421125013_n-768x513.jpg 768w, https:\/\/altisk-karcag.hu\/wp-content\/uploads\/2024\/03\/429551299_903937938094747_7126311063421125013_n-524x350.jpg 524w, https:\/\/altisk-karcag.hu\/wp-content\/uploads\/2024\/03\/429551299_903937938094747_7126311063421125013_n.jpg 1179w\" sizes=\"(max-width: 1024px) 100vw, 1024px\" \/><\/a><\/figure>\n\n\n\n<figure class=\"wp-block-image size-large is-style-default\"><a href=\"https:\/\/altisk-karcag.hu\/wp-content\/uploads\/2024\/03\/430260452_903937921428082_7066561153405482388_n.jpg\" target=\"_blank\" rel=\"noreferrer noopener\"><img decoding=\"async\" loading=\"lazy\" width=\"1024\" height=\"684\" src=\"https:\/\/altisk-karcag.hu\/wp-content\/uploads\/2024\/03\/430260452_903937921428082_7066561153405482388_n-1024x684.jpg\" alt=\"\" class=\"wp-image-2501\" srcset=\"https:\/\/altisk-karcag.hu\/wp-content\/uploads\/2024\/03\/430260452_903937921428082_7066561153405482388_n-1024x684.jpg 1024w, https:\/\/altisk-karcag.hu\/wp-content\/uploads\/2024\/03\/430260452_903937921428082_7066561153405482388_n-300x200.jpg 300w, https:\/\/altisk-karcag.hu\/wp-content\/uploads\/2024\/03\/430260452_903937921428082_7066561153405482388_n-768x513.jpg 768w, https:\/\/altisk-karcag.hu\/wp-content\/uploads\/2024\/03\/430260452_903937921428082_7066561153405482388_n-524x350.jpg 524w, https:\/\/altisk-karcag.hu\/wp-content\/uploads\/2024\/03\/430260452_903937921428082_7066561153405482388_n.jpg 1179w\" sizes=\"(max-width: 1024px) 100vw, 1024px\" \/><\/a><\/figure>\n\n\n\n<figure class=\"wp-block-image size-large is-style-default\"><a href=\"https:\/\/altisk-karcag.hu\/wp-content\/uploads\/2024\/03\/431887885_903938054761402_1635581998051291344_n.jpg\" target=\"_blank\" rel=\"noreferrer noopener\"><img decoding=\"async\" loading=\"lazy\" width=\"1024\" height=\"683\" src=\"https:\/\/altisk-karcag.hu\/wp-content\/uploads\/2024\/03\/431887885_903938054761402_1635581998051291344_n-1024x683.jpg\" alt=\"\" class=\"wp-image-2502\" srcset=\"https:\/\/altisk-karcag.hu\/wp-content\/uploads\/2024\/03\/431887885_903938054761402_1635581998051291344_n-1024x683.jpg 1024w, https:\/\/altisk-karcag.hu\/wp-content\/uploads\/2024\/03\/431887885_903938054761402_1635581998051291344_n-300x200.jpg 300w, https:\/\/altisk-karcag.hu\/wp-content\/uploads\/2024\/03\/431887885_903938054761402_1635581998051291344_n-768x513.jpg 768w, https:\/\/altisk-karcag.hu\/wp-content\/uploads\/2024\/03\/431887885_903938054761402_1635581998051291344_n-1536x1025.jpg 1536w, https:\/\/altisk-karcag.hu\/wp-content\/uploads\/2024\/03\/431887885_903938054761402_1635581998051291344_n-524x350.jpg 524w, https:\/\/altisk-karcag.hu\/wp-content\/uploads\/2024\/03\/431887885_903938054761402_1635581998051291344_n.jpg 1798w\" sizes=\"(max-width: 1024px) 100vw, 1024px\" \/><\/a><\/figure>\n\n\n\n<figure class=\"wp-block-image size-large is-style-default\"><a href=\"https:\/\/altisk-karcag.hu\/wp-content\/uploads\/2024\/03\/432358233_903938041428070_7260263418583101907_n.jpg\" target=\"_blank\" rel=\"noreferrer noopener\"><img decoding=\"async\" loading=\"lazy\" width=\"1024\" height=\"683\" src=\"https:\/\/altisk-karcag.hu\/wp-content\/uploads\/2024\/03\/432358233_903938041428070_7260263418583101907_n-1024x683.jpg\" alt=\"\" class=\"wp-image-2503\" srcset=\"https:\/\/altisk-karcag.hu\/wp-content\/uploads\/2024\/03\/432358233_903938041428070_7260263418583101907_n-1024x683.jpg 1024w, https:\/\/altisk-karcag.hu\/wp-content\/uploads\/2024\/03\/432358233_903938041428070_7260263418583101907_n-300x200.jpg 300w, https:\/\/altisk-karcag.hu\/wp-content\/uploads\/2024\/03\/432358233_903938041428070_7260263418583101907_n-768x513.jpg 768w, https:\/\/altisk-karcag.hu\/wp-content\/uploads\/2024\/03\/432358233_903938041428070_7260263418583101907_n-1536x1025.jpg 1536w, https:\/\/altisk-karcag.hu\/wp-content\/uploads\/2024\/03\/432358233_903938041428070_7260263418583101907_n-524x350.jpg 524w, https:\/\/altisk-karcag.hu\/wp-content\/uploads\/2024\/03\/432358233_903938041428070_7260263418583101907_n.jpg 1798w\" sizes=\"(max-width: 1024px) 100vw, 1024px\" \/><\/a><\/figure>\n","protected":false},"excerpt":{"rendered":"<p>M\u00e1sodik alkalommal rendezt\u00fck meg szeretett tan\u00edt\u00f3nk eml\u00e9k\u00e9re a v\u00e1rosi Veres Henrietta Katalin alkot\u00f3p\u00e1ly\u00e1zatot, melyre majdnem 100 p\u00e1lyam\u0171 \u00e9rkezett. Iskol\u00e1nk tanul\u00f3i a k\u00f6vetkez\u0151 eredm\u00e9nyeket \u00e9rt\u00e9k el:B\u00edr\u00f3 Bianka 1.a k\u00fcl\u00f6nd\u00edjRadv\u00e1nyi Alex 1.a m\u00e1sodik helyezettV\u00e1l M\u00e1rk Tibor 2.a harmadik helyezettNagy D\u00f3ra Anna 2.a m\u00e1sodik helyezett.Gratul\u00e1lunk a tanul\u00f3knak \u00e9s a felk\u00e9sz\u00edt\u0151 pedag\u00f3gusoknak!<\/p>\n","protected":false},"author":1,"featured_media":0,"comment_status":"closed","ping_status":"closed","sticky":false,"template":"","format":"standard","meta":{"footnotes":""},"categories":[10],"tags":[],"_links":{"self":[{"href":"https:\/\/altisk-karcag.hu\/index.php?rest_route=\/wp\/v2\/posts\/2499"}],"collection":[{"href":"https:\/\/altisk-karcag.hu\/index.php?rest_route=\/wp\/v2\/posts"}],"about":[{"href":"https:\/\/altisk-karcag.hu\/index.php?rest_route=\/wp\/v2\/types\/post"}],"author":[{"embeddable":true,"href":"https:\/\/altisk-karcag.hu\/index.php?rest_route=\/wp\/v2\/users\/1"}],"replies":[{"embeddable":true,"href":"https:\/\/altisk-karcag.hu\/index.php?rest_route=%2Fwp%2Fv2%2Fcomments&post=2499"}],"version-history":[{"count":1,"href":"https:\/\/altisk-karcag.hu\/index.php?rest_route=\/wp\/v2\/posts\/2499\/revisions"}],"predecessor-version":[{"id":2504,"href":"https:\/\/altisk-karcag.hu\/index.php?rest_route=\/wp\/v2\/posts\/2499\/revisions\/2504"}],"wp:attachment":[{"href":"https:\/\/altisk-karcag.hu\/index.php?rest_route=%2Fwp%2Fv2%2Fmedia&parent=2499"}],"wp:term":[{"taxonomy":"category","embeddable":true,"href":"https:\/\/altisk-karcag.hu\/index.php?rest_route=%2Fwp%2Fv2%2Fcategories&post=2499"},{"taxonomy":"post_tag","embeddable":true,"href":"https:\/\/altisk-karcag.hu\/index.php?rest_route=%2Fwp%2Fv2%2Ftags&post=2499"}],"curies":[{"name":"wp","href":"https:\/\/api.w.org\/{rel}","templated":true}]}}