{"id":2480,"date":"2023-11-20T07:15:00","date_gmt":"2023-11-20T07:15:00","guid":{"rendered":"https:\/\/altisk-karcag.hu\/?p=2480"},"modified":"2024-03-08T07:20:25","modified_gmt":"2024-03-08T07:20:25","slug":"kiskulcsosiak-az-olvastad-mar-prozamondo-versenyen","status":"publish","type":"post","link":"https:\/\/altisk-karcag.hu\/?p=2480","title":{"rendered":"Kiskulcsosiak az Olvastad m\u00e1r? &#8211; pr\u00f3zamond\u00f3 versenyen"},"content":{"rendered":"\n<p>A D\u00e9ryn\u00e9 Kultur\u00e1lis, Turisztikai, Sport K\u00f6zpont \u00e9s K\u00f6nyvt\u00e1r pr\u00f3zamond\u00f3 versenyt hirdetett \u00e1ltal\u00e1nos iskol\u00e1k fels\u0151 tagozatos tanul\u00f3i r\u00e9sz\u00e9re \u201eOLVASTAD M\u00c1R?\u201d- c\u00edmmel.<br>Int\u00e9zm\u00e9ny\u00fcnkb\u0151l \u00d6kr\u00f6s Patr\u00edcia 5. oszt\u00e1lyos tanul\u00f3 III. helyez\u00e9st \u00e9rt el, Rimaszombati M\u00e1t\u00e9 8. oszt\u00e1lyos di\u00e1kunk Eml\u00e9klapot kapott.<br>Felk\u00e9sz\u00edt\u0151j\u00fck Horv\u00e1thn\u00e9 Pandur T\u00fcnde R\u00f3za pedag\u00f3gus volt.<br>K\u00f6sz\u00f6n\u00f6m a Kedves Sz\u00fcl\u0151k seg\u00edts\u00e9g\u00e9t!<br>Szeretettel gratul\u00e1lok a versenyz\u0151knek \u00e9s tov\u00e1bbi sz\u00e9p sikereket k\u00edv\u00e1nok!<br>Horv\u00e1thn\u00e9 Pandur T\u00fcnde<\/p>\n\n\n\n<figure class=\"wp-block-image size-large is-style-default\"><a href=\"https:\/\/altisk-karcag.hu\/wp-content\/uploads\/2024\/03\/402484875_843037717518103_2873839648329980741_n.jpg\" target=\"_blank\" rel=\"noreferrer noopener\"><img decoding=\"async\" loading=\"lazy\" width=\"1024\" height=\"768\" src=\"https:\/\/altisk-karcag.hu\/wp-content\/uploads\/2024\/03\/402484875_843037717518103_2873839648329980741_n-1024x768.jpg\" alt=\"\" class=\"wp-image-2481\" srcset=\"https:\/\/altisk-karcag.hu\/wp-content\/uploads\/2024\/03\/402484875_843037717518103_2873839648329980741_n-1024x768.jpg 1024w, https:\/\/altisk-karcag.hu\/wp-content\/uploads\/2024\/03\/402484875_843037717518103_2873839648329980741_n-300x225.jpg 300w, https:\/\/altisk-karcag.hu\/wp-content\/uploads\/2024\/03\/402484875_843037717518103_2873839648329980741_n-768x576.jpg 768w, https:\/\/altisk-karcag.hu\/wp-content\/uploads\/2024\/03\/402484875_843037717518103_2873839648329980741_n-1536x1152.jpg 1536w, https:\/\/altisk-karcag.hu\/wp-content\/uploads\/2024\/03\/402484875_843037717518103_2873839648329980741_n-467x350.jpg 467w, https:\/\/altisk-karcag.hu\/wp-content\/uploads\/2024\/03\/402484875_843037717518103_2873839648329980741_n.jpg 2016w\" sizes=\"(max-width: 1024px) 100vw, 1024px\" \/><\/a><\/figure>\n\n\n\n<figure class=\"wp-block-image size-large is-style-default\"><a href=\"https:\/\/altisk-karcag.hu\/wp-content\/uploads\/2024\/03\/402657425_843037714184770_2042008247394207790_n.jpg\" target=\"_blank\" rel=\"noreferrer noopener\"><img decoding=\"async\" loading=\"lazy\" width=\"1024\" height=\"768\" src=\"https:\/\/altisk-karcag.hu\/wp-content\/uploads\/2024\/03\/402657425_843037714184770_2042008247394207790_n-1024x768.jpg\" alt=\"\" class=\"wp-image-2482\" srcset=\"https:\/\/altisk-karcag.hu\/wp-content\/uploads\/2024\/03\/402657425_843037714184770_2042008247394207790_n-1024x768.jpg 1024w, https:\/\/altisk-karcag.hu\/wp-content\/uploads\/2024\/03\/402657425_843037714184770_2042008247394207790_n-300x225.jpg 300w, https:\/\/altisk-karcag.hu\/wp-content\/uploads\/2024\/03\/402657425_843037714184770_2042008247394207790_n-768x576.jpg 768w, https:\/\/altisk-karcag.hu\/wp-content\/uploads\/2024\/03\/402657425_843037714184770_2042008247394207790_n-1536x1152.jpg 1536w, https:\/\/altisk-karcag.hu\/wp-content\/uploads\/2024\/03\/402657425_843037714184770_2042008247394207790_n-467x350.jpg 467w, https:\/\/altisk-karcag.hu\/wp-content\/uploads\/2024\/03\/402657425_843037714184770_2042008247394207790_n.jpg 2016w\" sizes=\"(max-width: 1024px) 100vw, 1024px\" \/><\/a><\/figure>\n","protected":false},"excerpt":{"rendered":"<p>A D\u00e9ryn\u00e9 Kultur\u00e1lis, Turisztikai, Sport K\u00f6zpont \u00e9s K\u00f6nyvt\u00e1r pr\u00f3zamond\u00f3 versenyt hirdetett \u00e1ltal\u00e1nos iskol\u00e1k fels\u0151 tagozatos tanul\u00f3i r\u00e9sz\u00e9re \u201eOLVASTAD M\u00c1R?\u201d- c\u00edmmel.Int\u00e9zm\u00e9ny\u00fcnkb\u0151l \u00d6kr\u00f6s Patr\u00edcia 5. oszt\u00e1lyos tanul\u00f3 III. helyez\u00e9st \u00e9rt el, Rimaszombati M\u00e1t\u00e9 8. oszt\u00e1lyos di\u00e1kunk Eml\u00e9klapot kapott.Felk\u00e9sz\u00edt\u0151j\u00fck Horv\u00e1thn\u00e9 Pandur T\u00fcnde R\u00f3za pedag\u00f3gus volt.K\u00f6sz\u00f6n\u00f6m a Kedves Sz\u00fcl\u0151k seg\u00edts\u00e9g\u00e9t!Szeretettel gratul\u00e1lok a versenyz\u0151knek \u00e9s &hellip;<\/p>\n","protected":false},"author":1,"featured_media":0,"comment_status":"closed","ping_status":"closed","sticky":false,"template":"","format":"standard","meta":{"footnotes":""},"categories":[10],"tags":[],"_links":{"self":[{"href":"https:\/\/altisk-karcag.hu\/index.php?rest_route=\/wp\/v2\/posts\/2480"}],"collection":[{"href":"https:\/\/altisk-karcag.hu\/index.php?rest_route=\/wp\/v2\/posts"}],"about":[{"href":"https:\/\/altisk-karcag.hu\/index.php?rest_route=\/wp\/v2\/types\/post"}],"author":[{"embeddable":true,"href":"https:\/\/altisk-karcag.hu\/index.php?rest_route=\/wp\/v2\/users\/1"}],"replies":[{"embeddable":true,"href":"https:\/\/altisk-karcag.hu\/index.php?rest_route=%2Fwp%2Fv2%2Fcomments&post=2480"}],"version-history":[{"count":1,"href":"https:\/\/altisk-karcag.hu\/index.php?rest_route=\/wp\/v2\/posts\/2480\/revisions"}],"predecessor-version":[{"id":2483,"href":"https:\/\/altisk-karcag.hu\/index.php?rest_route=\/wp\/v2\/posts\/2480\/revisions\/2483"}],"wp:attachment":[{"href":"https:\/\/altisk-karcag.hu\/index.php?rest_route=%2Fwp%2Fv2%2Fmedia&parent=2480"}],"wp:term":[{"taxonomy":"category","embeddable":true,"href":"https:\/\/altisk-karcag.hu\/index.php?rest_route=%2Fwp%2Fv2%2Fcategories&post=2480"},{"taxonomy":"post_tag","embeddable":true,"href":"https:\/\/altisk-karcag.hu\/index.php?rest_route=%2Fwp%2Fv2%2Ftags&post=2480"}],"curies":[{"name":"wp","href":"https:\/\/api.w.org\/{rel}","templated":true}]}}