{"id":2458,"date":"2023-12-05T18:54:00","date_gmt":"2023-12-05T18:54:00","guid":{"rendered":"https:\/\/altisk-karcag.hu\/?p=2458"},"modified":"2024-03-07T18:56:33","modified_gmt":"2024-03-07T18:56:33","slug":"kiskulcsosi-sikerek-a-magyarsag-kicsinagykovete-program-jasz-nagykun-szolnok-varmegyei-versenyen","status":"publish","type":"post","link":"https:\/\/altisk-karcag.hu\/?p=2458","title":{"rendered":"Kiskulcsosi sikerek a Magyars\u00e1g KicsiNagyk\u00f6vete Program J\u00e1sz-Nagykun-Szolnok v\u00e1rmegyei verseny\u00e9n!"},"content":{"rendered":"\n<p>K\u00f6zel n\u00e9gysz\u00e1z 10-12 \u00e9v k\u00f6z\u00f6tt (4-6 \u00e9vfolyamos) di\u00e1k regisztr\u00e1lt id\u00e9n a Magyars\u00e1g KicsiNagyk\u00f6vete Program J\u00e1sz-Nagykun-Szolnok v\u00e1rmegyei verseny\u00e9re. A d\u00f6nt\u0151be ker\u00fclt 30 legjobb di\u00e1kot v\u00e1rt\u00e1k a tegnapi napon a V\u00e1rmegyeh\u00e1za d\u00edszterm\u00e9be az eredm\u00e9nyhirdet\u00e9sre, ahol Hubai Imre, a rendezv\u00e9ny v\u00e1rmegyei f\u0151v\u00e9dn\u00f6ke, a J\u00e1sz-Nagykun-Szolnok V\u00e1rmegyei K\u00f6zgy\u0171l\u00e9s eln\u00f6ke \u00e9s az orsz\u00e1gos program f\u0151 t\u00e1mogat\u00f3ja, a Magyar Nemzeti Vid\u00e9ki H\u00e1l\u00f3zat k\u00e9pviselet\u00e9ben T\u00f6r\u00f6k Istv\u00e1n adt\u00e1k \u00e1t a k\u00fcl\u00f6nd\u00edjakat, r\u00e9szv\u00e9teli okleveleket.<br>Nagy b\u00fcszkes\u00e9g\u00fcnkre a legjobb 30 tanul\u00f3 k\u00f6z\u00fcl 7 tanul\u00f3 a Kiskulcsosi tagint\u00e9zm\u00e9ny tanul\u00f3ja.<\/p>\n\n\n\n<ol start=\"4\">\n<li>oszt\u00e1lyosok: Bukovszki Dominik, T\u00f3th Vikt\u00f3ria, Ill\u00e9s-S\u00fct\u0151 Mil\u00e1n,<\/li>\n\n\n\n<li>oszt\u00e1lyosok: \u00d6kr\u00f6s J\u00e1zmin \u00e9s M\u00e1ga Istv\u00e1n<\/li>\n\n\n\n<li>oszt\u00e1lyosok: S\u00e1nta R\u00e9ka Ol\u00edvia \u00e9s Szab\u00f3 Istv\u00e1n<br>K\u00fcl\u00f6nd\u00edjban r\u00e9szes\u00fcltek: Bukovszki Dominik \u00e9s T\u00f3th Vikt\u00f3ria<br>Mindannyian p\u00f3l\u00f3t, oklevelet \u00e9s aj\u00e1nd\u00e9k bel\u00e9p\u0151jegyeket kaptak.<br>Gratul\u00e1lunk mindenkinek \u00e9s k\u00f6sz\u00f6nj\u00fck a sz\u00fcl\u0151k seg\u00edt\u0151 t\u00e1mogat\u00e1s\u00e1t!<\/li>\n<\/ol>\n\n\n\n<figure class=\"wp-block-image size-large is-style-default\"><a href=\"https:\/\/altisk-karcag.hu\/wp-content\/uploads\/2024\/03\/407839258_850871796734695_4524311820900490176_n.jpg\" target=\"_blank\" rel=\"noreferrer noopener\"><img decoding=\"async\" loading=\"lazy\" width=\"1024\" height=\"576\" src=\"https:\/\/altisk-karcag.hu\/wp-content\/uploads\/2024\/03\/407839258_850871796734695_4524311820900490176_n-1024x576.jpg\" alt=\"\" class=\"wp-image-2459\" srcset=\"https:\/\/altisk-karcag.hu\/wp-content\/uploads\/2024\/03\/407839258_850871796734695_4524311820900490176_n-1024x576.jpg 1024w, https:\/\/altisk-karcag.hu\/wp-content\/uploads\/2024\/03\/407839258_850871796734695_4524311820900490176_n-300x169.jpg 300w, https:\/\/altisk-karcag.hu\/wp-content\/uploads\/2024\/03\/407839258_850871796734695_4524311820900490176_n-768x432.jpg 768w, https:\/\/altisk-karcag.hu\/wp-content\/uploads\/2024\/03\/407839258_850871796734695_4524311820900490176_n-1536x864.jpg 1536w, https:\/\/altisk-karcag.hu\/wp-content\/uploads\/2024\/03\/407839258_850871796734695_4524311820900490176_n-622x350.jpg 622w, https:\/\/altisk-karcag.hu\/wp-content\/uploads\/2024\/03\/407839258_850871796734695_4524311820900490176_n.jpg 2000w\" sizes=\"(max-width: 1024px) 100vw, 1024px\" \/><\/a><\/figure>\n","protected":false},"excerpt":{"rendered":"<p>K\u00f6zel n\u00e9gysz\u00e1z 10-12 \u00e9v k\u00f6z\u00f6tt (4-6 \u00e9vfolyamos) di\u00e1k regisztr\u00e1lt id\u00e9n a Magyars\u00e1g KicsiNagyk\u00f6vete Program J\u00e1sz-Nagykun-Szolnok v\u00e1rmegyei verseny\u00e9re. A d\u00f6nt\u0151be ker\u00fclt 30 legjobb di\u00e1kot v\u00e1rt\u00e1k a tegnapi napon a V\u00e1rmegyeh\u00e1za d\u00edszterm\u00e9be az eredm\u00e9nyhirdet\u00e9sre, ahol Hubai Imre, a rendezv\u00e9ny v\u00e1rmegyei f\u0151v\u00e9dn\u00f6ke, a J\u00e1sz-Nagykun-Szolnok V\u00e1rmegyei K\u00f6zgy\u0171l\u00e9s eln\u00f6ke \u00e9s az orsz\u00e1gos program f\u0151 t\u00e1mogat\u00f3ja, &hellip;<\/p>\n","protected":false},"author":1,"featured_media":0,"comment_status":"closed","ping_status":"closed","sticky":false,"template":"","format":"standard","meta":{"footnotes":""},"categories":[10],"tags":[],"_links":{"self":[{"href":"https:\/\/altisk-karcag.hu\/index.php?rest_route=\/wp\/v2\/posts\/2458"}],"collection":[{"href":"https:\/\/altisk-karcag.hu\/index.php?rest_route=\/wp\/v2\/posts"}],"about":[{"href":"https:\/\/altisk-karcag.hu\/index.php?rest_route=\/wp\/v2\/types\/post"}],"author":[{"embeddable":true,"href":"https:\/\/altisk-karcag.hu\/index.php?rest_route=\/wp\/v2\/users\/1"}],"replies":[{"embeddable":true,"href":"https:\/\/altisk-karcag.hu\/index.php?rest_route=%2Fwp%2Fv2%2Fcomments&post=2458"}],"version-history":[{"count":1,"href":"https:\/\/altisk-karcag.hu\/index.php?rest_route=\/wp\/v2\/posts\/2458\/revisions"}],"predecessor-version":[{"id":2460,"href":"https:\/\/altisk-karcag.hu\/index.php?rest_route=\/wp\/v2\/posts\/2458\/revisions\/2460"}],"wp:attachment":[{"href":"https:\/\/altisk-karcag.hu\/index.php?rest_route=%2Fwp%2Fv2%2Fmedia&parent=2458"}],"wp:term":[{"taxonomy":"category","embeddable":true,"href":"https:\/\/altisk-karcag.hu\/index.php?rest_route=%2Fwp%2Fv2%2Fcategories&post=2458"},{"taxonomy":"post_tag","embeddable":true,"href":"https:\/\/altisk-karcag.hu\/index.php?rest_route=%2Fwp%2Fv2%2Ftags&post=2458"}],"curies":[{"name":"wp","href":"https:\/\/api.w.org\/{rel}","templated":true}]}}