{"id":2448,"date":"2023-12-11T18:49:00","date_gmt":"2023-12-11T18:49:00","guid":{"rendered":"https:\/\/altisk-karcag.hu\/?p=2448"},"modified":"2024-03-07T18:51:50","modified_gmt":"2024-03-07T18:51:50","slug":"advent-kiskulcsoson-%f0%9f%8e%84","status":"publish","type":"post","link":"https:\/\/altisk-karcag.hu\/?p=2448","title":{"rendered":"Advent Kiskulcsoson! \ud83c\udf84"},"content":{"rendered":"\n<p>Advent m\u00e1sodik vas\u00e1rnapja a kereszt\u00e9ny kult\u00fark\u00f6rben a rem\u00e9ny \u00fczenet\u00e9t hordozza. Ezen a jeles napon tan\u00edtv\u00e1nyaink fell\u00e9ptek a Kiskulcsosi Reform\u00e1tus Templomban. K\u00f6sz\u00f6n\u00f6m nekik a lelkiismeretes felk\u00e9sz\u00fcl\u00e9st, a sz\u00e9p szerepl\u00e9st, a sz\u00fcl\u0151k seg\u00edts\u00e9g\u00e9t, t\u00e1mogat\u00e1s\u00e1t.<\/p>\n\n\n\n<figure class=\"wp-block-image size-large is-style-default\"><a href=\"https:\/\/altisk-karcag.hu\/wp-content\/uploads\/2024\/03\/408850375_854066683081873_5080620492057958081_n.jpg\" target=\"_blank\" rel=\"noreferrer noopener\"><img decoding=\"async\" loading=\"lazy\" width=\"1024\" height=\"768\" src=\"https:\/\/altisk-karcag.hu\/wp-content\/uploads\/2024\/03\/408850375_854066683081873_5080620492057958081_n-1024x768.jpg\" alt=\"\" class=\"wp-image-2449\" srcset=\"https:\/\/altisk-karcag.hu\/wp-content\/uploads\/2024\/03\/408850375_854066683081873_5080620492057958081_n-1024x768.jpg 1024w, https:\/\/altisk-karcag.hu\/wp-content\/uploads\/2024\/03\/408850375_854066683081873_5080620492057958081_n-300x225.jpg 300w, https:\/\/altisk-karcag.hu\/wp-content\/uploads\/2024\/03\/408850375_854066683081873_5080620492057958081_n-768x576.jpg 768w, https:\/\/altisk-karcag.hu\/wp-content\/uploads\/2024\/03\/408850375_854066683081873_5080620492057958081_n-1536x1152.jpg 1536w, https:\/\/altisk-karcag.hu\/wp-content\/uploads\/2024\/03\/408850375_854066683081873_5080620492057958081_n-467x350.jpg 467w, https:\/\/altisk-karcag.hu\/wp-content\/uploads\/2024\/03\/408850375_854066683081873_5080620492057958081_n.jpg 2016w\" sizes=\"(max-width: 1024px) 100vw, 1024px\" \/><\/a><\/figure>\n\n\n\n<figure class=\"wp-block-image size-large is-style-default\"><a href=\"https:\/\/altisk-karcag.hu\/wp-content\/uploads\/2024\/03\/408886361_854066689748539_5836328871223208153_n.jpg\" target=\"_blank\" rel=\"noreferrer noopener\"><img decoding=\"async\" loading=\"lazy\" width=\"1024\" height=\"768\" src=\"https:\/\/altisk-karcag.hu\/wp-content\/uploads\/2024\/03\/408886361_854066689748539_5836328871223208153_n-1024x768.jpg\" alt=\"\" class=\"wp-image-2450\" srcset=\"https:\/\/altisk-karcag.hu\/wp-content\/uploads\/2024\/03\/408886361_854066689748539_5836328871223208153_n-1024x768.jpg 1024w, https:\/\/altisk-karcag.hu\/wp-content\/uploads\/2024\/03\/408886361_854066689748539_5836328871223208153_n-300x225.jpg 300w, https:\/\/altisk-karcag.hu\/wp-content\/uploads\/2024\/03\/408886361_854066689748539_5836328871223208153_n-768x576.jpg 768w, https:\/\/altisk-karcag.hu\/wp-content\/uploads\/2024\/03\/408886361_854066689748539_5836328871223208153_n-1536x1152.jpg 1536w, https:\/\/altisk-karcag.hu\/wp-content\/uploads\/2024\/03\/408886361_854066689748539_5836328871223208153_n-467x350.jpg 467w, https:\/\/altisk-karcag.hu\/wp-content\/uploads\/2024\/03\/408886361_854066689748539_5836328871223208153_n.jpg 2016w\" sizes=\"(max-width: 1024px) 100vw, 1024px\" \/><\/a><\/figure>\n","protected":false},"excerpt":{"rendered":"<p>Advent m\u00e1sodik vas\u00e1rnapja a kereszt\u00e9ny kult\u00fark\u00f6rben a rem\u00e9ny \u00fczenet\u00e9t hordozza. Ezen a jeles napon tan\u00edtv\u00e1nyaink fell\u00e9ptek a Kiskulcsosi Reform\u00e1tus Templomban. K\u00f6sz\u00f6n\u00f6m nekik a lelkiismeretes felk\u00e9sz\u00fcl\u00e9st, a sz\u00e9p szerepl\u00e9st, a sz\u00fcl\u0151k seg\u00edts\u00e9g\u00e9t, t\u00e1mogat\u00e1s\u00e1t.<\/p>\n","protected":false},"author":1,"featured_media":0,"comment_status":"closed","ping_status":"closed","sticky":false,"template":"","format":"standard","meta":{"footnotes":""},"categories":[10],"tags":[],"_links":{"self":[{"href":"https:\/\/altisk-karcag.hu\/index.php?rest_route=\/wp\/v2\/posts\/2448"}],"collection":[{"href":"https:\/\/altisk-karcag.hu\/index.php?rest_route=\/wp\/v2\/posts"}],"about":[{"href":"https:\/\/altisk-karcag.hu\/index.php?rest_route=\/wp\/v2\/types\/post"}],"author":[{"embeddable":true,"href":"https:\/\/altisk-karcag.hu\/index.php?rest_route=\/wp\/v2\/users\/1"}],"replies":[{"embeddable":true,"href":"https:\/\/altisk-karcag.hu\/index.php?rest_route=%2Fwp%2Fv2%2Fcomments&post=2448"}],"version-history":[{"count":1,"href":"https:\/\/altisk-karcag.hu\/index.php?rest_route=\/wp\/v2\/posts\/2448\/revisions"}],"predecessor-version":[{"id":2451,"href":"https:\/\/altisk-karcag.hu\/index.php?rest_route=\/wp\/v2\/posts\/2448\/revisions\/2451"}],"wp:attachment":[{"href":"https:\/\/altisk-karcag.hu\/index.php?rest_route=%2Fwp%2Fv2%2Fmedia&parent=2448"}],"wp:term":[{"taxonomy":"category","embeddable":true,"href":"https:\/\/altisk-karcag.hu\/index.php?rest_route=%2Fwp%2Fv2%2Fcategories&post=2448"},{"taxonomy":"post_tag","embeddable":true,"href":"https:\/\/altisk-karcag.hu\/index.php?rest_route=%2Fwp%2Fv2%2Ftags&post=2448"}],"curies":[{"name":"wp","href":"https:\/\/api.w.org\/{rel}","templated":true}]}}