{"id":2429,"date":"2023-12-29T18:39:00","date_gmt":"2023-12-29T18:39:00","guid":{"rendered":"https:\/\/altisk-karcag.hu\/?p=2429"},"modified":"2024-03-07T18:43:00","modified_gmt":"2024-03-07T18:43:00","slug":"karacsonyi-unnepseg-kiskulcsoson","status":"publish","type":"post","link":"https:\/\/altisk-karcag.hu\/?p=2429","title":{"rendered":"Kar\u00e1csonyi \u00fcnneps\u00e9g Kiskulcsoson!"},"content":{"rendered":"\n<p>Iskol\u00e1nkban 2023. 12. 22-\u00e9n tartottuk a kar\u00e1csonyi \u00fcnneps\u00e9g\u00fcnket, ahol az iskola \u00e9nekkara \u00e9s a 8. oszt\u00e1lyos di\u00e1kok el\u0151ad\u00e1s\u00e1t \u00e9s t\u00e1ncos m\u0171sort lehetett megtekinteni. K\u00f6sz\u00f6nj\u00fck nekik a sz\u00ednvonalas m\u0171sort!<br>A hagyom\u00e1nyoknak megfelel\u0151en az als\u00f3 \u00e9s fels\u0151 tagozaton is ki lett sorsolva 1-1 feny\u0151fa, melynek nagyon \u00f6r\u00fcltek a gyerekek!<br>Szeretn\u00e9nk Gratul\u00e1lni Laczk\u00f3 Levente 6.a oszt\u00e1lyos tanul\u00f3nak, aki a Karcagi Tanker\u00fclet aj\u00e1nd\u00e9kj\u00e1t, egy laptopot vehetett \u00e1t a kiemelked\u0151 tanulm\u00e1nyi \u00e9s sport eredm\u00e9nyei\u00e9rt!<br>Boldog, b\u00e9k\u00e9s kar\u00e1csonyi \u00fcnnepeket k\u00edv\u00e1nunk mindenkinek! \ud83c\udf84<br>Boldog \u00faj \u00e9vet! \ud83d\ude03<br>Mell\u00e9kletben megtekinthet\u0151ek az el\u0151ad\u00e1sok!<\/p>\n\n\n\n<p>https:\/\/www.youtube.com\/watch?v=_3xfT-bLy2U<br>https:\/\/www.youtube.com\/watch?v=3MFkDwI0NPo<\/p>\n\n\n\n<figure class=\"wp-block-image size-large is-style-default\"><a href=\"https:\/\/altisk-karcag.hu\/wp-content\/uploads\/2024\/03\/414012222_864031158752092_2317450461627074809_n.jpg\" target=\"_blank\" rel=\"noreferrer noopener\"><img decoding=\"async\" loading=\"lazy\" width=\"1024\" height=\"575\" src=\"https:\/\/altisk-karcag.hu\/wp-content\/uploads\/2024\/03\/414012222_864031158752092_2317450461627074809_n-1024x575.jpg\" alt=\"\" class=\"wp-image-2430\" srcset=\"https:\/\/altisk-karcag.hu\/wp-content\/uploads\/2024\/03\/414012222_864031158752092_2317450461627074809_n-1024x575.jpg 1024w, https:\/\/altisk-karcag.hu\/wp-content\/uploads\/2024\/03\/414012222_864031158752092_2317450461627074809_n-300x168.jpg 300w, https:\/\/altisk-karcag.hu\/wp-content\/uploads\/2024\/03\/414012222_864031158752092_2317450461627074809_n-768x431.jpg 768w, https:\/\/altisk-karcag.hu\/wp-content\/uploads\/2024\/03\/414012222_864031158752092_2317450461627074809_n-1536x863.jpg 1536w, https:\/\/altisk-karcag.hu\/wp-content\/uploads\/2024\/03\/414012222_864031158752092_2317450461627074809_n-623x350.jpg 623w, https:\/\/altisk-karcag.hu\/wp-content\/uploads\/2024\/03\/414012222_864031158752092_2317450461627074809_n.jpg 2048w\" sizes=\"(max-width: 1024px) 100vw, 1024px\" \/><\/a><\/figure>\n\n\n\n<figure class=\"wp-block-image size-large is-style-default\"><a href=\"https:\/\/altisk-karcag.hu\/wp-content\/uploads\/2024\/03\/414046847_864031548752053_3660452158317748749_n.jpg\" target=\"_blank\" rel=\"noreferrer noopener\"><img decoding=\"async\" loading=\"lazy\" width=\"1024\" height=\"575\" src=\"https:\/\/altisk-karcag.hu\/wp-content\/uploads\/2024\/03\/414046847_864031548752053_3660452158317748749_n-1024x575.jpg\" alt=\"\" class=\"wp-image-2431\" srcset=\"https:\/\/altisk-karcag.hu\/wp-content\/uploads\/2024\/03\/414046847_864031548752053_3660452158317748749_n-1024x575.jpg 1024w, https:\/\/altisk-karcag.hu\/wp-content\/uploads\/2024\/03\/414046847_864031548752053_3660452158317748749_n-300x168.jpg 300w, https:\/\/altisk-karcag.hu\/wp-content\/uploads\/2024\/03\/414046847_864031548752053_3660452158317748749_n-768x431.jpg 768w, https:\/\/altisk-karcag.hu\/wp-content\/uploads\/2024\/03\/414046847_864031548752053_3660452158317748749_n-1536x863.jpg 1536w, https:\/\/altisk-karcag.hu\/wp-content\/uploads\/2024\/03\/414046847_864031548752053_3660452158317748749_n-623x350.jpg 623w, https:\/\/altisk-karcag.hu\/wp-content\/uploads\/2024\/03\/414046847_864031548752053_3660452158317748749_n.jpg 2048w\" sizes=\"(max-width: 1024px) 100vw, 1024px\" \/><\/a><\/figure>\n\n\n\n<figure class=\"wp-block-image size-large is-style-default\"><a href=\"https:\/\/altisk-karcag.hu\/wp-content\/uploads\/2024\/03\/414047663_864031508752057_5164660003827726677_n.jpg\" target=\"_blank\" rel=\"noreferrer noopener\"><img decoding=\"async\" loading=\"lazy\" width=\"1024\" height=\"575\" src=\"https:\/\/altisk-karcag.hu\/wp-content\/uploads\/2024\/03\/414047663_864031508752057_5164660003827726677_n-1024x575.jpg\" alt=\"\" class=\"wp-image-2432\" srcset=\"https:\/\/altisk-karcag.hu\/wp-content\/uploads\/2024\/03\/414047663_864031508752057_5164660003827726677_n-1024x575.jpg 1024w, https:\/\/altisk-karcag.hu\/wp-content\/uploads\/2024\/03\/414047663_864031508752057_5164660003827726677_n-300x168.jpg 300w, https:\/\/altisk-karcag.hu\/wp-content\/uploads\/2024\/03\/414047663_864031508752057_5164660003827726677_n-768x431.jpg 768w, https:\/\/altisk-karcag.hu\/wp-content\/uploads\/2024\/03\/414047663_864031508752057_5164660003827726677_n-1536x863.jpg 1536w, https:\/\/altisk-karcag.hu\/wp-content\/uploads\/2024\/03\/414047663_864031508752057_5164660003827726677_n-623x350.jpg 623w, https:\/\/altisk-karcag.hu\/wp-content\/uploads\/2024\/03\/414047663_864031508752057_5164660003827726677_n.jpg 2048w\" sizes=\"(max-width: 1024px) 100vw, 1024px\" \/><\/a><\/figure>\n\n\n\n<figure class=\"wp-block-image size-large is-style-default\"><a href=\"https:\/\/altisk-karcag.hu\/wp-content\/uploads\/2024\/03\/415067390_864031382085403_4139064318695574685_n.jpg\" target=\"_blank\" rel=\"noreferrer noopener\"><img decoding=\"async\" loading=\"lazy\" width=\"1024\" height=\"575\" src=\"https:\/\/altisk-karcag.hu\/wp-content\/uploads\/2024\/03\/415067390_864031382085403_4139064318695574685_n-1024x575.jpg\" alt=\"\" class=\"wp-image-2433\" srcset=\"https:\/\/altisk-karcag.hu\/wp-content\/uploads\/2024\/03\/415067390_864031382085403_4139064318695574685_n-1024x575.jpg 1024w, https:\/\/altisk-karcag.hu\/wp-content\/uploads\/2024\/03\/415067390_864031382085403_4139064318695574685_n-300x168.jpg 300w, https:\/\/altisk-karcag.hu\/wp-content\/uploads\/2024\/03\/415067390_864031382085403_4139064318695574685_n-768x431.jpg 768w, https:\/\/altisk-karcag.hu\/wp-content\/uploads\/2024\/03\/415067390_864031382085403_4139064318695574685_n-1536x863.jpg 1536w, https:\/\/altisk-karcag.hu\/wp-content\/uploads\/2024\/03\/415067390_864031382085403_4139064318695574685_n-623x350.jpg 623w, https:\/\/altisk-karcag.hu\/wp-content\/uploads\/2024\/03\/415067390_864031382085403_4139064318695574685_n.jpg 2048w\" sizes=\"(max-width: 1024px) 100vw, 1024px\" \/><\/a><\/figure>\n","protected":false},"excerpt":{"rendered":"<p>Iskol\u00e1nkban 2023. 12. 22-\u00e9n tartottuk a kar\u00e1csonyi \u00fcnneps\u00e9g\u00fcnket, ahol az iskola \u00e9nekkara \u00e9s a 8. oszt\u00e1lyos di\u00e1kok el\u0151ad\u00e1s\u00e1t \u00e9s t\u00e1ncos m\u0171sort lehetett megtekinteni. K\u00f6sz\u00f6nj\u00fck nekik a sz\u00ednvonalas m\u0171sort!A hagyom\u00e1nyoknak megfelel\u0151en az als\u00f3 \u00e9s fels\u0151 tagozaton is ki lett sorsolva 1-1 feny\u0151fa, melynek nagyon \u00f6r\u00fcltek a gyerekek!Szeretn\u00e9nk Gratul\u00e1lni Laczk\u00f3 Levente 6.a &hellip;<\/p>\n","protected":false},"author":1,"featured_media":0,"comment_status":"closed","ping_status":"closed","sticky":false,"template":"","format":"standard","meta":{"footnotes":""},"categories":[10],"tags":[],"_links":{"self":[{"href":"https:\/\/altisk-karcag.hu\/index.php?rest_route=\/wp\/v2\/posts\/2429"}],"collection":[{"href":"https:\/\/altisk-karcag.hu\/index.php?rest_route=\/wp\/v2\/posts"}],"about":[{"href":"https:\/\/altisk-karcag.hu\/index.php?rest_route=\/wp\/v2\/types\/post"}],"author":[{"embeddable":true,"href":"https:\/\/altisk-karcag.hu\/index.php?rest_route=\/wp\/v2\/users\/1"}],"replies":[{"embeddable":true,"href":"https:\/\/altisk-karcag.hu\/index.php?rest_route=%2Fwp%2Fv2%2Fcomments&post=2429"}],"version-history":[{"count":1,"href":"https:\/\/altisk-karcag.hu\/index.php?rest_route=\/wp\/v2\/posts\/2429\/revisions"}],"predecessor-version":[{"id":2434,"href":"https:\/\/altisk-karcag.hu\/index.php?rest_route=\/wp\/v2\/posts\/2429\/revisions\/2434"}],"wp:attachment":[{"href":"https:\/\/altisk-karcag.hu\/index.php?rest_route=%2Fwp%2Fv2%2Fmedia&parent=2429"}],"wp:term":[{"taxonomy":"category","embeddable":true,"href":"https:\/\/altisk-karcag.hu\/index.php?rest_route=%2Fwp%2Fv2%2Fcategories&post=2429"},{"taxonomy":"post_tag","embeddable":true,"href":"https:\/\/altisk-karcag.hu\/index.php?rest_route=%2Fwp%2Fv2%2Ftags&post=2429"}],"curies":[{"name":"wp","href":"https:\/\/api.w.org\/{rel}","templated":true}]}}