{"id":2420,"date":"2024-02-14T18:33:00","date_gmt":"2024-02-14T18:33:00","guid":{"rendered":"https:\/\/altisk-karcag.hu\/?p=2420"},"modified":"2024-03-07T18:35:37","modified_gmt":"2024-03-07T18:35:37","slug":"gyorffy-teka-olvasoversenyen","status":"publish","type":"post","link":"https:\/\/altisk-karcag.hu\/?p=2420","title":{"rendered":"\u201cGy\u00f6rffy-T\u00e9ka&#8221; olvas\u00f3versenyen"},"content":{"rendered":"\n<p>2024. febru\u00e1r 13-\u00e1n iskol\u00e1nk tanul\u00f3i r\u00e9szt vettek a Gy\u00f6rffy Napok keret\u00e9ben megrendezett &#8222;Gy\u00f6rffy-T\u00e9ka&#8221; olvas\u00f3versenyen, melyen \u00d6kr\u00f6s Patrick 2. B oszt\u00e1lyos tanul\u00f3 harmadik helyezett lett. Gratul\u00e1lunk minden versenyz\u0151nek \u00e9s felk\u00e9sz\u00edt\u0151 pedag\u00f3gusnak!<\/p>\n\n\n\n<figure class=\"wp-block-image size-large is-style-default\"><a href=\"https:\/\/altisk-karcag.hu\/wp-content\/uploads\/2024\/03\/428443744_891130176042190_7272143798758049051_n.jpg\" target=\"_blank\" rel=\"noreferrer noopener\"><img decoding=\"async\" loading=\"lazy\" width=\"1024\" height=\"769\" src=\"https:\/\/altisk-karcag.hu\/wp-content\/uploads\/2024\/03\/428443744_891130176042190_7272143798758049051_n-1024x769.jpg\" alt=\"\" class=\"wp-image-2421\" srcset=\"https:\/\/altisk-karcag.hu\/wp-content\/uploads\/2024\/03\/428443744_891130176042190_7272143798758049051_n-1024x769.jpg 1024w, https:\/\/altisk-karcag.hu\/wp-content\/uploads\/2024\/03\/428443744_891130176042190_7272143798758049051_n-300x225.jpg 300w, https:\/\/altisk-karcag.hu\/wp-content\/uploads\/2024\/03\/428443744_891130176042190_7272143798758049051_n-768x576.jpg 768w, https:\/\/altisk-karcag.hu\/wp-content\/uploads\/2024\/03\/428443744_891130176042190_7272143798758049051_n-466x350.jpg 466w, https:\/\/altisk-karcag.hu\/wp-content\/uploads\/2024\/03\/428443744_891130176042190_7272143798758049051_n.jpg 1179w\" sizes=\"(max-width: 1024px) 100vw, 1024px\" \/><\/a><\/figure>\n","protected":false},"excerpt":{"rendered":"<p>2024. febru\u00e1r 13-\u00e1n iskol\u00e1nk tanul\u00f3i r\u00e9szt vettek a Gy\u00f6rffy Napok keret\u00e9ben megrendezett &#8222;Gy\u00f6rffy-T\u00e9ka&#8221; olvas\u00f3versenyen, melyen \u00d6kr\u00f6s Patrick 2. B oszt\u00e1lyos tanul\u00f3 harmadik helyezett lett. Gratul\u00e1lunk minden versenyz\u0151nek \u00e9s felk\u00e9sz\u00edt\u0151 pedag\u00f3gusnak!<\/p>\n","protected":false},"author":1,"featured_media":0,"comment_status":"closed","ping_status":"closed","sticky":false,"template":"","format":"standard","meta":{"footnotes":""},"categories":[10],"tags":[],"_links":{"self":[{"href":"https:\/\/altisk-karcag.hu\/index.php?rest_route=\/wp\/v2\/posts\/2420"}],"collection":[{"href":"https:\/\/altisk-karcag.hu\/index.php?rest_route=\/wp\/v2\/posts"}],"about":[{"href":"https:\/\/altisk-karcag.hu\/index.php?rest_route=\/wp\/v2\/types\/post"}],"author":[{"embeddable":true,"href":"https:\/\/altisk-karcag.hu\/index.php?rest_route=\/wp\/v2\/users\/1"}],"replies":[{"embeddable":true,"href":"https:\/\/altisk-karcag.hu\/index.php?rest_route=%2Fwp%2Fv2%2Fcomments&post=2420"}],"version-history":[{"count":1,"href":"https:\/\/altisk-karcag.hu\/index.php?rest_route=\/wp\/v2\/posts\/2420\/revisions"}],"predecessor-version":[{"id":2422,"href":"https:\/\/altisk-karcag.hu\/index.php?rest_route=\/wp\/v2\/posts\/2420\/revisions\/2422"}],"wp:attachment":[{"href":"https:\/\/altisk-karcag.hu\/index.php?rest_route=%2Fwp%2Fv2%2Fmedia&parent=2420"}],"wp:term":[{"taxonomy":"category","embeddable":true,"href":"https:\/\/altisk-karcag.hu\/index.php?rest_route=%2Fwp%2Fv2%2Fcategories&post=2420"},{"taxonomy":"post_tag","embeddable":true,"href":"https:\/\/altisk-karcag.hu\/index.php?rest_route=%2Fwp%2Fv2%2Ftags&post=2420"}],"curies":[{"name":"wp","href":"https:\/\/api.w.org\/{rel}","templated":true}]}}