{"id":2415,"date":"2024-02-21T18:31:00","date_gmt":"2024-02-21T18:31:00","guid":{"rendered":"https:\/\/altisk-karcag.hu\/?p=2415"},"modified":"2024-03-07T18:33:35","modified_gmt":"2024-03-07T18:33:35","slug":"regionalis-idegen-nyelvi-versmondo-verseny","status":"publish","type":"post","link":"https:\/\/altisk-karcag.hu\/?p=2415","title":{"rendered":"Region\u00e1lis idegen nyelvi versmond\u00f3 verseny!"},"content":{"rendered":"\n<p>Febru\u00e1r 20-\u00e1n, Kis\u00fajsz\u00e1ll\u00e1son, az Ill\u00e9ssy S\u00e1ndor Technikum \u00e9s Szakk\u00e9pz\u0151 Iskola Tagint\u00e9zm\u00e9ny\u00e9ben 7. alkalommal ker\u00fclt megrendez\u00e9sre a region\u00e1lis idegen nyelvi versmond\u00f3 verseny. A kiskulcsosi di\u00e1kok \u00fcgyesen helyt \u00e1lltak az er\u0151s mez\u0151nyben.<br>Balogh Enik\u0151 Judit (7. o.) \u00e9s Rimaszombati M\u00e1t\u00e9 (8. o.) eml\u00e9klapot kapott.<br>T\u00f3th Vikt\u00f3ria (4. o.), \u00d6kr\u00f6s J\u00e1zmin (5. o.) \u00e9s N\u00e9meth Ferenc (7. o.) k\u00fcl\u00f6nd\u00edjban r\u00e9szes\u00fclt.<br>L\u00f3r-Kerekes Viola Kincs\u0151 (5. o.) \u00e9s Mile S\u00e1ndor (4. o.) m\u00e1sodik helyen v\u00e9gzett.<br>Gratul\u00e1lunk a versenyz\u0151knek \u00e9s felk\u00e9sz\u00edt\u0151j\u00fcknek Nagy \u00c9va tan\u00e1rn\u0151nek.<\/p>\n\n\n\n<figure class=\"wp-block-image size-large is-resized is-style-default\"><a href=\"https:\/\/altisk-karcag.hu\/wp-content\/uploads\/2024\/03\/428612874_895053542316520_2394996204689428949_n.jpg\" target=\"_blank\" rel=\"noreferrer noopener\"><img decoding=\"async\" loading=\"lazy\" width=\"1024\" height=\"769\" src=\"https:\/\/altisk-karcag.hu\/wp-content\/uploads\/2024\/03\/428612874_895053542316520_2394996204689428949_n-1024x769.jpg\" alt=\"\" class=\"wp-image-2416\" style=\"aspect-ratio:1.3315994798439532;width:1025px;height:auto\" srcset=\"https:\/\/altisk-karcag.hu\/wp-content\/uploads\/2024\/03\/428612874_895053542316520_2394996204689428949_n-1024x769.jpg 1024w, https:\/\/altisk-karcag.hu\/wp-content\/uploads\/2024\/03\/428612874_895053542316520_2394996204689428949_n-300x225.jpg 300w, https:\/\/altisk-karcag.hu\/wp-content\/uploads\/2024\/03\/428612874_895053542316520_2394996204689428949_n-768x576.jpg 768w, https:\/\/altisk-karcag.hu\/wp-content\/uploads\/2024\/03\/428612874_895053542316520_2394996204689428949_n-466x350.jpg 466w, https:\/\/altisk-karcag.hu\/wp-content\/uploads\/2024\/03\/428612874_895053542316520_2394996204689428949_n.jpg 1179w\" sizes=\"(max-width: 1024px) 100vw, 1024px\" \/><\/a><\/figure>\n\n\n\n<figure class=\"wp-block-image size-large is-style-default\"><a href=\"https:\/\/altisk-karcag.hu\/wp-content\/uploads\/2024\/03\/428633371_895053372316537_1476910937446837573_n.jpg\" target=\"_blank\" rel=\"noreferrer noopener\"><img decoding=\"async\" loading=\"lazy\" width=\"1024\" height=\"683\" src=\"https:\/\/altisk-karcag.hu\/wp-content\/uploads\/2024\/03\/428633371_895053372316537_1476910937446837573_n-1024x683.jpg\" alt=\"\" class=\"wp-image-2417\" srcset=\"https:\/\/altisk-karcag.hu\/wp-content\/uploads\/2024\/03\/428633371_895053372316537_1476910937446837573_n-1024x683.jpg 1024w, https:\/\/altisk-karcag.hu\/wp-content\/uploads\/2024\/03\/428633371_895053372316537_1476910937446837573_n-300x200.jpg 300w, https:\/\/altisk-karcag.hu\/wp-content\/uploads\/2024\/03\/428633371_895053372316537_1476910937446837573_n-768x512.jpg 768w, https:\/\/altisk-karcag.hu\/wp-content\/uploads\/2024\/03\/428633371_895053372316537_1476910937446837573_n-525x350.jpg 525w, https:\/\/altisk-karcag.hu\/wp-content\/uploads\/2024\/03\/428633371_895053372316537_1476910937446837573_n.jpg 1179w\" sizes=\"(max-width: 1024px) 100vw, 1024px\" \/><\/a><\/figure>\n\n\n\n<figure class=\"wp-block-image size-large is-style-default\"><a href=\"https:\/\/altisk-karcag.hu\/wp-content\/uploads\/2024\/03\/428642247_895053515649856_1323822700471599435_n.jpg\" target=\"_blank\" rel=\"noreferrer noopener\"><img decoding=\"async\" loading=\"lazy\" width=\"1024\" height=\"683\" src=\"https:\/\/altisk-karcag.hu\/wp-content\/uploads\/2024\/03\/428642247_895053515649856_1323822700471599435_n-1024x683.jpg\" alt=\"\" class=\"wp-image-2418\" srcset=\"https:\/\/altisk-karcag.hu\/wp-content\/uploads\/2024\/03\/428642247_895053515649856_1323822700471599435_n-1024x683.jpg 1024w, https:\/\/altisk-karcag.hu\/wp-content\/uploads\/2024\/03\/428642247_895053515649856_1323822700471599435_n-300x200.jpg 300w, https:\/\/altisk-karcag.hu\/wp-content\/uploads\/2024\/03\/428642247_895053515649856_1323822700471599435_n-768x512.jpg 768w, https:\/\/altisk-karcag.hu\/wp-content\/uploads\/2024\/03\/428642247_895053515649856_1323822700471599435_n-525x350.jpg 525w, https:\/\/altisk-karcag.hu\/wp-content\/uploads\/2024\/03\/428642247_895053515649856_1323822700471599435_n.jpg 1179w\" sizes=\"(max-width: 1024px) 100vw, 1024px\" \/><\/a><\/figure>\n","protected":false},"excerpt":{"rendered":"<p>Febru\u00e1r 20-\u00e1n, Kis\u00fajsz\u00e1ll\u00e1son, az Ill\u00e9ssy S\u00e1ndor Technikum \u00e9s Szakk\u00e9pz\u0151 Iskola Tagint\u00e9zm\u00e9ny\u00e9ben 7. alkalommal ker\u00fclt megrendez\u00e9sre a region\u00e1lis idegen nyelvi versmond\u00f3 verseny. A kiskulcsosi di\u00e1kok \u00fcgyesen helyt \u00e1lltak az er\u0151s mez\u0151nyben.Balogh Enik\u0151 Judit (7. o.) \u00e9s Rimaszombati M\u00e1t\u00e9 (8. o.) eml\u00e9klapot kapott.T\u00f3th Vikt\u00f3ria (4. o.), \u00d6kr\u00f6s J\u00e1zmin (5. o.) \u00e9s N\u00e9meth &hellip;<\/p>\n","protected":false},"author":1,"featured_media":0,"comment_status":"closed","ping_status":"closed","sticky":false,"template":"","format":"standard","meta":{"footnotes":""},"categories":[10],"tags":[],"_links":{"self":[{"href":"https:\/\/altisk-karcag.hu\/index.php?rest_route=\/wp\/v2\/posts\/2415"}],"collection":[{"href":"https:\/\/altisk-karcag.hu\/index.php?rest_route=\/wp\/v2\/posts"}],"about":[{"href":"https:\/\/altisk-karcag.hu\/index.php?rest_route=\/wp\/v2\/types\/post"}],"author":[{"embeddable":true,"href":"https:\/\/altisk-karcag.hu\/index.php?rest_route=\/wp\/v2\/users\/1"}],"replies":[{"embeddable":true,"href":"https:\/\/altisk-karcag.hu\/index.php?rest_route=%2Fwp%2Fv2%2Fcomments&post=2415"}],"version-history":[{"count":1,"href":"https:\/\/altisk-karcag.hu\/index.php?rest_route=\/wp\/v2\/posts\/2415\/revisions"}],"predecessor-version":[{"id":2419,"href":"https:\/\/altisk-karcag.hu\/index.php?rest_route=\/wp\/v2\/posts\/2415\/revisions\/2419"}],"wp:attachment":[{"href":"https:\/\/altisk-karcag.hu\/index.php?rest_route=%2Fwp%2Fv2%2Fmedia&parent=2415"}],"wp:term":[{"taxonomy":"category","embeddable":true,"href":"https:\/\/altisk-karcag.hu\/index.php?rest_route=%2Fwp%2Fv2%2Fcategories&post=2415"},{"taxonomy":"post_tag","embeddable":true,"href":"https:\/\/altisk-karcag.hu\/index.php?rest_route=%2Fwp%2Fv2%2Ftags&post=2415"}],"curies":[{"name":"wp","href":"https:\/\/api.w.org\/{rel}","templated":true}]}}