{"id":2393,"date":"2023-11-21T11:02:00","date_gmt":"2023-11-21T11:02:00","guid":{"rendered":"https:\/\/altisk-karcag.hu\/?p=2393"},"modified":"2023-11-27T11:05:02","modified_gmt":"2023-11-27T11:05:02","slug":"kiskulcsosiak-karacsonya-zankan","status":"publish","type":"post","link":"https:\/\/altisk-karcag.hu\/?p=2393","title":{"rendered":"Kiskulcsosiak kar\u00e1csonya Z\u00e1nk\u00e1n!"},"content":{"rendered":"\n<p>Az Erzs\u00e9bet-kar\u00e1csony 2016 \u00f3ta minden \u00e9vben k\u00fcl\u00f6nleges programokkal v\u00e1rja a gyermekeket az adventi id\u0151szakban. A kor\u00e1bban egy kedves esem\u00e9ny, h\u00e1romnapos \u00fcnnepi k\u00e9sz\u00fcl\u0151d\u00e9ss\u00e9 n\u0151tte ki mag\u00e1t, ahol \u00e9vr\u0151l-\u00e9vre 12000 \u00e1ltal\u00e1nos iskol\u00e1s gyermek vehet r\u00e9szt a kultur\u00e1lis, sz\u00f3rakoztat\u00f3, szabadid\u0151s adventi programokon iskolai id\u0151ben.<\/p>\n\n\n\n<p>\u00cdgy jutottunk el sikeres p\u00e1ly\u00e1zatunknak k\u00f6sz\u00f6nhet\u0151en mi is. Sokan k\u00f6z\u00fcl\u00fcnk el\u0151sz\u00f6r l\u00e1tta a Balatont, el\u0151sz\u00f6r volt t\u00e1vol t\u00f6bb <a><\/a>napra a sz\u00fcleit\u0151l, el\u0151sz\u00f6r volt kir\u00e1ndulni.<\/p>\n\n\n\n<p>A turnusok els\u0151 napj\u00e1n zen\u00e9s, t\u00e1ncos, betlehemes el\u0151ad\u00e1st, kar\u00e1csonyi t\u00e9m\u00e1j\u00fa filmeket tekinthett\u00fcnk meg.<\/p>\n\n\n\n<p>M\u00e1snap a F\u0151v\u00e1rosi Nagycirkusz magyar \u00e9s k\u00fclf\u00f6ldi artist\u00e1i, egyens\u00falyoz\u00f3 m\u0171v\u00e9szek, zsongl\u0151r\u00f6k, artist\u00e1k \u00e9s l\u00e9gtorn\u00e1szok l\u00e9ptek fel. Kora d\u00e9lut\u00e1n a csod\u00e1latos naps\u00fct\u00e9s kicsalogatott benn\u00fcnket a Balaton partj\u00e1ra, ahol kacs\u00e1k, hatty\u00fak \u201e\u00fcdv\u00f6z\u00f6ltek\u201d benn\u00fcnket.<\/p>\n\n\n\n<p>T\u00f6bben k\u00f6z\u00f6tt\u00fcnk el\u0151sz\u00f6r vehetett fel korcsoly\u00e1t. Megszeretve, est\u00e9nk\u00e9nt szorgalmasan gyakoroltak.<\/p>\n\n\n\n<p>A Multicsarnokban a felf\u00fajhat\u00f3 akad\u00e1lyokkal berendezett l\u00e9zerharc-p\u00e1lya is sz\u00f3rakoztat\u00f3 volt.<\/p>\n\n\n\n<p>A finom, laktat\u00f3 \u00e9tkez\u00e9sek mell\u00e9 folyamatosan ihattunk a v\u00e1s\u00e1ri forgatagban forr\u00f3 csokit, meleg gy\u00fcm\u00f6lcste\u00e1t. Mell\u00e9 m\u00e1kos-, di\u00f3spatk\u00f3t, hatalmas linzert kaptunk.<\/p>\n\n\n\n<p>Utols\u00f3 este Szekeres Adrienn koncerten, disc\u00f3ban mozgathattuk meg magunkat.<\/p>\n\n\n\n<p>B\u00facs\u00faz\u00f3ul mindenki kapott egy nagy Mikul\u00e1s csomagot.<\/p>\n\n\n\n<p>K\u00f6sz\u00f6nj\u00fck a lehet\u0151s\u00e9get az Erzs\u00e9bet a K\u00e1rp\u00e1t-medencei Gyermekek\u00e9rt Alap\u00edtv\u00e1nynak, a Di\u00e1k\u00f6nkorm\u00e1nyzatnak, hogy anyagiakkal t\u00e1mogatta a gyerekek ut\u00e1ni r\u00e9szv\u00e9teli biztos\u00edt\u00e9k \u00f6sszeg\u00e9t.<\/p>\n\n\n\n<p>Horv\u00e1thn\u00e9 Pandur T\u00fcnde \u2013 szervez\u0151<\/p>\n\n\n\n<figure class=\"wp-block-gallery has-nested-images columns-default is-cropped wp-block-gallery-1 is-layout-flex wp-block-gallery-is-layout-flex\">\n<figure class=\"wp-block-image size-large is-style-default\"><a href=\"https:\/\/altisk-karcag.hu\/wp-content\/uploads\/2023\/11\/zanka5.jpg\"><img decoding=\"async\" loading=\"lazy\" width=\"960\" height=\"493\" data-id=\"2397\" src=\"https:\/\/altisk-karcag.hu\/wp-content\/uploads\/2023\/11\/zanka5.jpg\" alt=\"\" class=\"wp-image-2397\" srcset=\"https:\/\/altisk-karcag.hu\/wp-content\/uploads\/2023\/11\/zanka5.jpg 960w, https:\/\/altisk-karcag.hu\/wp-content\/uploads\/2023\/11\/zanka5-300x154.jpg 300w, https:\/\/altisk-karcag.hu\/wp-content\/uploads\/2023\/11\/zanka5-768x394.jpg 768w, https:\/\/altisk-karcag.hu\/wp-content\/uploads\/2023\/11\/zanka5-682x350.jpg 682w\" sizes=\"(max-width: 960px) 100vw, 960px\" \/><\/a><\/figure>\n\n\n\n<figure class=\"wp-block-image size-large is-style-default\"><a href=\"https:\/\/altisk-karcag.hu\/wp-content\/uploads\/2023\/11\/zanka4.jpg\"><img decoding=\"async\" loading=\"lazy\" width=\"960\" height=\"720\" data-id=\"2396\" src=\"https:\/\/altisk-karcag.hu\/wp-content\/uploads\/2023\/11\/zanka4.jpg\" alt=\"\" class=\"wp-image-2396\" srcset=\"https:\/\/altisk-karcag.hu\/wp-content\/uploads\/2023\/11\/zanka4.jpg 960w, https:\/\/altisk-karcag.hu\/wp-content\/uploads\/2023\/11\/zanka4-300x225.jpg 300w, https:\/\/altisk-karcag.hu\/wp-content\/uploads\/2023\/11\/zanka4-768x576.jpg 768w, https:\/\/altisk-karcag.hu\/wp-content\/uploads\/2023\/11\/zanka4-467x350.jpg 467w\" sizes=\"(max-width: 960px) 100vw, 960px\" \/><\/a><\/figure>\n\n\n\n<figure class=\"wp-block-image size-large is-style-default\"><a href=\"https:\/\/altisk-karcag.hu\/wp-content\/uploads\/2023\/11\/zanka3.jpg\"><img decoding=\"async\" loading=\"lazy\" width=\"889\" height=\"960\" data-id=\"2394\" src=\"https:\/\/altisk-karcag.hu\/wp-content\/uploads\/2023\/11\/zanka3.jpg\" alt=\"\" class=\"wp-image-2394\" srcset=\"https:\/\/altisk-karcag.hu\/wp-content\/uploads\/2023\/11\/zanka3.jpg 889w, https:\/\/altisk-karcag.hu\/wp-content\/uploads\/2023\/11\/zanka3-278x300.jpg 278w, https:\/\/altisk-karcag.hu\/wp-content\/uploads\/2023\/11\/zanka3-768x829.jpg 768w, https:\/\/altisk-karcag.hu\/wp-content\/uploads\/2023\/11\/zanka3-324x350.jpg 324w\" sizes=\"(max-width: 889px) 100vw, 889px\" \/><\/a><\/figure>\n\n\n\n<figure class=\"wp-block-image size-large is-style-default\"><a href=\"https:\/\/altisk-karcag.hu\/wp-content\/uploads\/2023\/11\/zanka2.jpg\"><img decoding=\"async\" loading=\"lazy\" width=\"960\" height=\"720\" data-id=\"2395\" src=\"https:\/\/altisk-karcag.hu\/wp-content\/uploads\/2023\/11\/zanka2.jpg\" alt=\"\" class=\"wp-image-2395\" srcset=\"https:\/\/altisk-karcag.hu\/wp-content\/uploads\/2023\/11\/zanka2.jpg 960w, https:\/\/altisk-karcag.hu\/wp-content\/uploads\/2023\/11\/zanka2-300x225.jpg 300w, https:\/\/altisk-karcag.hu\/wp-content\/uploads\/2023\/11\/zanka2-768x576.jpg 768w, https:\/\/altisk-karcag.hu\/wp-content\/uploads\/2023\/11\/zanka2-467x350.jpg 467w\" sizes=\"(max-width: 960px) 100vw, 960px\" \/><\/a><\/figure>\n\n\n\n<figure class=\"wp-block-image size-large is-style-default\"><a href=\"https:\/\/altisk-karcag.hu\/wp-content\/uploads\/2023\/11\/zanka1.jpg\"><img decoding=\"async\" loading=\"lazy\" width=\"1024\" height=\"752\" data-id=\"2398\" src=\"https:\/\/altisk-karcag.hu\/wp-content\/uploads\/2023\/11\/zanka1-1024x752.jpg\" alt=\"\" class=\"wp-image-2398\" srcset=\"https:\/\/altisk-karcag.hu\/wp-content\/uploads\/2023\/11\/zanka1-1024x752.jpg 1024w, https:\/\/altisk-karcag.hu\/wp-content\/uploads\/2023\/11\/zanka1-300x220.jpg 300w, https:\/\/altisk-karcag.hu\/wp-content\/uploads\/2023\/11\/zanka1-768x564.jpg 768w, https:\/\/altisk-karcag.hu\/wp-content\/uploads\/2023\/11\/zanka1-1536x1128.jpg 1536w, https:\/\/altisk-karcag.hu\/wp-content\/uploads\/2023\/11\/zanka1-477x350.jpg 477w, https:\/\/altisk-karcag.hu\/wp-content\/uploads\/2023\/11\/zanka1.jpg 1840w\" sizes=\"(max-width: 1024px) 100vw, 1024px\" \/><\/a><\/figure>\n<\/figure>\n","protected":false},"excerpt":{"rendered":"<p>Az Erzs\u00e9bet-kar\u00e1csony 2016 \u00f3ta minden \u00e9vben k\u00fcl\u00f6nleges programokkal v\u00e1rja a gyermekeket az adventi id\u0151szakban. A kor\u00e1bban egy kedves esem\u00e9ny, h\u00e1romnapos \u00fcnnepi k\u00e9sz\u00fcl\u0151d\u00e9ss\u00e9 n\u0151tte ki mag\u00e1t, ahol \u00e9vr\u0151l-\u00e9vre 12000 \u00e1ltal\u00e1nos iskol\u00e1s gyermek vehet r\u00e9szt a kultur\u00e1lis, sz\u00f3rakoztat\u00f3, szabadid\u0151s adventi programokon iskolai id\u0151ben. \u00cdgy jutottunk el sikeres p\u00e1ly\u00e1zatunknak k\u00f6sz\u00f6nhet\u0151en mi is. Sokan &hellip;<\/p>\n","protected":false},"author":1,"featured_media":0,"comment_status":"closed","ping_status":"closed","sticky":false,"template":"","format":"standard","meta":{"footnotes":""},"categories":[9,10],"tags":[],"_links":{"self":[{"href":"https:\/\/altisk-karcag.hu\/index.php?rest_route=\/wp\/v2\/posts\/2393"}],"collection":[{"href":"https:\/\/altisk-karcag.hu\/index.php?rest_route=\/wp\/v2\/posts"}],"about":[{"href":"https:\/\/altisk-karcag.hu\/index.php?rest_route=\/wp\/v2\/types\/post"}],"author":[{"embeddable":true,"href":"https:\/\/altisk-karcag.hu\/index.php?rest_route=\/wp\/v2\/users\/1"}],"replies":[{"embeddable":true,"href":"https:\/\/altisk-karcag.hu\/index.php?rest_route=%2Fwp%2Fv2%2Fcomments&post=2393"}],"version-history":[{"count":1,"href":"https:\/\/altisk-karcag.hu\/index.php?rest_route=\/wp\/v2\/posts\/2393\/revisions"}],"predecessor-version":[{"id":2399,"href":"https:\/\/altisk-karcag.hu\/index.php?rest_route=\/wp\/v2\/posts\/2393\/revisions\/2399"}],"wp:attachment":[{"href":"https:\/\/altisk-karcag.hu\/index.php?rest_route=%2Fwp%2Fv2%2Fmedia&parent=2393"}],"wp:term":[{"taxonomy":"category","embeddable":true,"href":"https:\/\/altisk-karcag.hu\/index.php?rest_route=%2Fwp%2Fv2%2Fcategories&post=2393"},{"taxonomy":"post_tag","embeddable":true,"href":"https:\/\/altisk-karcag.hu\/index.php?rest_route=%2Fwp%2Fv2%2Ftags&post=2393"}],"curies":[{"name":"wp","href":"https:\/\/api.w.org\/{rel}","templated":true}]}}