{"id":2362,"date":"2023-10-26T13:25:00","date_gmt":"2023-10-26T13:25:00","guid":{"rendered":"https:\/\/altisk-karcag.hu\/?p=2362"},"modified":"2023-10-26T13:25:02","modified_gmt":"2023-10-26T13:25:02","slug":"oszi-iskolakerti-tevekenysegek","status":"publish","type":"post","link":"https:\/\/altisk-karcag.hu\/?p=2362","title":{"rendered":"\u0150szi iskolakerti tev\u00e9kenys\u00e9gek"},"content":{"rendered":"\n<p>Iskolakert\u00fcnk gondoz\u00e1s\u00e1t a kertszakk\u00f6rre j\u00e1r\u00f3 tanul\u00f3ink nagy lelkesed\u00e9ssel v\u00e9gzik. \u0150szi<br>tev\u00e9kenys\u00e9geink sor\u00e1n hagymamagot, sarjhagym\u00e1t szedt\u00fcnk, betakar\u00edtottuk a lilahagym\u00e1t,<br>v\u00f6r\u00f6shagym\u00e1t, c\u00e9kl\u00e1t. A szakk\u00f6rre j\u00e1r\u00f3 r\u00e9gi-\u00e9s \u00faj tagok megismerkedtek a munka-\u00e9s balesetv\u00e9delmi<br>szab\u00e1lyokkal. \u0150szi talajmunk\u00e1latok ut\u00e1n \u0151szi fokhagym\u00e1t \u00fcltett\u00fcnk, gy\u00f3gy-\u00e9s f\u0171szern\u00f6v\u00e9ny sarkunkat,<br>eper\u00e1gy\u00e1sunkat gyomtalan\u00edtottuk. Az udvaron \u00f6sszegerebly\u00e9zett levelekkel, gallyakkal<br>komposzt\u00e1l\u00f3nk tartalm\u00e1t b\u0151v\u00edtett\u00fck. C\u00e9ljaink k\u00f6z\u00f6tt szerepel tov\u00e1bbi haszonn\u00f6v\u00e9nyek megismer\u00e9se,<br>termeszt\u00e9se.<br>N\u00e9methn\u00e9 Nagy Julianna<\/p>\n\n\n\n<figure class=\"wp-block-gallery has-nested-images columns-default is-cropped wp-block-gallery-1 is-layout-flex wp-block-gallery-is-layout-flex\">\n<figure class=\"wp-block-image size-large is-style-default\"><a href=\"https:\/\/altisk-karcag.hu\/wp-content\/uploads\/2023\/10\/IMG_20231013_143009-scaled.jpg\"><img decoding=\"async\" loading=\"lazy\" width=\"771\" height=\"1024\" data-id=\"2365\" src=\"https:\/\/altisk-karcag.hu\/wp-content\/uploads\/2023\/10\/IMG_20231013_143009-771x1024.jpg\" alt=\"\" class=\"wp-image-2365\" srcset=\"https:\/\/altisk-karcag.hu\/wp-content\/uploads\/2023\/10\/IMG_20231013_143009-771x1024.jpg 771w, https:\/\/altisk-karcag.hu\/wp-content\/uploads\/2023\/10\/IMG_20231013_143009-226x300.jpg 226w, https:\/\/altisk-karcag.hu\/wp-content\/uploads\/2023\/10\/IMG_20231013_143009-768x1020.jpg 768w, https:\/\/altisk-karcag.hu\/wp-content\/uploads\/2023\/10\/IMG_20231013_143009-1157x1536.jpg 1157w, https:\/\/altisk-karcag.hu\/wp-content\/uploads\/2023\/10\/IMG_20231013_143009-1542x2048.jpg 1542w, https:\/\/altisk-karcag.hu\/wp-content\/uploads\/2023\/10\/IMG_20231013_143009-264x350.jpg 264w, https:\/\/altisk-karcag.hu\/wp-content\/uploads\/2023\/10\/IMG_20231013_143009-scaled.jpg 1928w\" sizes=\"(max-width: 771px) 100vw, 771px\" \/><\/a><\/figure>\n\n\n\n<figure class=\"wp-block-image size-large is-style-default\"><a href=\"https:\/\/altisk-karcag.hu\/wp-content\/uploads\/2023\/10\/IMG_20230929_141258-scaled.jpg\"><img decoding=\"async\" loading=\"lazy\" width=\"771\" height=\"1024\" data-id=\"2368\" src=\"https:\/\/altisk-karcag.hu\/wp-content\/uploads\/2023\/10\/IMG_20230929_141258-771x1024.jpg\" alt=\"\" class=\"wp-image-2368\" srcset=\"https:\/\/altisk-karcag.hu\/wp-content\/uploads\/2023\/10\/IMG_20230929_141258-771x1024.jpg 771w, https:\/\/altisk-karcag.hu\/wp-content\/uploads\/2023\/10\/IMG_20230929_141258-226x300.jpg 226w, https:\/\/altisk-karcag.hu\/wp-content\/uploads\/2023\/10\/IMG_20230929_141258-768x1020.jpg 768w, https:\/\/altisk-karcag.hu\/wp-content\/uploads\/2023\/10\/IMG_20230929_141258-1157x1536.jpg 1157w, https:\/\/altisk-karcag.hu\/wp-content\/uploads\/2023\/10\/IMG_20230929_141258-1542x2048.jpg 1542w, https:\/\/altisk-karcag.hu\/wp-content\/uploads\/2023\/10\/IMG_20230929_141258-264x350.jpg 264w, https:\/\/altisk-karcag.hu\/wp-content\/uploads\/2023\/10\/IMG_20230929_141258-scaled.jpg 1928w\" sizes=\"(max-width: 771px) 100vw, 771px\" \/><\/a><\/figure>\n\n\n\n<figure class=\"wp-block-image size-large is-style-default\"><a href=\"https:\/\/altisk-karcag.hu\/wp-content\/uploads\/2023\/10\/IMG_20231013_144427-scaled.jpg\"><img decoding=\"async\" loading=\"lazy\" width=\"1024\" height=\"771\" data-id=\"2366\" src=\"https:\/\/altisk-karcag.hu\/wp-content\/uploads\/2023\/10\/IMG_20231013_144427-1024x771.jpg\" alt=\"\" class=\"wp-image-2366\" srcset=\"https:\/\/altisk-karcag.hu\/wp-content\/uploads\/2023\/10\/IMG_20231013_144427-1024x771.jpg 1024w, https:\/\/altisk-karcag.hu\/wp-content\/uploads\/2023\/10\/IMG_20231013_144427-300x226.jpg 300w, https:\/\/altisk-karcag.hu\/wp-content\/uploads\/2023\/10\/IMG_20231013_144427-768x578.jpg 768w, https:\/\/altisk-karcag.hu\/wp-content\/uploads\/2023\/10\/IMG_20231013_144427-1536x1157.jpg 1536w, https:\/\/altisk-karcag.hu\/wp-content\/uploads\/2023\/10\/IMG_20231013_144427-2048x1542.jpg 2048w, https:\/\/altisk-karcag.hu\/wp-content\/uploads\/2023\/10\/IMG_20231013_144427-465x350.jpg 465w\" sizes=\"(max-width: 1024px) 100vw, 1024px\" \/><\/a><\/figure>\n\n\n\n<figure class=\"wp-block-image size-large is-style-default\"><a href=\"https:\/\/altisk-karcag.hu\/wp-content\/uploads\/2023\/10\/IMG_20230915_142404-scaled.jpg\"><img decoding=\"async\" loading=\"lazy\" width=\"771\" height=\"1024\" data-id=\"2369\" src=\"https:\/\/altisk-karcag.hu\/wp-content\/uploads\/2023\/10\/IMG_20230915_142404-771x1024.jpg\" alt=\"\" class=\"wp-image-2369\" srcset=\"https:\/\/altisk-karcag.hu\/wp-content\/uploads\/2023\/10\/IMG_20230915_142404-771x1024.jpg 771w, https:\/\/altisk-karcag.hu\/wp-content\/uploads\/2023\/10\/IMG_20230915_142404-226x300.jpg 226w, https:\/\/altisk-karcag.hu\/wp-content\/uploads\/2023\/10\/IMG_20230915_142404-768x1020.jpg 768w, https:\/\/altisk-karcag.hu\/wp-content\/uploads\/2023\/10\/IMG_20230915_142404-1157x1536.jpg 1157w, https:\/\/altisk-karcag.hu\/wp-content\/uploads\/2023\/10\/IMG_20230915_142404-1542x2048.jpg 1542w, https:\/\/altisk-karcag.hu\/wp-content\/uploads\/2023\/10\/IMG_20230915_142404-264x350.jpg 264w, https:\/\/altisk-karcag.hu\/wp-content\/uploads\/2023\/10\/IMG_20230915_142404-scaled.jpg 1928w\" sizes=\"(max-width: 771px) 100vw, 771px\" \/><\/a><\/figure>\n\n\n\n<figure class=\"wp-block-image size-large is-style-default\"><a href=\"https:\/\/altisk-karcag.hu\/wp-content\/uploads\/2023\/10\/IMG_20230915_142332-scaled.jpg\"><img decoding=\"async\" loading=\"lazy\" width=\"771\" height=\"1024\" data-id=\"2364\" src=\"https:\/\/altisk-karcag.hu\/wp-content\/uploads\/2023\/10\/IMG_20230915_142332-771x1024.jpg\" alt=\"\" class=\"wp-image-2364\" srcset=\"https:\/\/altisk-karcag.hu\/wp-content\/uploads\/2023\/10\/IMG_20230915_142332-771x1024.jpg 771w, https:\/\/altisk-karcag.hu\/wp-content\/uploads\/2023\/10\/IMG_20230915_142332-226x300.jpg 226w, https:\/\/altisk-karcag.hu\/wp-content\/uploads\/2023\/10\/IMG_20230915_142332-768x1020.jpg 768w, https:\/\/altisk-karcag.hu\/wp-content\/uploads\/2023\/10\/IMG_20230915_142332-1157x1536.jpg 1157w, https:\/\/altisk-karcag.hu\/wp-content\/uploads\/2023\/10\/IMG_20230915_142332-1542x2048.jpg 1542w, https:\/\/altisk-karcag.hu\/wp-content\/uploads\/2023\/10\/IMG_20230915_142332-264x350.jpg 264w, https:\/\/altisk-karcag.hu\/wp-content\/uploads\/2023\/10\/IMG_20230915_142332-scaled.jpg 1928w\" sizes=\"(max-width: 771px) 100vw, 771px\" \/><\/a><\/figure>\n\n\n\n<figure class=\"wp-block-image size-large is-style-default\"><a href=\"https:\/\/altisk-karcag.hu\/wp-content\/uploads\/2023\/10\/IMG_20230915_143030-scaled.jpg\"><img decoding=\"async\" loading=\"lazy\" width=\"771\" height=\"1024\" data-id=\"2367\" src=\"https:\/\/altisk-karcag.hu\/wp-content\/uploads\/2023\/10\/IMG_20230915_143030-771x1024.jpg\" alt=\"\" class=\"wp-image-2367\" srcset=\"https:\/\/altisk-karcag.hu\/wp-content\/uploads\/2023\/10\/IMG_20230915_143030-771x1024.jpg 771w, https:\/\/altisk-karcag.hu\/wp-content\/uploads\/2023\/10\/IMG_20230915_143030-226x300.jpg 226w, https:\/\/altisk-karcag.hu\/wp-content\/uploads\/2023\/10\/IMG_20230915_143030-768x1020.jpg 768w, https:\/\/altisk-karcag.hu\/wp-content\/uploads\/2023\/10\/IMG_20230915_143030-1157x1536.jpg 1157w, https:\/\/altisk-karcag.hu\/wp-content\/uploads\/2023\/10\/IMG_20230915_143030-1542x2048.jpg 1542w, https:\/\/altisk-karcag.hu\/wp-content\/uploads\/2023\/10\/IMG_20230915_143030-264x350.jpg 264w, https:\/\/altisk-karcag.hu\/wp-content\/uploads\/2023\/10\/IMG_20230915_143030-scaled.jpg 1928w\" sizes=\"(max-width: 771px) 100vw, 771px\" \/><\/a><\/figure>\n\n\n\n<figure class=\"wp-block-image size-large is-style-default\"><a href=\"https:\/\/altisk-karcag.hu\/wp-content\/uploads\/2023\/10\/IMG_20230908_142249-scaled.jpg\"><img decoding=\"async\" loading=\"lazy\" width=\"771\" height=\"1024\" data-id=\"2363\" src=\"https:\/\/altisk-karcag.hu\/wp-content\/uploads\/2023\/10\/IMG_20230908_142249-771x1024.jpg\" alt=\"\" class=\"wp-image-2363\" srcset=\"https:\/\/altisk-karcag.hu\/wp-content\/uploads\/2023\/10\/IMG_20230908_142249-771x1024.jpg 771w, https:\/\/altisk-karcag.hu\/wp-content\/uploads\/2023\/10\/IMG_20230908_142249-226x300.jpg 226w, https:\/\/altisk-karcag.hu\/wp-content\/uploads\/2023\/10\/IMG_20230908_142249-768x1020.jpg 768w, https:\/\/altisk-karcag.hu\/wp-content\/uploads\/2023\/10\/IMG_20230908_142249-1157x1536.jpg 1157w, https:\/\/altisk-karcag.hu\/wp-content\/uploads\/2023\/10\/IMG_20230908_142249-1542x2048.jpg 1542w, https:\/\/altisk-karcag.hu\/wp-content\/uploads\/2023\/10\/IMG_20230908_142249-264x350.jpg 264w, https:\/\/altisk-karcag.hu\/wp-content\/uploads\/2023\/10\/IMG_20230908_142249-scaled.jpg 1928w\" sizes=\"(max-width: 771px) 100vw, 771px\" \/><\/a><\/figure>\n<\/figure>\n","protected":false},"excerpt":{"rendered":"<p>Iskolakert\u00fcnk gondoz\u00e1s\u00e1t a kertszakk\u00f6rre j\u00e1r\u00f3 tanul\u00f3ink nagy lelkesed\u00e9ssel v\u00e9gzik. \u0150szitev\u00e9kenys\u00e9geink sor\u00e1n hagymamagot, sarjhagym\u00e1t szedt\u00fcnk, betakar\u00edtottuk a lilahagym\u00e1t,v\u00f6r\u00f6shagym\u00e1t, c\u00e9kl\u00e1t. A szakk\u00f6rre j\u00e1r\u00f3 r\u00e9gi-\u00e9s \u00faj tagok megismerkedtek a munka-\u00e9s balesetv\u00e9delmiszab\u00e1lyokkal. \u0150szi talajmunk\u00e1latok ut\u00e1n \u0151szi fokhagym\u00e1t \u00fcltett\u00fcnk, gy\u00f3gy-\u00e9s f\u0171szern\u00f6v\u00e9ny sarkunkat,eper\u00e1gy\u00e1sunkat gyomtalan\u00edtottuk. Az udvaron \u00f6sszegerebly\u00e9zett levelekkel, gallyakkalkomposzt\u00e1l\u00f3nk tartalm\u00e1t b\u0151v\u00edtett\u00fck. C\u00e9ljaink k\u00f6z\u00f6tt szerepel tov\u00e1bbi haszonn\u00f6v\u00e9nyek &hellip;<\/p>\n","protected":false},"author":1,"featured_media":0,"comment_status":"closed","ping_status":"closed","sticky":false,"template":"","format":"standard","meta":{"footnotes":""},"categories":[20,10],"tags":[],"_links":{"self":[{"href":"https:\/\/altisk-karcag.hu\/index.php?rest_route=\/wp\/v2\/posts\/2362"}],"collection":[{"href":"https:\/\/altisk-karcag.hu\/index.php?rest_route=\/wp\/v2\/posts"}],"about":[{"href":"https:\/\/altisk-karcag.hu\/index.php?rest_route=\/wp\/v2\/types\/post"}],"author":[{"embeddable":true,"href":"https:\/\/altisk-karcag.hu\/index.php?rest_route=\/wp\/v2\/users\/1"}],"replies":[{"embeddable":true,"href":"https:\/\/altisk-karcag.hu\/index.php?rest_route=%2Fwp%2Fv2%2Fcomments&post=2362"}],"version-history":[{"count":1,"href":"https:\/\/altisk-karcag.hu\/index.php?rest_route=\/wp\/v2\/posts\/2362\/revisions"}],"predecessor-version":[{"id":2370,"href":"https:\/\/altisk-karcag.hu\/index.php?rest_route=\/wp\/v2\/posts\/2362\/revisions\/2370"}],"wp:attachment":[{"href":"https:\/\/altisk-karcag.hu\/index.php?rest_route=%2Fwp%2Fv2%2Fmedia&parent=2362"}],"wp:term":[{"taxonomy":"category","embeddable":true,"href":"https:\/\/altisk-karcag.hu\/index.php?rest_route=%2Fwp%2Fv2%2Fcategories&post=2362"},{"taxonomy":"post_tag","embeddable":true,"href":"https:\/\/altisk-karcag.hu\/index.php?rest_route=%2Fwp%2Fv2%2Ftags&post=2362"}],"curies":[{"name":"wp","href":"https:\/\/api.w.org\/{rel}","templated":true}]}}