{"id":2331,"date":"2023-10-08T04:51:38","date_gmt":"2023-10-08T04:51:38","guid":{"rendered":"https:\/\/altisk-karcag.hu\/?p=2331"},"modified":"2023-10-11T05:15:10","modified_gmt":"2023-10-11T05:15:10","slug":"1-helyezett-lett-az-iskolakertunk","status":"publish","type":"post","link":"https:\/\/altisk-karcag.hu\/?p=2331","title":{"rendered":"1. helyezett lett az iskolakert\u00fcnk!"},"content":{"rendered":"\n<p>Gratul\u00e1lok N\u00e9memethn\u00e9 Nagy Julianna tan\u00edt\u00f3n\u0151nek \u00e9s a kert szakk\u00f6r tagjainak, hogy a Magyarorsz\u00e1g legszebb konyhakertjei orsz\u00e1gos program 2023. \u00e9vi helyi verseny\u00e9ben a szakmai zs\u0171ri d\u00f6nt\u00e9se alapj\u00e1n K\u00f6z\u00f6ss\u00e9gi kateg\u00f3ri\u00e1ban 1. helyez\u00e9st \u00e9rtek el.<br>Az Iskolakert program tov\u00e1bbi megval\u00f3s\u00edt\u00e1s\u00e1hoz sok sikert \u00e9s tov\u00e1bbi lelkes di\u00e1kokokat k\u00edv\u00e1nok, hogy min\u00e9l t\u00f6bben szerezzenek j\u00e1rtass\u00e1got a konyhakert\u00e9szked\u00e9sben.<br><br>T\u00f6r\u00f6k Csilla<br>tagint\u00e9zm\u00e9ny igazgat\u00f3<\/p>\n\n\n\n<figure class=\"wp-block-gallery has-nested-images columns-default is-cropped wp-block-gallery-1 is-layout-flex wp-block-gallery-is-layout-flex\">\n<figure class=\"wp-block-image size-large is-style-default\"><a href=\"https:\/\/altisk-karcag.hu\/wp-content\/uploads\/2023\/10\/01-8.jpg\"><img decoding=\"async\" loading=\"lazy\" width=\"677\" height=\"1024\" data-id=\"2334\" src=\"https:\/\/altisk-karcag.hu\/wp-content\/uploads\/2023\/10\/01-8-677x1024.jpg\" alt=\"\" class=\"wp-image-2334\" srcset=\"https:\/\/altisk-karcag.hu\/wp-content\/uploads\/2023\/10\/01-8-677x1024.jpg 677w, https:\/\/altisk-karcag.hu\/wp-content\/uploads\/2023\/10\/01-8-198x300.jpg 198w, https:\/\/altisk-karcag.hu\/wp-content\/uploads\/2023\/10\/01-8-768x1161.jpg 768w, https:\/\/altisk-karcag.hu\/wp-content\/uploads\/2023\/10\/01-8-1016x1536.jpg 1016w, https:\/\/altisk-karcag.hu\/wp-content\/uploads\/2023\/10\/01-8-231x350.jpg 231w, https:\/\/altisk-karcag.hu\/wp-content\/uploads\/2023\/10\/01-8.jpg 1189w\" sizes=\"(max-width: 677px) 100vw, 677px\" \/><\/a><\/figure>\n\n\n\n<figure class=\"wp-block-image size-large is-style-default\"><a href=\"https:\/\/altisk-karcag.hu\/wp-content\/uploads\/2023\/10\/02-8.jpg\"><img decoding=\"async\" loading=\"lazy\" width=\"768\" height=\"1024\" data-id=\"2335\" src=\"https:\/\/altisk-karcag.hu\/wp-content\/uploads\/2023\/10\/02-8-768x1024.jpg\" alt=\"\" class=\"wp-image-2335\" srcset=\"https:\/\/altisk-karcag.hu\/wp-content\/uploads\/2023\/10\/02-8-768x1024.jpg 768w, https:\/\/altisk-karcag.hu\/wp-content\/uploads\/2023\/10\/02-8-225x300.jpg 225w, https:\/\/altisk-karcag.hu\/wp-content\/uploads\/2023\/10\/02-8-1152x1536.jpg 1152w, https:\/\/altisk-karcag.hu\/wp-content\/uploads\/2023\/10\/02-8-263x350.jpg 263w, https:\/\/altisk-karcag.hu\/wp-content\/uploads\/2023\/10\/02-8.jpg 1301w\" sizes=\"(max-width: 768px) 100vw, 768px\" \/><\/a><\/figure>\n\n\n\n<figure class=\"wp-block-image size-large is-style-default\"><a href=\"https:\/\/altisk-karcag.hu\/wp-content\/uploads\/2023\/10\/03-8.jpg\"><img decoding=\"async\" loading=\"lazy\" width=\"1024\" height=\"680\" data-id=\"2336\" src=\"https:\/\/altisk-karcag.hu\/wp-content\/uploads\/2023\/10\/03-8-1024x680.jpg\" alt=\"\" class=\"wp-image-2336\" srcset=\"https:\/\/altisk-karcag.hu\/wp-content\/uploads\/2023\/10\/03-8-1024x680.jpg 1024w, https:\/\/altisk-karcag.hu\/wp-content\/uploads\/2023\/10\/03-8-300x199.jpg 300w, https:\/\/altisk-karcag.hu\/wp-content\/uploads\/2023\/10\/03-8-768x510.jpg 768w, https:\/\/altisk-karcag.hu\/wp-content\/uploads\/2023\/10\/03-8-1536x1021.jpg 1536w, https:\/\/altisk-karcag.hu\/wp-content\/uploads\/2023\/10\/03-8-527x350.jpg 527w, https:\/\/altisk-karcag.hu\/wp-content\/uploads\/2023\/10\/03-8.jpg 1842w\" sizes=\"(max-width: 1024px) 100vw, 1024px\" \/><\/a><\/figure>\n\n\n\n<figure class=\"wp-block-image size-large is-style-default\"><a href=\"https:\/\/altisk-karcag.hu\/wp-content\/uploads\/2023\/10\/04-8.jpg\"><img decoding=\"async\" loading=\"lazy\" width=\"1024\" height=\"768\" data-id=\"2337\" src=\"https:\/\/altisk-karcag.hu\/wp-content\/uploads\/2023\/10\/04-8-1024x768.jpg\" alt=\"\" class=\"wp-image-2337\" srcset=\"https:\/\/altisk-karcag.hu\/wp-content\/uploads\/2023\/10\/04-8-1024x768.jpg 1024w, https:\/\/altisk-karcag.hu\/wp-content\/uploads\/2023\/10\/04-8-300x225.jpg 300w, https:\/\/altisk-karcag.hu\/wp-content\/uploads\/2023\/10\/04-8-768x576.jpg 768w, https:\/\/altisk-karcag.hu\/wp-content\/uploads\/2023\/10\/04-8-1536x1152.jpg 1536w, https:\/\/altisk-karcag.hu\/wp-content\/uploads\/2023\/10\/04-8-466x350.jpg 466w, https:\/\/altisk-karcag.hu\/wp-content\/uploads\/2023\/10\/04-8.jpg 1734w\" sizes=\"(max-width: 1024px) 100vw, 1024px\" \/><\/a><\/figure>\n\n\n\n<figure class=\"wp-block-image size-large is-style-default\"><a href=\"https:\/\/altisk-karcag.hu\/wp-content\/uploads\/2023\/10\/05-3.jpg\"><img decoding=\"async\" loading=\"lazy\" width=\"1024\" height=\"768\" data-id=\"2332\" src=\"https:\/\/altisk-karcag.hu\/wp-content\/uploads\/2023\/10\/05-3-1024x768.jpg\" alt=\"\" class=\"wp-image-2332\" srcset=\"https:\/\/altisk-karcag.hu\/wp-content\/uploads\/2023\/10\/05-3-1024x768.jpg 1024w, https:\/\/altisk-karcag.hu\/wp-content\/uploads\/2023\/10\/05-3-300x225.jpg 300w, https:\/\/altisk-karcag.hu\/wp-content\/uploads\/2023\/10\/05-3-768x576.jpg 768w, https:\/\/altisk-karcag.hu\/wp-content\/uploads\/2023\/10\/05-3-1536x1152.jpg 1536w, https:\/\/altisk-karcag.hu\/wp-content\/uploads\/2023\/10\/05-3-467x350.jpg 467w, https:\/\/altisk-karcag.hu\/wp-content\/uploads\/2023\/10\/05-3.jpg 2048w\" sizes=\"(max-width: 1024px) 100vw, 1024px\" \/><\/a><\/figure>\n\n\n\n<figure class=\"wp-block-image size-large is-style-default\"><a href=\"https:\/\/altisk-karcag.hu\/wp-content\/uploads\/2023\/10\/06-3.jpg\"><img decoding=\"async\" loading=\"lazy\" width=\"1024\" height=\"683\" data-id=\"2333\" src=\"https:\/\/altisk-karcag.hu\/wp-content\/uploads\/2023\/10\/06-3-1024x683.jpg\" alt=\"\" class=\"wp-image-2333\" srcset=\"https:\/\/altisk-karcag.hu\/wp-content\/uploads\/2023\/10\/06-3-1024x683.jpg 1024w, https:\/\/altisk-karcag.hu\/wp-content\/uploads\/2023\/10\/06-3-300x200.jpg 300w, https:\/\/altisk-karcag.hu\/wp-content\/uploads\/2023\/10\/06-3-768x512.jpg 768w, https:\/\/altisk-karcag.hu\/wp-content\/uploads\/2023\/10\/06-3-525x350.jpg 525w, https:\/\/altisk-karcag.hu\/wp-content\/uploads\/2023\/10\/06-3.jpg 1080w\" sizes=\"(max-width: 1024px) 100vw, 1024px\" \/><\/a><\/figure>\n<\/figure>\n","protected":false},"excerpt":{"rendered":"<p>Gratul\u00e1lok N\u00e9memethn\u00e9 Nagy Julianna tan\u00edt\u00f3n\u0151nek \u00e9s a kert szakk\u00f6r tagjainak, hogy a Magyarorsz\u00e1g legszebb konyhakertjei orsz\u00e1gos program 2023. \u00e9vi helyi verseny\u00e9ben a szakmai zs\u0171ri d\u00f6nt\u00e9se alapj\u00e1n K\u00f6z\u00f6ss\u00e9gi kateg\u00f3ri\u00e1ban 1. helyez\u00e9st \u00e9rtek el.Az Iskolakert program tov\u00e1bbi megval\u00f3s\u00edt\u00e1s\u00e1hoz sok sikert \u00e9s tov\u00e1bbi lelkes di\u00e1kokokat k\u00edv\u00e1nok, hogy min\u00e9l t\u00f6bben szerezzenek j\u00e1rtass\u00e1got a konyhakert\u00e9szked\u00e9sben. &hellip;<\/p>\n","protected":false},"author":1,"featured_media":2332,"comment_status":"closed","ping_status":"closed","sticky":false,"template":"","format":"standard","meta":{"footnotes":""},"categories":[20,10],"tags":[],"_links":{"self":[{"href":"https:\/\/altisk-karcag.hu\/index.php?rest_route=\/wp\/v2\/posts\/2331"}],"collection":[{"href":"https:\/\/altisk-karcag.hu\/index.php?rest_route=\/wp\/v2\/posts"}],"about":[{"href":"https:\/\/altisk-karcag.hu\/index.php?rest_route=\/wp\/v2\/types\/post"}],"author":[{"embeddable":true,"href":"https:\/\/altisk-karcag.hu\/index.php?rest_route=\/wp\/v2\/users\/1"}],"replies":[{"embeddable":true,"href":"https:\/\/altisk-karcag.hu\/index.php?rest_route=%2Fwp%2Fv2%2Fcomments&post=2331"}],"version-history":[{"count":1,"href":"https:\/\/altisk-karcag.hu\/index.php?rest_route=\/wp\/v2\/posts\/2331\/revisions"}],"predecessor-version":[{"id":2338,"href":"https:\/\/altisk-karcag.hu\/index.php?rest_route=\/wp\/v2\/posts\/2331\/revisions\/2338"}],"wp:featuredmedia":[{"embeddable":true,"href":"https:\/\/altisk-karcag.hu\/index.php?rest_route=\/wp\/v2\/media\/2332"}],"wp:attachment":[{"href":"https:\/\/altisk-karcag.hu\/index.php?rest_route=%2Fwp%2Fv2%2Fmedia&parent=2331"}],"wp:term":[{"taxonomy":"category","embeddable":true,"href":"https:\/\/altisk-karcag.hu\/index.php?rest_route=%2Fwp%2Fv2%2Fcategories&post=2331"},{"taxonomy":"post_tag","embeddable":true,"href":"https:\/\/altisk-karcag.hu\/index.php?rest_route=%2Fwp%2Fv2%2Ftags&post=2331"}],"curies":[{"name":"wp","href":"https:\/\/api.w.org\/{rel}","templated":true}]}}