{"id":2323,"date":"2023-10-06T04:44:02","date_gmt":"2023-10-06T04:44:02","guid":{"rendered":"https:\/\/altisk-karcag.hu\/?p=2323"},"modified":"2023-10-11T04:50:45","modified_gmt":"2023-10-11T04:50:45","slug":"oktober-6-ai-megemlekezes-a-kovatsban","status":"publish","type":"post","link":"https:\/\/altisk-karcag.hu\/?p=2323","title":{"rendered":"Okt\u00f3ber 6-ai megeml\u00e9kez\u00e9s a Kov\u00e1tsban"},"content":{"rendered":"\n<p><\/p>\n\n\n\n<p>Iskol\u00e1nk als\u00f3sai, fels\u0151sei \u00e9s pedag\u00f3gusai m\u00e9lt\u00f3k\u00e9pp megeml\u00e9keztek az 1849. okt\u00f3ber 6-i esem\u00e9nyekr\u0151l.<br>Aradi V\u00e9rtan\u00fak Eml\u00e9knapja<br>K\u00f6sz\u00f6nj\u00fck a tanul\u00f3knak \u00e9s a felk\u00e9sz\u00edt\u0151 pedag\u00f3gusnak: Szab\u00f3n\u00e9 Serf\u0151z\u0151 Helg\u00e1nak a megeml\u00e9kez\u0151 m\u0171sort!<\/p>\n\n\n\n<p>A Kiskulcsosi di\u00e1kok is megeml\u00e9keztek \u00e9s d\u00e9lut\u00e1n r\u00e9szt vettek az aradi h\u0151s\u00f6k tisztelet\u00e9re rendezett koszor\u00faz\u00e1son.<\/p>\n\n\n\n<figure class=\"wp-block-gallery has-nested-images columns-default is-cropped wp-block-gallery-1 is-layout-flex wp-block-gallery-is-layout-flex\">\n<figure class=\"wp-block-image size-large is-style-default\"><a href=\"https:\/\/altisk-karcag.hu\/wp-content\/uploads\/2023\/10\/01-7.jpg\"><img decoding=\"async\" loading=\"lazy\" width=\"1024\" height=\"726\" data-id=\"2328\" src=\"https:\/\/altisk-karcag.hu\/wp-content\/uploads\/2023\/10\/01-7-1024x726.jpg\" alt=\"\" class=\"wp-image-2328\" srcset=\"https:\/\/altisk-karcag.hu\/wp-content\/uploads\/2023\/10\/01-7-1024x726.jpg 1024w, https:\/\/altisk-karcag.hu\/wp-content\/uploads\/2023\/10\/01-7-300x213.jpg 300w, https:\/\/altisk-karcag.hu\/wp-content\/uploads\/2023\/10\/01-7-768x544.jpg 768w, https:\/\/altisk-karcag.hu\/wp-content\/uploads\/2023\/10\/01-7-1536x1088.jpg 1536w, https:\/\/altisk-karcag.hu\/wp-content\/uploads\/2023\/10\/01-7-494x350.jpg 494w, https:\/\/altisk-karcag.hu\/wp-content\/uploads\/2023\/10\/01-7.jpg 2048w\" sizes=\"(max-width: 1024px) 100vw, 1024px\" \/><\/a><\/figure>\n\n\n\n<figure class=\"wp-block-image size-large is-style-default\"><a href=\"https:\/\/altisk-karcag.hu\/wp-content\/uploads\/2023\/10\/02-7.jpg\"><img decoding=\"async\" loading=\"lazy\" width=\"1024\" height=\"575\" data-id=\"2329\" src=\"https:\/\/altisk-karcag.hu\/wp-content\/uploads\/2023\/10\/02-7-1024x575.jpg\" alt=\"\" class=\"wp-image-2329\" srcset=\"https:\/\/altisk-karcag.hu\/wp-content\/uploads\/2023\/10\/02-7-1024x575.jpg 1024w, https:\/\/altisk-karcag.hu\/wp-content\/uploads\/2023\/10\/02-7-300x168.jpg 300w, https:\/\/altisk-karcag.hu\/wp-content\/uploads\/2023\/10\/02-7-768x431.jpg 768w, https:\/\/altisk-karcag.hu\/wp-content\/uploads\/2023\/10\/02-7-1536x863.jpg 1536w, https:\/\/altisk-karcag.hu\/wp-content\/uploads\/2023\/10\/02-7-623x350.jpg 623w, https:\/\/altisk-karcag.hu\/wp-content\/uploads\/2023\/10\/02-7.jpg 2048w\" sizes=\"(max-width: 1024px) 100vw, 1024px\" \/><\/a><\/figure>\n\n\n\n<figure class=\"wp-block-image size-large is-style-default\"><a href=\"https:\/\/altisk-karcag.hu\/wp-content\/uploads\/2023\/10\/03-7.jpg\"><img decoding=\"async\" loading=\"lazy\" width=\"1024\" height=\"575\" data-id=\"2327\" src=\"https:\/\/altisk-karcag.hu\/wp-content\/uploads\/2023\/10\/03-7-1024x575.jpg\" alt=\"\" class=\"wp-image-2327\" srcset=\"https:\/\/altisk-karcag.hu\/wp-content\/uploads\/2023\/10\/03-7-1024x575.jpg 1024w, https:\/\/altisk-karcag.hu\/wp-content\/uploads\/2023\/10\/03-7-300x168.jpg 300w, https:\/\/altisk-karcag.hu\/wp-content\/uploads\/2023\/10\/03-7-768x431.jpg 768w, https:\/\/altisk-karcag.hu\/wp-content\/uploads\/2023\/10\/03-7-1536x863.jpg 1536w, https:\/\/altisk-karcag.hu\/wp-content\/uploads\/2023\/10\/03-7-623x350.jpg 623w, https:\/\/altisk-karcag.hu\/wp-content\/uploads\/2023\/10\/03-7.jpg 2048w\" sizes=\"(max-width: 1024px) 100vw, 1024px\" \/><\/a><\/figure>\n\n\n\n<figure class=\"wp-block-image size-large is-style-default\"><a href=\"https:\/\/altisk-karcag.hu\/wp-content\/uploads\/2023\/10\/04-7.jpg\"><img decoding=\"async\" loading=\"lazy\" width=\"1024\" height=\"575\" data-id=\"2326\" src=\"https:\/\/altisk-karcag.hu\/wp-content\/uploads\/2023\/10\/04-7-1024x575.jpg\" alt=\"\" class=\"wp-image-2326\" srcset=\"https:\/\/altisk-karcag.hu\/wp-content\/uploads\/2023\/10\/04-7-1024x575.jpg 1024w, https:\/\/altisk-karcag.hu\/wp-content\/uploads\/2023\/10\/04-7-300x168.jpg 300w, https:\/\/altisk-karcag.hu\/wp-content\/uploads\/2023\/10\/04-7-768x431.jpg 768w, https:\/\/altisk-karcag.hu\/wp-content\/uploads\/2023\/10\/04-7-1536x863.jpg 1536w, https:\/\/altisk-karcag.hu\/wp-content\/uploads\/2023\/10\/04-7-623x350.jpg 623w, https:\/\/altisk-karcag.hu\/wp-content\/uploads\/2023\/10\/04-7.jpg 2048w\" sizes=\"(max-width: 1024px) 100vw, 1024px\" \/><\/a><\/figure>\n\n\n\n<figure class=\"wp-block-image size-large is-style-default\"><a href=\"https:\/\/altisk-karcag.hu\/wp-content\/uploads\/2023\/10\/05-2.jpg\"><img decoding=\"async\" loading=\"lazy\" width=\"1024\" height=\"683\" data-id=\"2324\" src=\"https:\/\/altisk-karcag.hu\/wp-content\/uploads\/2023\/10\/05-2-1024x683.jpg\" alt=\"\" class=\"wp-image-2324\" srcset=\"https:\/\/altisk-karcag.hu\/wp-content\/uploads\/2023\/10\/05-2-1024x683.jpg 1024w, https:\/\/altisk-karcag.hu\/wp-content\/uploads\/2023\/10\/05-2-300x200.jpg 300w, https:\/\/altisk-karcag.hu\/wp-content\/uploads\/2023\/10\/05-2-768x512.jpg 768w, https:\/\/altisk-karcag.hu\/wp-content\/uploads\/2023\/10\/05-2-525x350.jpg 525w, https:\/\/altisk-karcag.hu\/wp-content\/uploads\/2023\/10\/05-2.jpg 1124w\" sizes=\"(max-width: 1024px) 100vw, 1024px\" \/><\/a><\/figure>\n\n\n\n<figure class=\"wp-block-image size-large is-style-default\"><a href=\"https:\/\/altisk-karcag.hu\/wp-content\/uploads\/2023\/10\/06-2.jpg\"><img decoding=\"async\" loading=\"lazy\" width=\"576\" height=\"1024\" data-id=\"2325\" src=\"https:\/\/altisk-karcag.hu\/wp-content\/uploads\/2023\/10\/06-2-576x1024.jpg\" alt=\"\" class=\"wp-image-2325\" srcset=\"https:\/\/altisk-karcag.hu\/wp-content\/uploads\/2023\/10\/06-2-576x1024.jpg 576w, https:\/\/altisk-karcag.hu\/wp-content\/uploads\/2023\/10\/06-2-169x300.jpg 169w, https:\/\/altisk-karcag.hu\/wp-content\/uploads\/2023\/10\/06-2-768x1365.jpg 768w, https:\/\/altisk-karcag.hu\/wp-content\/uploads\/2023\/10\/06-2-864x1536.jpg 864w, https:\/\/altisk-karcag.hu\/wp-content\/uploads\/2023\/10\/06-2-197x350.jpg 197w, https:\/\/altisk-karcag.hu\/wp-content\/uploads\/2023\/10\/06-2.jpg 1080w\" sizes=\"(max-width: 576px) 100vw, 576px\" \/><\/a><\/figure>\n<\/figure>\n","protected":false},"excerpt":{"rendered":"<p>Iskol\u00e1nk als\u00f3sai, fels\u0151sei \u00e9s pedag\u00f3gusai m\u00e9lt\u00f3k\u00e9pp megeml\u00e9keztek az 1849. okt\u00f3ber 6-i esem\u00e9nyekr\u0151l.Aradi V\u00e9rtan\u00fak Eml\u00e9knapjaK\u00f6sz\u00f6nj\u00fck a tanul\u00f3knak \u00e9s a felk\u00e9sz\u00edt\u0151 pedag\u00f3gusnak: Szab\u00f3n\u00e9 Serf\u0151z\u0151 Helg\u00e1nak a megeml\u00e9kez\u0151 m\u0171sort! A Kiskulcsosi di\u00e1kok is megeml\u00e9keztek \u00e9s d\u00e9lut\u00e1n r\u00e9szt vettek az aradi h\u0151s\u00f6k tisztelet\u00e9re rendezett koszor\u00faz\u00e1son.<\/p>\n","protected":false},"author":1,"featured_media":2328,"comment_status":"closed","ping_status":"closed","sticky":false,"template":"","format":"standard","meta":{"footnotes":""},"categories":[9,10,11],"tags":[],"_links":{"self":[{"href":"https:\/\/altisk-karcag.hu\/index.php?rest_route=\/wp\/v2\/posts\/2323"}],"collection":[{"href":"https:\/\/altisk-karcag.hu\/index.php?rest_route=\/wp\/v2\/posts"}],"about":[{"href":"https:\/\/altisk-karcag.hu\/index.php?rest_route=\/wp\/v2\/types\/post"}],"author":[{"embeddable":true,"href":"https:\/\/altisk-karcag.hu\/index.php?rest_route=\/wp\/v2\/users\/1"}],"replies":[{"embeddable":true,"href":"https:\/\/altisk-karcag.hu\/index.php?rest_route=%2Fwp%2Fv2%2Fcomments&post=2323"}],"version-history":[{"count":1,"href":"https:\/\/altisk-karcag.hu\/index.php?rest_route=\/wp\/v2\/posts\/2323\/revisions"}],"predecessor-version":[{"id":2330,"href":"https:\/\/altisk-karcag.hu\/index.php?rest_route=\/wp\/v2\/posts\/2323\/revisions\/2330"}],"wp:featuredmedia":[{"embeddable":true,"href":"https:\/\/altisk-karcag.hu\/index.php?rest_route=\/wp\/v2\/media\/2328"}],"wp:attachment":[{"href":"https:\/\/altisk-karcag.hu\/index.php?rest_route=%2Fwp%2Fv2%2Fmedia&parent=2323"}],"wp:term":[{"taxonomy":"category","embeddable":true,"href":"https:\/\/altisk-karcag.hu\/index.php?rest_route=%2Fwp%2Fv2%2Fcategories&post=2323"},{"taxonomy":"post_tag","embeddable":true,"href":"https:\/\/altisk-karcag.hu\/index.php?rest_route=%2Fwp%2Fv2%2Ftags&post=2323"}],"curies":[{"name":"wp","href":"https:\/\/api.w.org\/{rel}","templated":true}]}}