{"id":2309,"date":"2023-10-02T03:25:06","date_gmt":"2023-10-02T03:25:06","guid":{"rendered":"https:\/\/altisk-karcag.hu\/?p=2309"},"modified":"2023-10-11T03:27:47","modified_gmt":"2023-10-11T03:27:47","slug":"zenei-vilagnap-a-kovatsban","status":"publish","type":"post","link":"https:\/\/altisk-karcag.hu\/?p=2309","title":{"rendered":"Zenei vil\u00e1gnap a Kov\u00e1tsban"},"content":{"rendered":"\n<p>Als\u00f3saink a Zene vil\u00e1gnapja alkalm\u00e1b\u00f3l 2023. 09. 29-\u00e9n, k\u00f6z\u00f6sen el\u00e9nekeltek n\u00e9h\u00e1ny dalt Patk\u00f3n\u00e9 Erdei Judit vezet\u00e9s\u00e9vel!<br>Sz\u00e9pen sz\u00e1llt a dal iskol\u00e1nk aul\u00e1j\u00e1ban!<br>Fels\u0151seink is \u00e9nekeltek n\u00e9h\u00e1ny dalt a Zene Vil\u00e1gnapja alkalm\u00e1b\u00f3l!<br>Vez\u00e9nyelt: Sz\u0171cs Edit tan\u00e1rn\u0151<\/p>\n\n\n\n<figure class=\"wp-block-gallery has-nested-images columns-default is-cropped wp-block-gallery-1 is-layout-flex wp-block-gallery-is-layout-flex\">\n<figure class=\"wp-block-image size-large is-style-default\"><a href=\"https:\/\/altisk-karcag.hu\/wp-content\/uploads\/2023\/10\/06-1.jpg\"><img decoding=\"async\" loading=\"lazy\" width=\"1024\" height=\"575\" data-id=\"2315\" src=\"https:\/\/altisk-karcag.hu\/wp-content\/uploads\/2023\/10\/06-1-1024x575.jpg\" alt=\"\" class=\"wp-image-2315\" srcset=\"https:\/\/altisk-karcag.hu\/wp-content\/uploads\/2023\/10\/06-1-1024x575.jpg 1024w, https:\/\/altisk-karcag.hu\/wp-content\/uploads\/2023\/10\/06-1-300x168.jpg 300w, https:\/\/altisk-karcag.hu\/wp-content\/uploads\/2023\/10\/06-1-768x431.jpg 768w, https:\/\/altisk-karcag.hu\/wp-content\/uploads\/2023\/10\/06-1-1536x863.jpg 1536w, https:\/\/altisk-karcag.hu\/wp-content\/uploads\/2023\/10\/06-1-623x350.jpg 623w, https:\/\/altisk-karcag.hu\/wp-content\/uploads\/2023\/10\/06-1.jpg 2048w\" sizes=\"(max-width: 1024px) 100vw, 1024px\" \/><\/a><\/figure>\n\n\n\n<figure class=\"wp-block-image size-large is-style-default\"><a href=\"https:\/\/altisk-karcag.hu\/wp-content\/uploads\/2023\/10\/05-1.jpg\"><img decoding=\"async\" loading=\"lazy\" width=\"1024\" height=\"575\" data-id=\"2310\" src=\"https:\/\/altisk-karcag.hu\/wp-content\/uploads\/2023\/10\/05-1-1024x575.jpg\" alt=\"\" class=\"wp-image-2310\" srcset=\"https:\/\/altisk-karcag.hu\/wp-content\/uploads\/2023\/10\/05-1-1024x575.jpg 1024w, https:\/\/altisk-karcag.hu\/wp-content\/uploads\/2023\/10\/05-1-300x168.jpg 300w, https:\/\/altisk-karcag.hu\/wp-content\/uploads\/2023\/10\/05-1-768x431.jpg 768w, https:\/\/altisk-karcag.hu\/wp-content\/uploads\/2023\/10\/05-1-1536x863.jpg 1536w, https:\/\/altisk-karcag.hu\/wp-content\/uploads\/2023\/10\/05-1-623x350.jpg 623w, https:\/\/altisk-karcag.hu\/wp-content\/uploads\/2023\/10\/05-1.jpg 2048w\" sizes=\"(max-width: 1024px) 100vw, 1024px\" \/><\/a><\/figure>\n\n\n\n<figure class=\"wp-block-image size-large is-style-default\"><a href=\"https:\/\/altisk-karcag.hu\/wp-content\/uploads\/2023\/10\/04-5.jpg\"><img decoding=\"async\" loading=\"lazy\" width=\"1024\" height=\"575\" data-id=\"2313\" src=\"https:\/\/altisk-karcag.hu\/wp-content\/uploads\/2023\/10\/04-5-1024x575.jpg\" alt=\"\" class=\"wp-image-2313\" srcset=\"https:\/\/altisk-karcag.hu\/wp-content\/uploads\/2023\/10\/04-5-1024x575.jpg 1024w, https:\/\/altisk-karcag.hu\/wp-content\/uploads\/2023\/10\/04-5-300x168.jpg 300w, https:\/\/altisk-karcag.hu\/wp-content\/uploads\/2023\/10\/04-5-768x431.jpg 768w, https:\/\/altisk-karcag.hu\/wp-content\/uploads\/2023\/10\/04-5-1536x863.jpg 1536w, https:\/\/altisk-karcag.hu\/wp-content\/uploads\/2023\/10\/04-5-623x350.jpg 623w, https:\/\/altisk-karcag.hu\/wp-content\/uploads\/2023\/10\/04-5.jpg 2048w\" sizes=\"(max-width: 1024px) 100vw, 1024px\" \/><\/a><\/figure>\n\n\n\n<figure class=\"wp-block-image size-large is-style-default\"><a href=\"https:\/\/altisk-karcag.hu\/wp-content\/uploads\/2023\/10\/03-5.jpg\"><img decoding=\"async\" loading=\"lazy\" width=\"1024\" height=\"575\" data-id=\"2314\" src=\"https:\/\/altisk-karcag.hu\/wp-content\/uploads\/2023\/10\/03-5-1024x575.jpg\" alt=\"\" class=\"wp-image-2314\" srcset=\"https:\/\/altisk-karcag.hu\/wp-content\/uploads\/2023\/10\/03-5-1024x575.jpg 1024w, https:\/\/altisk-karcag.hu\/wp-content\/uploads\/2023\/10\/03-5-300x168.jpg 300w, https:\/\/altisk-karcag.hu\/wp-content\/uploads\/2023\/10\/03-5-768x431.jpg 768w, https:\/\/altisk-karcag.hu\/wp-content\/uploads\/2023\/10\/03-5-1536x863.jpg 1536w, https:\/\/altisk-karcag.hu\/wp-content\/uploads\/2023\/10\/03-5-623x350.jpg 623w, https:\/\/altisk-karcag.hu\/wp-content\/uploads\/2023\/10\/03-5.jpg 2048w\" sizes=\"(max-width: 1024px) 100vw, 1024px\" \/><\/a><\/figure>\n\n\n\n<figure class=\"wp-block-image size-large is-style-default\"><a href=\"https:\/\/altisk-karcag.hu\/wp-content\/uploads\/2023\/10\/02-5.jpg\"><img decoding=\"async\" loading=\"lazy\" width=\"1024\" height=\"575\" data-id=\"2312\" src=\"https:\/\/altisk-karcag.hu\/wp-content\/uploads\/2023\/10\/02-5-1024x575.jpg\" alt=\"\" class=\"wp-image-2312\" srcset=\"https:\/\/altisk-karcag.hu\/wp-content\/uploads\/2023\/10\/02-5-1024x575.jpg 1024w, https:\/\/altisk-karcag.hu\/wp-content\/uploads\/2023\/10\/02-5-300x168.jpg 300w, https:\/\/altisk-karcag.hu\/wp-content\/uploads\/2023\/10\/02-5-768x431.jpg 768w, https:\/\/altisk-karcag.hu\/wp-content\/uploads\/2023\/10\/02-5-1536x863.jpg 1536w, https:\/\/altisk-karcag.hu\/wp-content\/uploads\/2023\/10\/02-5-623x350.jpg 623w, https:\/\/altisk-karcag.hu\/wp-content\/uploads\/2023\/10\/02-5.jpg 2048w\" sizes=\"(max-width: 1024px) 100vw, 1024px\" \/><\/a><\/figure>\n\n\n\n<figure class=\"wp-block-image size-large is-style-default\"><a href=\"https:\/\/altisk-karcag.hu\/wp-content\/uploads\/2023\/10\/01-5.jpg\"><img decoding=\"async\" loading=\"lazy\" width=\"1024\" height=\"575\" data-id=\"2311\" src=\"https:\/\/altisk-karcag.hu\/wp-content\/uploads\/2023\/10\/01-5-1024x575.jpg\" alt=\"\" class=\"wp-image-2311\" srcset=\"https:\/\/altisk-karcag.hu\/wp-content\/uploads\/2023\/10\/01-5-1024x575.jpg 1024w, https:\/\/altisk-karcag.hu\/wp-content\/uploads\/2023\/10\/01-5-300x168.jpg 300w, https:\/\/altisk-karcag.hu\/wp-content\/uploads\/2023\/10\/01-5-768x431.jpg 768w, https:\/\/altisk-karcag.hu\/wp-content\/uploads\/2023\/10\/01-5-1536x863.jpg 1536w, https:\/\/altisk-karcag.hu\/wp-content\/uploads\/2023\/10\/01-5-623x350.jpg 623w, https:\/\/altisk-karcag.hu\/wp-content\/uploads\/2023\/10\/01-5.jpg 2048w\" sizes=\"(max-width: 1024px) 100vw, 1024px\" \/><\/a><\/figure>\n<\/figure>\n","protected":false},"excerpt":{"rendered":"<p>Als\u00f3saink a Zene vil\u00e1gnapja alkalm\u00e1b\u00f3l 2023. 09. 29-\u00e9n, k\u00f6z\u00f6sen el\u00e9nekeltek n\u00e9h\u00e1ny dalt Patk\u00f3n\u00e9 Erdei Judit vezet\u00e9s\u00e9vel!Sz\u00e9pen sz\u00e1llt a dal iskol\u00e1nk aul\u00e1j\u00e1ban!Fels\u0151seink is \u00e9nekeltek n\u00e9h\u00e1ny dalt a Zene Vil\u00e1gnapja alkalm\u00e1b\u00f3l!Vez\u00e9nyelt: Sz\u0171cs Edit tan\u00e1rn\u0151<\/p>\n","protected":false},"author":1,"featured_media":2311,"comment_status":"closed","ping_status":"closed","sticky":false,"template":"","format":"standard","meta":{"footnotes":""},"categories":[9,11],"tags":[],"_links":{"self":[{"href":"https:\/\/altisk-karcag.hu\/index.php?rest_route=\/wp\/v2\/posts\/2309"}],"collection":[{"href":"https:\/\/altisk-karcag.hu\/index.php?rest_route=\/wp\/v2\/posts"}],"about":[{"href":"https:\/\/altisk-karcag.hu\/index.php?rest_route=\/wp\/v2\/types\/post"}],"author":[{"embeddable":true,"href":"https:\/\/altisk-karcag.hu\/index.php?rest_route=\/wp\/v2\/users\/1"}],"replies":[{"embeddable":true,"href":"https:\/\/altisk-karcag.hu\/index.php?rest_route=%2Fwp%2Fv2%2Fcomments&post=2309"}],"version-history":[{"count":1,"href":"https:\/\/altisk-karcag.hu\/index.php?rest_route=\/wp\/v2\/posts\/2309\/revisions"}],"predecessor-version":[{"id":2316,"href":"https:\/\/altisk-karcag.hu\/index.php?rest_route=\/wp\/v2\/posts\/2309\/revisions\/2316"}],"wp:featuredmedia":[{"embeddable":true,"href":"https:\/\/altisk-karcag.hu\/index.php?rest_route=\/wp\/v2\/media\/2311"}],"wp:attachment":[{"href":"https:\/\/altisk-karcag.hu\/index.php?rest_route=%2Fwp%2Fv2%2Fmedia&parent=2309"}],"wp:term":[{"taxonomy":"category","embeddable":true,"href":"https:\/\/altisk-karcag.hu\/index.php?rest_route=%2Fwp%2Fv2%2Fcategories&post=2309"},{"taxonomy":"post_tag","embeddable":true,"href":"https:\/\/altisk-karcag.hu\/index.php?rest_route=%2Fwp%2Fv2%2Ftags&post=2309"}],"curies":[{"name":"wp","href":"https:\/\/api.w.org\/{rel}","templated":true}]}}